{"id":1149,"date":"2020-03-05T00:33:48","date_gmt":"2020-03-04T23:33:48","guid":{"rendered":"http:\/\/www.progettocoscienzacosmica.com\/?p=1149"},"modified":"2022-04-23T00:44:53","modified_gmt":"2022-04-22T22:44:53","slug":"la-lezione-di-atlantide-nei-tempi-moderni","status":"publish","type":"post","link":"https:\/\/www.progettocoscienzacosmica.com\/it\/la-lezione-di-atlantide-nei-tempi-moderni\/","title":{"rendered":"LA LEZIONE DI ATLANTIDE NEI TEMPI MODERNI"},"content":{"rendered":"<p class=\"has-text-align-center\"><em>Cronaca Conferenza \u201cGli Atlantidei e gli Extraterrestri\u201d &#8211; Manno (Lugano)<br>8 febbraio 2020<\/em><\/p>\n\n\n\n<p>L\u2019Arca Svizzera organizza il suo secondo evento, riproponendo la funzionale Sala Aragonite di Manno come location, dopo aver gi\u00e0 ospitato Giorgio Bongiovanni, Pier Giorgio Caria e i ragazzi di Our Voice lo scorso Ottobre.Questa volta Sante Pagano e i ragazzi di Progetto Coscienza Cosmica ospitano Marco Marsili, in una ideale chiusura del cerchio divulgativo sulla realt\u00e0 Cosmica e Spirituale.Nonostante la giovane et\u00e0, Marco \u00e8 ormai un ricercatore, scrittore e divulgatore conosciuto e apprezzato in tutta Italia, la sua agenda prevede conferenze da Palermo a Pordenone, la sua Associazione Culturale \u201cDal Cielo alla Terra Gubbio\u201d \u00e8 un punto di riferimento dell\u2019Opera ed \u00e8 gi\u00e0 in fase di pubblicazione il suo secondo libro su quelli che lui ama definire \u201cI Viandanti delle Stelle\u201d.L\u2019atmosfera \u00e8 carica di entusiasmo, unione e amicizia; ad organizzare l\u2019evento salgono ragazzi da ogni parte d\u2019Italia, ognuno col suo piccolo contributo nel gestire bar, banchetti, logistica e sicurezza. Ritrovarsi di persona dopo l\u2019ultima bellissima esperienza di Ottobre \u00e8 una delle grandi gioie che questi appuntamenti riescono a garantire pi\u00f9 di ogni altro.La prima cosa che si nota di Marco Marsili \u00e8 la sua incredibile e quasi disarmante umilt\u00e0; nonostante sia in qualche modo il protagonista della giornata, quasi non si nota in mezzo alle persone che attendono l\u2019inizio della conferenza: disponibile a qualsiasi domanda, saluto, approccio, non risparmia un sorriso e una parola a nessuno.Questa umilt\u00e0 si accompagna ad una conoscenza e ad una preparazione altrettanto fuori dall\u2019ordinario; bastano poche parole per capire quante ore, quante giornate, quanti anni Marco abbia trascorso nello studio della realt\u00e0 extraterrestre, dei messaggi di Eugenio Siragusa e di Giorgio Bongiovanni, e quanto amore ancora lo spinga a portare questo messaggio a pi\u00f9 persone possibile.<\/p>\n\n\n\n<p>Nella voce e negli occhi di Marco Marsili si riconosce una persona che in una parola si potrebbe definire innamorata.Lo si percepisce quando ricorda il suo primo contatto con due navicelle spaziali sul monte Ingino, da come ringrazia i suoi mentori, da come guarda la sua fidanzata Francesca.Ogni sua parola (anche quelle pi\u00f9 dure e disincantate) \u00e8 ricolma di un amore incondizionato nei confronti del mondo e della creazione, di una speranza e un ottimismo che accendono i cuori dei giovani e non solo.La conferenza si intitola \u201cGli Atlantidei e gli Extraterrestri\u201d, un tema tanto misterioso quanto interessante e attuale.<\/p>\n\n\n\n<p>L\u2019introduzione di Sante Pagano avvicina idealmente due realt\u00e0 dell\u2019Opera giovani e in ascesa&#8230; Marco sta ormai prendendo il testimone dei discepoli diretti di Eugenio Siragusa, Sante \u00e8 alla guida di un progetto di divulgazione (sia sul web che a livello di conferenze) con obbiettivi sempre pi\u00f9 importanti.<br>Atlantide quindi, un popolo e una civilt\u00e0 con cos\u00ec tante affinit\u00e0 col tempo attuale: gli Esseri Cosmici chiamano il pianeta Terra SARAS, che significa \u201cripetizione dell\u2019errore\u201d, e grazie alla ricostruzione fatta dai Maestri Cosmici per mezzo di Eugenio Siragusa possiamo capire chiaramente come la societ\u00e0 attuale stia rifacendo gli stessi errori degli Atlantidei con il rischio di fare la stessa fine.Di Atlantide non \u00e8 rimasta memoria, se non qualche isoletta nella Macaronesia, i dialoghi \u201cCrizia\u201d e \u201cTimeo\u201d di Platone, leggende dei popoli del Sudamerica, della Spagna, dell\u2019Irlanda, del Marocco.Eppure Atlantide per migliaia e migliaia di anni fu il centro di un\u2019evoluzione spirituale, tecnologica e sociale che mai si \u00e8 vista nella storia della Terra, i suoi abitanti \u201calti, robusti e dalla pelle rosa mattone\u201d vissero a stretto contatto con gli Dei Solari e arrivarono ad un passo dall\u2019Integrazione Cosmica, quello che teologicamente viene chiamato \u201cil Regno di Dio\u201d.<\/p>\n\n\n\n<p>Cosa fece sprofondare questa grande civilt\u00e0 negli abissi dell\u2019Atlantico e della memoria storica? Quale fu il grande peccato che 12.500 anni fa fece cadere su questo continente la luna Nibiru, facendo tornare l\u2019uomo ad una condizione primitiva sia a livello materiale che spirituale?Questa \u00e8 la grande lezione che troviamo negli scritti di Eugenio Siragusa e che l\u2019uomo sembra non capire nemmeno oggi.Ci\u00f2 che corruppe gli Atlantidei fu l\u2019orgoglio, la presunzione di poter rigettare le Leggi Universali usando il frutto della loro evoluzione per dominare gli altri popoli; questo port\u00f2 alla degenerazione sessuale, all\u2019uso sconsiderato di energie potentissime a uso bellico, all\u2019uccisione del Grande Saggio di Poseidonia (il cosiddetto \u201cCristo di Atlantide\u201d) e infine alla catastrofe totale.Tracciare un parallelo con i tempi moderni \u00e8 inevitabile e impietoso, ed \u00e8 per questo che l\u2019Opera di Marco Marsili, di Pier Giorgio Caria, di Giorgio Bongiovanni, di Funima, di Our Voice (presente anche in questa occasione con quattro rappresentanti) e di tutte le Arche riveste un compito fondamentale, per portare pi\u00f9 persone possibile alla Conoscenza e fondare la Nuova Umanit\u00e0 che dovr\u00e0 necessariamente sorgere sulle ceneri di questa.&nbsp;<br>Filippo Brogliato<br>5 Marzo 2020<\/p>\n\n\n\n<figure class=\"wp-block-image\"><img decoding=\"async\" src=\"https:\/\/www.thebongiovannifamily.it\/images\/stories\/cronache\/2020\/MARZO\/lugano2.jpg\" alt=\"lugano2\"\/><\/figure>","protected":false},"excerpt":{"rendered":"<p>Cosa fece sprofondare questa grande civilt\u00e0 negli abissi dell\u2019Atlantico e della memoria storica? Quale fu il grande peccato che 12.500 anni fa fece cadere su questo continente la luna Nibiru, facendo tornare l\u2019uomo ad una condizione primitiva sia a livello materiale che spirituale?<\/p>","protected":false},"author":1,"featured_media":1201,"comment_status":"closed","ping_status":"closed","sticky":false,"template":"","format":"standard","meta":{"om_disable_all_campaigns":false,"_monsterinsights_skip_tracking":false,"_monsterinsights_sitenote_active":false,"_monsterinsights_sitenote_note":"","_monsterinsights_sitenote_category":0,"footnotes":""},"categories":[68,1],"tags":[],"class_list":["post-1149","post","type-post","status-publish","format-standard","has-post-thumbnail","hentry","category-cronache","category-senza-categoria"],"aioseo_notices":[],"_links":{"self":[{"href":"https:\/\/www.progettocoscienzacosmica.com\/it\/wp-json\/wp\/v2\/posts\/1149","targetHints":{"allow":["GET"]}}],"collection":[{"href":"https:\/\/www.progettocoscienzacosmica.com\/it\/wp-json\/wp\/v2\/posts"}],"about":[{"href":"https:\/\/www.progettocoscienzacosmica.com\/it\/wp-json\/wp\/v2\/types\/post"}],"author":[{"embeddable":true,"href":"https:\/\/www.progettocoscienzacosmica.com\/it\/wp-json\/wp\/v2\/users\/1"}],"replies":[{"embeddable":true,"href":"https:\/\/www.progettocoscienzacosmica.com\/it\/wp-json\/wp\/v2\/comments?post=1149"}],"version-history":[{"count":4,"href":"https:\/\/www.progettocoscienzacosmica.com\/it\/wp-json\/wp\/v2\/posts\/1149\/revisions"}],"predecessor-version":[{"id":1878,"href":"https:\/\/www.progettocoscienzacosmica.com\/it\/wp-json\/wp\/v2\/posts\/1149\/revisions\/1878"}],"wp:featuredmedia":[{"embeddable":true,"href":"https:\/\/www.progettocoscienzacosmica.com\/it\/wp-json\/wp\/v2\/media\/1201"}],"wp:attachment":[{"href":"https:\/\/www.progettocoscienzacosmica.com\/it\/wp-json\/wp\/v2\/media?parent=1149"}],"wp:term":[{"taxonomy":"category","embeddable":true,"href":"https:\/\/www.progettocoscienzacosmica.com\/it\/wp-json\/wp\/v2\/categories?post=1149"},{"taxonomy":"post_tag","embeddable":true,"href":"https:\/\/www.progettocoscienzacosmica.com\/it\/wp-json\/wp\/v2\/tags?post=1149"}],"curies":[{"name":"wp","href":"https:\/\/api.w.org\/{rel}","templated":true}]}}