{"id":1156,"date":"2020-08-23T00:37:49","date_gmt":"2020-08-22T22:37:49","guid":{"rendered":"http:\/\/www.progettocoscienzacosmica.com\/?p=1156"},"modified":"2022-04-23T00:43:59","modified_gmt":"2022-04-22T22:43:59","slug":"lacrime-damore-di-maria","status":"publish","type":"post","link":"https:\/\/www.progettocoscienzacosmica.com\/it\/lacrime-damore-di-maria\/","title":{"rendered":"UNA MADONNINA DI FATIMA SEMBRA PIANGERE"},"content":{"rendered":"<p class=\"has-text-align-left\" id=\"block-8a4b973b-bb93-444e-b4dd-625bfc0f3a1e\">Arbedo, Svizzera, Gioved\u00ec 20 agosto dell\u2019anno corrente mi reco all\u2019asilo per recuperare Mia Sole e come d\u2019abitudine ci dirigiamo verso il parco, facendo tappa fissa alla statua della Madonnina di Fatima che ogni giorno passiamo a salutare e chiedere benedizione, ma questa volta vengo colpito da un dettaglio, le congiuntive erano ricoperte per intero di una sostanza trasparente, e da l\u00ec partivano due scie lucide scendendo per le cavit\u00e0 orbitali, toccando le guance e incontrandosi al centro del mento a formare un piccolo cumulo di tale sostanza.<\/p>\n\n\n\n<p id=\"block-3066eb96-b810-4858-becb-bfe366cc97a9\">Un dettaglio che prima d\u2019ora non si era mai presentato, ci tengo a sottolineare che conosco molto bene ormai questa statua, e quindi non ho potuto che essermi immediatamente allarmato.<\/p>\n\n\n\n<p id=\"block-25a645d5-0129-477e-bbad-566f15d7a678\">Scatto subito delle foto e contatto Giorgio Bongiovanni, riferendogli l\u2019oggettivit\u00e0 del fatto e sottolineando che sicuramente non era mia intenzione gridare al miracolo ma magari cercare una qualche opzione logica e razionale alla dinamica che avevo a trovarmi di fronte.<\/p>\n\n\n\n<p id=\"block-b0dc81cd-7136-41af-ac9c-82bc664ee774\">\u201cFai delle ulteriori verifiche\u201d mi dice Giorgio \u201cosservala in questi prossimi giorni ed esegui una piccola indagine, vediamo cosa succede\u201d.<\/p>\n\n\n\n<p id=\"block-91b149fe-f847-4cfa-9e09-dfd3f7960752\">Mi adopero fin da subito, contatto la mia amica e vicina di casa Elena e riusciamo a trovare chi si occupa della gestione e della pulizia della Madonnina.<\/p>\n\n\n\n<p id=\"block-fc0b22f7-e18e-4206-82c5-3c5bd7450ab8\">Il giorno dopo e per tre giorni inizio la mia indagine a riguardo.<\/p>\n\n\n\n<p id=\"block-7f66594a-268f-4eae-9427-728b658d1e1a\">Mi reco alla Chiesa pi\u00f9 vicina dove riesco a parlare con un sacrestano e il prete di quartiere, ma purtroppo devo subito notare un atteggiamento molto chiuso e miscredente nonostante io fin da subito e in maniera molto diretta mi sono sempre posto in atteggiamento razionale e aperto a qualsiasi spiegazione che avesse un minimo di ragione logica.<\/p>\n\n\n\n<p id=\"block-d1b97004-d25d-43a4-947a-b3cc3d84c3e0\">\u201cHo visto delle lacrime sul viso della Madonnina di Piazza delle Tre Cupole\u201d dico al sacrestano, il quale mi fissa in silenzio per qualche secondo e mi risponde \u201cio non ho visto nessuna Madonna piangere\u201d.<\/p>\n\n\n\n<p id=\"block-39bcc5a7-4689-49d1-844c-023db920af94\">\u201cQuesta \u00e8 la risposta che dovrei aspettarmi da un uomo di fede che prima ancora dovrebbe essere una persona che usa metodo scientifico e razionale?\u201d ribatto \u201cprima di dare qualsiasi conclusione venga a vedere con me\u201d.<\/p>\n\n\n\n<p id=\"block-44c7aa53-151d-4a5f-807c-d403ab5e2a68\">Da questo scambio di battute sono succeduti vari atteggiamenti di chiusura, mancanti di trasparenza e che non hanno mai trovato una qualche apertura al confronto logico cos\u00ec nel sacrestano come anche nel prete che incontro successivamente su mia richiesta, non contento delle risposte prive di qualsiasi analisi oggettiva.<\/p>\n\n\n\n<p id=\"block-3ecd50f0-171e-4737-8380-b111939e773e\">Successivamente quindi pongo le mie osservazioni al prete, il quale senza neanche ascoltarmi e invitandomi a chiudere la conversazione mi risponde che senza ombra di dubbio la causa \u00e8 imputabile alla cera usata per trattare il legno che si era sciolta per il caldo.<\/p>\n\n\n\n<p id=\"block-a3b81384-05d4-4a2a-8adf-d770f578e6ac\">\u201c\u00c8 possibile\u201d rispondo \u201cora per\u00f2 mi deve spiegare come mai il calore crea questo scioglimento soltanto sugli occhi, come mai il resto del viso non subisce tale effetto?\u201d<\/p>\n\n\n\n<p id=\"block-e2d6a084-863d-4dc9-954d-b483702edcba\">Il prete evidenzia subito un certo disagio e dopo qualche secondo mi risponde \u201cstia tranquillo \u00e8 cos\u00ec come le sto dicendo\u201d invitandomi ad andare e a concludere il confronto. Pienamente cosciente che era inutile continuare accetto l\u2019invito e gli faccio notare la totale mancanza di logica e apertura mentale mostratami che non faceva altro che confermare la mia valutazione sul fenomeno.<\/p>\n\n\n\n<p id=\"block-bdb3f408-2fd2-403c-803d-5a49a5a23028\">Chiamo allora la signora addetta alla manutenzione della statua, donna molto umile e di grande fede, mi ascolta attentamente, ma intendo la sua difficolt\u00e0 nel non potersi esporre a riguardo.<\/p>\n\n\n\n<p id=\"block-f46c017b-4b11-4824-ac00-02170dccf6a9\">\u201cDevo sentire il prete a riguardo\u201d mi dice la signora \u201cma lei domani mi richiami la prego. Posso solo dirle che \u00e8 probabile che la causa sia imputabile alla cera, la quale \u00e8 presente su tutto il viso e che puntualmente viene uniformata da degli specialisti, ma in effetti come lei mi fa notare la modalit\u00e0 in cui questa si \u00e8 sciolta lascia spazio a ulteriori verifiche. La prego di recarsi il pi\u00f9 possibile dalla Madonnina ad eseguire delle verifiche e di avvisarmi se nota ancora qualcosa, sono contenta che lei si stia preoccupando a riguardo. Le racconto anche un\u2019altra cosa a questo punto, questa Madonnina di cui stiamo parlando in verit\u00e0 \u00e8 molto recente, poich\u00e9 al suo posto c\u2019era un\u2019altra che fu rubata da persone convinte che la corona fosse fatta d\u2019oro. La statua fu poi ritrovata zuppa d\u2019acqua alle rive del fiume nei pressi di Sant`Antonino. Mi chiami a qualsiasi ora nel caso noti ancora qualcosa\u201d aggiunge \u201ce non si faccia problemi a contattarmi, posso dirle che \u00e8 gi\u00e0 una Grazia se questa Madonnina \u00e8 ancora intatta nonostante le alte temperature a cui \u00e8 esposta tutto il giorno e tutti i giorni da 10 anni ormai ad oggi\u201d.<\/p>\n\n\n\n<p id=\"block-a9763dd5-582b-425a-af3b-fc8c213e42e3\">Contatto nuovamente Giorgio, gli racconto che alla attenta analisi dei tre giorni trascorsi le gocce sul viso della Madonnina continuavano ad essere localizzate sempre e solo sulla stessa zona nonostante il gran caldo che c\u2019era stato, sottolineando il fatto che la stessa \u00e8 chiusa in una teca di vetro e che il sole le batte addosso da mattina a sera creando all\u2019interno un importante effetto serra e che tale \u201clacrimazione\u201d ad un confronto giornaliero continuava a ripetersi mostrandone traccia visiva.<\/p>\n\n\n\n<p id=\"block-0af7e40d-e810-44dc-8d81-4394a763a69e\">Riporto tutte le conversazioni che avevo avuto e aggiungo un piccolo segno che avevo ricevuto mentre chiedevo lumi al Cielo.<\/p>\n\n\n\n<p id=\"block-c065ba00-4f7b-42c1-b440-ebfc33c50f09\">\u201cGiorgio\u201d gli dico \u201ccome ti ho detto fin da principio non \u00e8 mai stata mia intenzione gridare al miracolo e ti posso assicurare che mi sono sempre tenuto molto razionale su tutta questa vicenda. Sicuramente \u00e8 anche probabile che sia la cera di cui parlano e che serve a tenere il legno in buono stato, ma \u00e8 la modalit\u00e0 che mi lascia perplesso, perch\u00e9 questa cera si scioglie solo nella regione degli occhi? Quale legge fisica pu\u00f2 permettere ci\u00f2? Se una superficie riceve e subisce una forza allora tutta la superficie dovrebbe rispondere ad egual modo e non soltanto una piccola parte della stessa.<\/p>\n\n\n\n<p id=\"block-f893f06f-12e9-476b-9cac-caff11a4d3c4\">Giorgio mentre chiedevo al Cielo a riguardo perch\u00e9 in cerca di una conferma, ho acceso l\u2019auto per tornare a casa, subito si attiva la radio e questa \u00e8 la frase che sento pronunciare da una canzone che non avevo mai sentito prima: \u00c8 UNA MADONNINA CHE PIANGE PER ME.<\/p>\n\n\n\n<p id=\"block-af7ebe92-c3ba-47ba-854a-3c1895b7e43a\">\u201cCerto Giorgio\u201d continuo \u201cmagari questa frase che ho sentito \u00e8 solo una coincidenza, magari c\u2019\u00e8 davvero una spiegazione logica al fenomeno che ha permesso alla statua di lacrimare, ma io sulla base di tutto quello che ho visto, percepito, ascoltato e su cui ho riflettuto mi sento di potermi permettere di pensare che la ragione sia anche fuori dalle logiche spiegabili e comprensibili all\u2019intelletto umano, e lascio a te e al Cielo ogni interpretazione e conclusione.<\/p>\n\n\n\n<p id=\"block-9cbc14cb-f68e-47d0-8572-c2834c55d5cb\">Giorgio, dopo avermi ascoltato attentamente, mi dice \u201c\u00e8 un chiaro segno del Cielo soldato, scrivimi pure una descrizione dei fatti, voglio renderla pubblica\u201d.<\/p>\n\n\n\n<p id=\"block-ff31214b-fdaa-48f5-accb-2fbc5087b522\">Link video alta risoluzione:&nbsp;<\/p>\n\n\n<figure class=\"wp-block-embed-youtube wp-block-embed is-type-video is-provider-youtube wp-embed-aspect-16-9 wp-has-aspect-ratio\"><div class=\"lyte-wrapper fourthree\" title=\"Madonnina sembra piangere, Arbedo, Svizzera 20 Agosto 2020\" style=\"width:420px;max-width:100%;margin:5px;\"><div class=\"lyMe\" id=\"WYL_qszPyaUXdIY\" itemprop=\"video\" itemscope itemtype=\"https:\/\/schema.org\/VideoObject\"><div><meta itemprop=\"thumbnailUrl\" content=\"https:\/\/i.ytimg.com\/vi\/qszPyaUXdIY\/hqdefault.jpg\" \/><meta itemprop=\"embedURL\" content=\"https:\/\/www.youtube.com\/embed\/qszPyaUXdIY\" \/><meta itemprop=\"duration\" content=\"PT27S\" \/><meta itemprop=\"uploadDate\" content=\"2020-08-23T20:20:25Z\" \/><\/div><div id=\"lyte_qszPyaUXdIY\" data-src=\"https:\/\/i.ytimg.com\/vi\/qszPyaUXdIY\/hqdefault.jpg\" class=\"pL\"><div class=\"tC\"><div class=\"tT\" itemprop=\"name\">Madonnina sembra piangere, Arbedo, Svizzera 20 Agosto 2020<\/div><\/div><div class=\"play\"><\/div><div class=\"ctrl\"><div class=\"Lctrl\"><\/div><div class=\"Rctrl\"><\/div><\/div><\/div><noscript><a href=\"https:\/\/youtu.be\/qszPyaUXdIY\" rel=\"nofollow\"><img decoding=\"async\" src=\"https:\/\/i.ytimg.com\/vi\/qszPyaUXdIY\/0.jpg\" alt=\"Madonnina sembra piangere, Arbedo, Svizzera 20 Agosto 2020\" width=\"420\" height=\"295\" \/><br \/>Guarda questo video su YouTube<\/a><\/noscript><meta itemprop=\"description\" content=\"Madonnina sembra piangere, Arbedo, Svizzera 20 Agosto 2020\"><\/div><\/div><div class=\"lL\" style=\"max-width:100%;width:420px;margin:5px;\"><\/div><figcaption><\/figcaption><\/figure>\n\n\n<p id=\"block-04665c39-2427-4230-ac08-88b9dbdceb52\">Titolo della canzone sopra citata: (Achille Lauro &#8211; Bam Bam Twist minuto 1:18)<\/p>\n\n\n<figure class=\"wp-block-embed-youtube wp-block-embed is-type-video is-provider-youtube wp-embed-aspect-16-9 wp-has-aspect-ratio\"><div class=\"lyte-wrapper fourthree\" title=\"Achille Lauro - Bam Bam Twist (feat. Gow Tribe) - Official Video\" style=\"width:420px;max-width:100%;margin:5px;\"><div class=\"lyMe\" id=\"WYL_zrvxL1REEVg\" itemprop=\"video\" itemscope itemtype=\"https:\/\/schema.org\/VideoObject\"><div><meta itemprop=\"thumbnailUrl\" content=\"https:\/\/i.ytimg.com\/vi\/zrvxL1REEVg\/hqdefault.jpg\" \/><meta itemprop=\"embedURL\" content=\"https:\/\/www.youtube.com\/embed\/zrvxL1REEVg\" \/><meta itemprop=\"duration\" content=\"PT3M17S\" \/><meta itemprop=\"uploadDate\" content=\"2020-07-01T12:00:10Z\" \/><\/div><div id=\"lyte_zrvxL1REEVg\" data-src=\"https:\/\/i.ytimg.com\/vi\/zrvxL1REEVg\/hqdefault.jpg\" class=\"pL\"><div class=\"tC\"><div class=\"tT\" itemprop=\"name\">Achille Lauro - Bam Bam Twist (feat. Gow Tribe) - Official Video<\/div><\/div><div class=\"play\"><\/div><div class=\"ctrl\"><div class=\"Lctrl\"><\/div><div class=\"Rctrl\"><\/div><\/div><\/div><noscript><a href=\"https:\/\/youtu.be\/zrvxL1REEVg\" rel=\"nofollow\"><img decoding=\"async\" src=\"https:\/\/i.ytimg.com\/vi\/zrvxL1REEVg\/0.jpg\" alt=\"Achille Lauro - Bam Bam Twist (feat. Gow Tribe) - Official Video\" width=\"420\" height=\"295\" \/><br \/>Guarda questo video su YouTube<\/a><\/noscript><meta itemprop=\"description\" content=\"Ascolta il meglio di Achille Lauro: https:\/\/wmiplaylist.lnk.to\/achillelauro Achille Lauro - Bam Bam Twist (feat. Gow Tribe) Prod. Frenetik, Orange, Gow Tribe Ascolta qui: https:\/\/achillelauro.lnk.to\/BBtwist Con Francesca Barra e Claudio Santamaria Una produzione Maestro Production Regia: Younuts! (Antonio Usbergo &amp; Niccol\u00f3 Celaia) Produttore Esecutivo: Antonio Giampaolo Direzione Artistica: Lauro De Marinis, Nicol\u00f2 Cerioni, Angelo Calculli Line Producer : Riccardo Nervetti Organizzatore Generale: Michela Terzaghi Montaggio: Gianluca Conca SFX : Paolo Galiano Stunt Coordinator : Simone Belli Colorist: Alessandro Rocchi Operatore Steadycam : Diego Capelli Focus Puller : Gianluca Oliva Data Manager : Maria Marangoni Capo Elettricista: Alan Zacchetti Elettricista : Giorgio Messina Capo Macchinista: Mohamed Aly Consolista : Simone Giannico Coreografa : Alessandra Valenti Assistenti Coreografa : Francesca Borri, Marco Zanchetta Scenografo : Pietro Ciron Photographer: Luca D&#039;Amelio Stylist Achille Lauro: Nicol\u00f2 Cerioni Costumi: Nicol\u00f2 Cerioni Assistenti Stylist: Michele Potenza e Arianna Beachi Sarta: Sara Pamio Make up : Maddalena Brando Assistant make up Giorgia Palvarini, Silvia Della Briotta Hair Style: Cinzia Bozza Coordinatrice di Produzione : Margherita Chimenti Runner : Stefano Beggiato Backstage : Renato De Blasio, Lorenzo Gargiulo Starring : Stephanie Glitter La Persia Luca Wegan Fatima Koanda Benedetta Tewoldeberhan Dorothy Claire Zata Thanks to : Angelo Calculli Cinzia Ungaro Simone Mastronardi Alessandra D\u2019Alessandro Gozde Gulsoy Mood Management MK3 Management Bakeka Casting Service Videodesign Warner Music TESTO Achille Lauro - Bam Bam Twist Malandrino Chiodo giallo e zaffiro bluette, eh \u00c8 lo zoo di Berlino La mia tipa \u00e8 un vampiro ed \u00e8 pazza di me Sei pi\u00f9 bella dal vivo Lei che balla \u00e8 la donna del boss Davanti a un jukebox Tarantino E con quei bravi ragazzi \u00e8 delirio, \u00e8 De Niro S\u00ec, balliamo Bam bam, bam bam Un twist e poi Bam bam, bam bam Motel ad ore Bam bam, bam bam Ragazzi fuori Bam bam, bam bam Adrenalina Siamo sopra un bancone io e te, perch\u00e9 S\u00ec, s\u00ec \u00e8 una rapina Svuoto le tasche e mi riempo di te S\u00ec, donna bambina \u00c8 una madonnina che piange per me Ma poi mi rovina Ed io che so farmi rovinare da te S\u00ec, balliamo Bam bam, bam bam Un twist e poi Bam bam, bam bam Motel ad ore Bam bam, bam bam Ragazzi fuori Bam bam, bam bam Oh s\u00ec Bam bam, bam bam Bam bam, bam bam Bam bam, bam bam Bam bam, bam bam \u00c8 un overdose di rose, mio amor \u00c8 una danza tra scheletri, scheletri Una pallottola dal mio juke boxe Stiamo dando fuoco ai sedili A una cabrio rosa, mio amor Questa \u00e8 vita per noi Non c&#039;\u00e8 citt\u00e0 che basti per noi La tua gonna \u00e8 Las Vegas, toglila poi Diremo &quot;\u00c8 solo un ricordo che ho rimosso&quot; Fammi fuori Bam bam, bam bam Un twist e poi Bam bam, bam bam Motel ad ore Bam bam, bam bam Ragazzi fuori Bam bam, bam bam Un twist e poi Bam bam, bam bam S\u00ec, balliamo Bam bam, bam bam Motel ad ore Bam bam, bam bam Fammi fuori Bam bam, bam bam Oh s\u00ec Bam bam, bam bam Bam bam, bam bam Oh s\u00ec Bam bam, bam bam Bam bam, bam bam, oh Bam bam, bam bam #AchilleLauro #BamBamTwist\"><\/div><\/div><div class=\"lL\" style=\"max-width:100%;width:420px;margin:5px;\"><\/div><figcaption><\/figcaption><\/figure>\n\n\n<p id=\"block-77880ec8-12ec-40a5-9779-efbfd2f21a4d\">Sante Pagano 23 Agosto 2020&nbsp;<\/p>\n\n\n\n<figure class=\"wp-block-image\" id=\"block-d7ac8b63-4e75-497b-90e7-01c888eb426f\"><img decoding=\"async\" src=\"https:\/\/www.thebongiovannifamily.it\/images\/stories\/messaggi\/2020\/AGOSTO\/virgen1-2.jpg\" alt=\"madonninasante4\"\/><\/figure>\n\n\n\n<figure class=\"wp-block-image\" id=\"block-a7a2f730-9769-4a9e-a3ee-042d3ee8a127\"><img decoding=\"async\" src=\"https:\/\/www.thebongiovannifamily.it\/images\/stories\/messaggi\/2020\/AGOSTO\/virgen3-4.jpg\" alt=\"virgen3 4\"\/><\/figure>\n\n\n\n<div class=\"wp-block-image\"><figure class=\"aligncenter\"><img decoding=\"async\" src=\"https:\/\/www.thebongiovannifamily.it\/images\/stories\/messaggi\/2020\/AGOSTO\/madonnina200.jpg\" alt=\"madonnina200\"\/><\/figure><\/div>\n\n\n\n<p id=\"block-a30fc5e8-53ea-497c-804a-e60b459b5371\"><strong>Messaggi allegati:<\/strong><\/p>\n\n\n\n<p id=\"block-47ad0c7e-8e66-4080-b4b7-0ea6b87e5505\">&#8211; 2-09-17 La Vergine Maria, da Siracusa a Fatima<br><a href=\"https:\/\/www.giorgiobongiovanni.it\/messaggi-celesti\/2017\/7254-la-vergine-maria-da-siracusa-a-fatima.html\">https:\/\/www.giorgiobongiovanni.it\/messaggi-celesti\/2017\/7254-la-vergine-maria-da-siracusa-a-fatima.html<\/a><\/p>\n\n\n\n<p id=\"block-06f94f55-f57d-4fba-b2fa-425e7798b778\">&#8211; 2-9-15 Grazie di esistere<br><a href=\"http:\/\/www.giorgiobongiovanni.it\/messaggi-celesti\/2015\/6235--grazie-di-esistere.html\">http:\/\/www.giorgiobongiovanni.it\/messaggi-celesti\/2015\/6235&#8211;grazie-di-esistere.html<\/a><\/p>\n\n\n\n<p id=\"block-69484d0f-092c-46e4-afe5-162dd2c279ff\">2-11-14 La Vergine Santa e Addolorata lacrima sangue<br><a href=\"http:\/\/www.giorgiobongiovanni.it\/messaggi-celesti\/2014\/5813-la-vergine-maria-santa-e-addolorata-lagrima-sangue.html\">http:\/\/www.giorgiobongiovanni.it\/messaggi-celesti\/2014\/5813-la-vergine-maria-santa-e-addolorata-lagrima-sangue.html<\/a><\/p>\n\n\n\n<p id=\"block-7f53e759-18ed-405e-82b1-d7b3c5b0e79d\">&#8211; 12-5-13 Sono la Madre di tutte le madri<br><a href=\"http:\/\/www.giorgiobongiovanni.it\/messaggi-celesti\/2013\/4707-sono-la-madre-di-tutte-le-madri.html\">http:\/\/www.giorgiobongiovanni.it\/messaggi-celesti\/2013\/4707-sono-la-madre-di-tutte-le-madri.html<\/a><\/p>\n\n\n\n<p id=\"block-bb621ccd-def7-4d77-b222-bcd5b2fd9a7d\">&#8211; 20-07-12 Lacrime di sangue Madre Celeste in India<br><a href=\"https:\/\/www.thebongiovannifamily.it\/messaggi-celesti\/2012\/4359-lacrime-di-sangue-madre-celeste-in-india.html\">https:\/\/www.thebongiovannifamily.it\/messaggi-celesti\/2012\/4359-lacrime-di-sangue-madre-celeste-in-india.html<\/a><\/p>\n\n\n\n<p id=\"block-d78351c5-cb20-42da-be88-273da55aced5\">&#8211; 28-12-11 La statua della Madonna piange sangue a Posadas-Argentina<br><a href=\"http:\/\/www.giorgiobongiovanni.it\/messaggi-celesti\/2011\/4051-statua-della-madonna-piange-sangue-a-posadas-argentina.html\">http:\/\/www.giorgiobongiovanni.it\/messaggi-celesti\/2011\/4051-statua-della-madonna-piange-sangue-a-posadas-argentina.html<\/a><\/p>\n\n\n\n<p id=\"block-20368ccb-feca-4c41-8e0a-32746c2c31d4\">&#8211; 28-08-11 La Madonna piange lacrime di sangue<br><a href=\"https:\/\/www.thebongiovannifamily.it\/messaggi-celesti\/2011\/3791-qla-madonna-piange-lacrime-di-sangueq.html\">https:\/\/www.thebongiovannifamily.it\/messaggi-celesti\/2011\/3791-qla-madonna-piange-lacrime-di-sangueq.html<\/a><\/p>\n\n\n\n<p id=\"block-1bd5b2b6-cd48-4948-9686-b70ab739bb2c\">&#8211; 6-6-11 Luce dei miei occhi<br><a href=\"http:\/\/www.giorgiobongiovanni.it\/messaggi-celesti\/2011\/3605-luce-dei-miei-occhi.html\">http:\/\/www.giorgiobongiovanni.it\/messaggi-celesti\/2011\/3605-luce-dei-miei-occhi.html<\/a><\/p>\n\n\n\n<p id=\"block-be1b3d4f-0e5d-4fb3-9314-cf338ec0addf\">&#8211; 12-5-07 La Santa Madre insiste<br><a href=\"http:\/\/www.giorgiobongiovanni.it\/messaggi-celesti\/2009-2000\/2007\/280-la-santa-madre-insiste.html\">http:\/\/www.giorgiobongiovanni.it\/messaggi-celesti\/2009-2000\/2007\/280-la-santa-madre-insiste.html<\/a><\/p>\n\n\n\n<p id=\"block-682154cb-4ee5-4a23-aa7c-d07f30765264\">&#8211; 1-11-97 Consolazione<br><a href=\"https:\/\/www.giorgiobongiovanni.it\/messaggi-celesti\/1999-1990\/1997\/3898-consolazione.html\">https:\/\/www.giorgiobongiovanni.it\/messaggi-celesti\/1999-1990\/1997\/3898-consolazione.html<\/a><\/p>\n\n\n\n<p id=\"block-79535209-b244-4589-b078-ad1e27ccb42d\">&#8211; 15-08-20 La Madre Celeste Santissima Miriam<br><a href=\"https:\/\/www.thebongiovannifamily.it\/cronache\/cronache-dalle-arche\/cronache-dalle-arche-2020\/8603-la-madre-celeste-santissima-miriam.html\">https:\/\/www.thebongiovannifamily.it\/cronache\/cronache-dalle-arche\/cronache-dalle-arche-2020\/8603-la-madre-celeste-santissima-miriam.html<\/a><\/p>","protected":false},"excerpt":{"rendered":"<p>Arbedo, Svizzera, Gioved\u00ec 20 agosto dell\u2019anno corrente mi reco all\u2019asilo per recuperare Mia Sole e come d\u2019abitudine ci dirigiamo verso il parco, facendo tappa fissa alla statua della Madonnina di Fatima che ogni giorno passiamo a salutare e chiedere benedizione, ma questa volta vengo colpito da un dettaglio, le congiuntive erano ricoperte per intero di [&hellip;]<\/p>\n","protected":false},"author":1,"featured_media":1199,"comment_status":"closed","ping_status":"closed","sticky":false,"template":"","format":"standard","meta":{"om_disable_all_campaigns":false,"_monsterinsights_skip_tracking":false,"_monsterinsights_sitenote_active":false,"_monsterinsights_sitenote_note":"","_monsterinsights_sitenote_category":0,"footnotes":""},"categories":[68,1],"tags":[],"class_list":["post-1156","post","type-post","status-publish","format-standard","has-post-thumbnail","hentry","category-cronache","category-senza-categoria"],"aioseo_notices":[],"_links":{"self":[{"href":"https:\/\/www.progettocoscienzacosmica.com\/it\/wp-json\/wp\/v2\/posts\/1156","targetHints":{"allow":["GET"]}}],"collection":[{"href":"https:\/\/www.progettocoscienzacosmica.com\/it\/wp-json\/wp\/v2\/posts"}],"about":[{"href":"https:\/\/www.progettocoscienzacosmica.com\/it\/wp-json\/wp\/v2\/types\/post"}],"author":[{"embeddable":true,"href":"https:\/\/www.progettocoscienzacosmica.com\/it\/wp-json\/wp\/v2\/users\/1"}],"replies":[{"embeddable":true,"href":"https:\/\/www.progettocoscienzacosmica.com\/it\/wp-json\/wp\/v2\/comments?post=1156"}],"version-history":[{"count":9,"href":"https:\/\/www.progettocoscienzacosmica.com\/it\/wp-json\/wp\/v2\/posts\/1156\/revisions"}],"predecessor-version":[{"id":2845,"href":"https:\/\/www.progettocoscienzacosmica.com\/it\/wp-json\/wp\/v2\/posts\/1156\/revisions\/2845"}],"wp:featuredmedia":[{"embeddable":true,"href":"https:\/\/www.progettocoscienzacosmica.com\/it\/wp-json\/wp\/v2\/media\/1199"}],"wp:attachment":[{"href":"https:\/\/www.progettocoscienzacosmica.com\/it\/wp-json\/wp\/v2\/media?parent=1156"}],"wp:term":[{"taxonomy":"category","embeddable":true,"href":"https:\/\/www.progettocoscienzacosmica.com\/it\/wp-json\/wp\/v2\/categories?post=1156"},{"taxonomy":"post_tag","embeddable":true,"href":"https:\/\/www.progettocoscienzacosmica.com\/it\/wp-json\/wp\/v2\/tags?post=1156"}],"curies":[{"name":"wp","href":"https:\/\/api.w.org\/{rel}","templated":true}]}}