{"id":1172,"date":"2019-11-04T00:55:49","date_gmt":"2019-11-03T23:55:49","guid":{"rendered":"http:\/\/www.progettocoscienzacosmica.com\/?p=1172"},"modified":"2022-04-23T00:48:53","modified_gmt":"2022-04-22T22:48:53","slug":"svizzera-la-visita-extraterrestre-il-getsemani-e-la-liberta","status":"publish","type":"post","link":"https:\/\/www.progettocoscienzacosmica.com\/it\/svizzera-la-visita-extraterrestre-il-getsemani-e-la-liberta\/","title":{"rendered":"SVIZZERA, LA VISITA EXTRATERRESTRE, IL GETSEMANI E LA LIBERT\u00c0"},"content":{"rendered":"<p class=\"has-text-align-center\" id=\"block-2708c0b8-f79b-46f0-a3ba-45856dda4d61\">Cronaca della conferenza del 19\/10\/19<\/p>\n\n\n\n<p id=\"block-774db7ff-a580-443b-9280-fdbdc2dbc519\">E\u2019 un weekend piovoso e autunnale quello che accoglie i partecipanti alla conferenza di Lugano dal titolo \u201cUFO, LA VISITA EXTRATERRESTRE: chi sono, perch\u00e9 vengono e cosa vogliono\u201d il 19 Ottobre 2019.<\/p>\n\n\n\n<p id=\"block-c81f41a5-95cf-4cd5-bbcd-9c293402d5a8\">Nuvole e pioggia quasi a ricordare a Sante Pagano e all\u2019Associazione PROGETTO COSCIENZA COSMICA, organizzatori dell\u2019evento, le inaspettate difficolt\u00e0 e i molti ostacoli che hanno portato a realizzare questa loro prima conferenza in terra elvetica.<\/p>\n\n\n\n<p id=\"block-94f6de2a-676f-43d9-8ea4-9b81a96ece84\">Per me ed altri ragazzi che abbiamo deciso di collaborare con loro, per\u00f2, splende un sole limpido e luminoso, quello che si accende ogni volta che veniamo a contatto con queste splendide realt\u00e0.<\/p>\n\n\n\n<p id=\"block-8deb6fba-ade4-4c14-af87-e2e2e1241f0d\">E questa \u00e8 un\u2019occasione speciale, infatti oltre a Pier Giorgio Caria, sono presenti anche Giorgio Bongiovanni con i ragazzi di Our Voice e di FUNIMA, di ritorno da un viaggio entusiasmante in Paraguay.<\/p>\n\n\n\n<p id=\"block-2a4a85f0-528f-4ea0-abd0-1c30120fd22d\">Il tempo non scoraggia la popolazione svizzera, che riempie fino all\u2019ultimo posto una Sala Aragonite accogliente e organizzata in ogni dettaglio: dal bar ai banchetti dove trovare libri, DVD e gadget; dal punto informazioni FUNIMA allo spazio per i ragazzi di Our Voice, che si esibiranno poi sul palco in un numero artistico dal vivo.<\/p>\n\n\n\n<p id=\"block-a660d5de-f6d3-436a-9385-b24491fec538\">La serata inizia con Pier Giorgio Caria che presenta FUNIMA, la onlus presieduta da Giovanni Bongiovanni che opera dal 2005 in Argentina, Uruguay, Paraguay, Sicilia e, ultimamente, anche in Guatemala.<\/p>\n\n\n\n<p id=\"block-80bf420b-4437-426e-8a55-3eda56f74be8\">A parlare sul palco a nome dell\u2019Associazione c\u2019\u00e8 Matias Corvaro, volontario, che ci mostra un breve video tratto dall\u2019ultimo viaggio in Argentina, dove FUNIMA ha portato acqua, cibo, vestiti, dolci e giocattoli alla popolazione e ai bambini delle comunit\u00e0 di Santa Victoria Este (Nord dell\u2019Argentina) colpite da una tremenda alluvione pi\u00f9 di un anno fa, e che ancora vivono in condizioni estreme.<\/p>\n\n\n\n<p id=\"block-23fef54e-d987-4116-93ea-9578fabe723c\">In particolare Matias sottolinea i recenti progetti di FUNIMA in Guatemala a favore delle comunit\u00e0 native Maya del posto, con la vendita di un caff\u00e8 equo-solidale e di una particolare sacca natalizia, realizzata dalle donne locali nella cooperativa \u201cEmporio de las Mujeres\u201d di Granadilla.<\/p>\n\n\n\n<p id=\"block-6c08efc2-0d67-4772-ac64-5c9e1db1c539\">Uno dei momenti pi\u00f9 significativi della serata \u00e8 il collegamento Skype con Giovanni Bongiovanni, rimasto in Sudamerica per continuare il suo lavoro incessante in difesa delle comunit\u00e0 native, vittime delle multinazionali, del malgoverno, dell\u2019indifferenza e della discriminazione.<\/p>\n\n\n\n<p id=\"block-7ec0b598-bb2e-4412-84a3-901116205d05\">Il collegamento \u00e8 da Salta, in quella zona tra le Ande e le foreste argentine dove inizi\u00f2 per la prima volta l\u2019attivit\u00e0 di Funima; dalle parole e dal volto di Giovanni traspare tutta la difficolt\u00e0 legata alla grande gioia di aiutare chi non ha nulla, contro tutto e contro tutti, a partire dai governi locali.<\/p>\n\n\n\n<p id=\"block-26113e7f-a163-42cb-bdc9-d39b536aef65\">Pozzi, piccoli acquedotti, mense comunitarie, centri di salute, opere per la vita delle quali Giovanni parla con la luce negli occhi, e ci lascia con un appello che colpisce dritto al cuore: \u201cNon sprecate la vostra vita, partecipate a qualcosa di magnifico; fatelo per voi stessi, non solo per il mondo\u201d.<\/p>\n\n\n\n<p id=\"block-5be12a04-f061-47ec-83c4-dd628b5fa769\">Dopo questa meravigliosa testimonianza la conferenza entra nel vivo, e Pier Giorgio Caria prende la parola per rispondere a quelle tre domande che compongono il titolo della conferenza .. domande difficili, ma con risposte ben precise, che Pier in poco pi\u00f9 di un\u2019ora riesce a delineare in modo come sempre impeccabile.<\/p>\n\n\n\n<p id=\"block-0355e70a-f891-4382-983a-ffa1aa53505c\">Si parte dalle ultime ammissioni della Marina Militare Americana, che conferma l\u2019autenticit\u00e0 di alcuni filmati militari sugli UFO.<\/p>\n\n\n\n<p id=\"block-9879941a-8ba7-43d8-ab85-a5923466d7c8\">Passando da documentazioni della NASA a foto di satelliti meteorologici, fino ad arrivare all\u2019incredibile apparizione di dischi volanti sopra la Casa Bianca nel 1952 (dove il Pentagono dovette convocare una conferenza stampa per fermare il panico nella popolazione).<\/p>\n\n\n\n<p id=\"block-11293033-b74d-4efc-8ead-974a43759067\">Pier dimostra come il Potere militare, politico ed economico sia in possesso di ogni informazione circa il fenomeno UFO gi\u00e0 dagli anni 40, ma abbia tenuto la popolazione all\u2019oscuro di tutto per non perdere questo potere, messo in serio pericolo dalla visita Extra Terrestre.<\/p>\n\n\n\n<p id=\"block-c5849202-a9ee-4e70-af53-2d983c79aae2\">Grazie alle nuove leggi sulla liber\u00e0 di informazione si \u00e8 infatti potuto accedere a documenti desecretati, secondo i quali il governo americano possiede dischi volanti gi\u00e0 dal 1941; e nel 1947, anno del ritrovamento del disco di Roswell, gi\u00e0 sapevano tutto sul fenomeno.<\/p>\n\n\n\n<p id=\"block-c5dd6e52-9f54-40e9-855a-fff372951fa7\">Si legge testualmente \u201cSono del tutto simili a noi, vengono da altri mondi e la loro missione \u00e8 di pace\u201d.<\/p>\n\n\n\n<p id=\"block-3f5d829b-9d3d-4b34-b586-b1adfb1cdd54\">In particolar modo questi Esseri Cosmici osservano e valutano il nostro comportamento, la nostra etica, e il nostro approccio nei confronti della grande Legge Universale, quella Legge che li lega indissolubilmente al Maestro Assoluto dell\u2019Amore, Ges\u00f9 Cristo.<\/p>\n\n\n\n<p id=\"block-77b2abff-27a4-4936-8507-9f1c19069911\">Passando quindi alle esperienze dei contattisti Eugenio Siragusa e Giorgio Bongiovanni viene svelata anche la missione spirituale degli Extra Terrestri, che \u00e8 quella di portare equilibrio tra la Scienza della Materia (che oggi domina il mondo in tutto e per tutto) e la Scienza dello Spirito (oggi quasi completamente ignorata). Questi Esseri di Luce non sono altro che gli Angeli che accompagnarono Ges\u00f9 Cristo, il pi\u00f9 grande Maestro di Scienza dello Spirito, e che ora ne annunciano l\u2019imminente ritorno.<\/p>\n\n\n\n<p id=\"block-ff97df86-6bdd-407c-a5a1-efe53f5f8ab8\">A questo punto non pu\u00f2 che entrare in scena Giorgio Bongiovanni, lo stigmatizzato di Fatima, colui che pi\u00f9 di ogni altro oggi incarna fisicamente e spiritualmente i Segni della nuova venuta di Ges\u00f9 Cristo.<\/p>\n\n\n\n<p id=\"block-04d9c580-d9f1-4834-8df5-0917353cbcca\">Giorgio ha sanguinato da poco, soffre di forti dolori alla schiena e si presenta ai suoi fratelli con le palme in vista, confessando di attraversare un periodo molto difficile, in cui quei meravigliosi segni sono per lui un peso sempre pi\u00f9 grave, tanto da farlo desiderare di non averli.<\/p>\n\n\n\n<p id=\"block-f7bf20a5-20c6-4bae-88cd-c96d05bc2462\">Lo dice con una sincerit\u00e0 disarmante, ma con volto sereno e privo di ogni ripensamento o senso di colpa aggiunge infatti che ha capito il significato di questo momento, che definisce \u201cil mio Getsemani\u201d.<\/p>\n\n\n\n<p id=\"block-4ae5c11f-4e30-4115-a88b-dfe95b6a7d64\">Come Ges\u00f9 Cristo sud\u00f2 sangue e preg\u00f2 il Padre di allontanare da lui quel destino terribile rivelando la sua grande umanit\u00e0, cos\u00ec Giorgio vede avvicinarsi la conclusione della sua Missione, e umanamente ne teme gli sviluppi.<\/p>\n\n\n\n<p id=\"block-bcb0a152-44f9-4d94-b164-bc8e319f7702\">Conclude per\u00f2 il suo intervento con la serenit\u00e0 e la convinzione di chi si rimette alla volont\u00e0 del Padre, consapevole oggi pi\u00f9 che mai che la Causa che porta avanti vale pi\u00f9 di tutto, delle paure, della famiglia, della propria vita, di Cristo stesso.<\/p>\n\n\n\n<p id=\"block-a0d40445-8fbc-4101-956f-b9c7275defd4\">Mentre pronuncia queste parole, non riesco a togliermi dalla testa l\u2019immagine di Ges\u00f9 nell\u2019Orto degli Ulivi, con i suoi Discepoli che dormivano incuranti delle Sue afflizioni e della Sua richiesta di aiuto.<\/p>\n\n\n\n<p id=\"block-d0139bc3-41f4-45a8-a4ae-2d9f778f984a\">La preghiera sale spontanea&#8230; Signore, concedi a noi la forza di vegliare e combattere al fianco del Tuo Guerriero sofferente.<\/p>\n\n\n\n<p id=\"block-0d32f27d-f9d2-45a5-8200-e38fcc16bdbd\">La conferenza si conclude con Giorgio che introduce i ragazzi di Our Voice, il movimento culturale giovanile fondato da sua figlia Sonia, voce di denuncia nei confronti di ogni tipo di ingiustizia (sfruttamento, mafia, droga, corruzione, inquinamento) attraverso ogni mezzo comunicativo artistico e sociale.<\/p>\n\n\n\n<p id=\"block-24ac6cb5-d4bc-42a8-aab0-d3231f8aae46\">Prima vengono proiettati due filmati, uno girato a Palermo e l\u2019altro ad Asuncion (Paraguay) in cui viene gridato con forza il NO di Sonia e dei suoi amici alla mafia e alle dittature; poi i ragazzi entrano in scena dal vivo, presentando lo spettacolo VOGLIO VIVERE.<\/p>\n\n\n\n<p id=\"block-adceb517-fb7d-4997-ba90-473010d2d5fa\">Si tratta di una performance che contiene in s\u00e9 vari tipi di espressioni artistiche, dalla danza al teatro, passando per il canto e la poesia; il filo conduttore \u00e8 quello della libert\u00e0, una conquista che porta a rischi, scelte e responsabilit\u00e0, ma che diventa imprescindibile una volta che viene a mancare.<\/p>\n\n\n\n<p id=\"block-96df9895-7bcc-4734-a04b-e51a8661f42d\">Attraverso la storia di due fratelli, di una ragazza sfruttata, di una dittatura che prima ti lusinga e poi ti lega mani, occhi e bocca, i giovani piangono la distruzione dei loro sogni, urlando con forza al mondo la loro determinazione nel volerseli riconquistare a costo di ogni cosa, compresa la loro vita.<\/p>\n\n\n\n<p id=\"block-2616b5c0-2bf2-4088-b635-fcdba89ee52f\">La conferenza volge al termine, e si conclude nel migliore dei modi anche per Sante e la sua Associazione, che dati alla mano possono festeggiare un successo su tutti i fronti.<\/p>\n\n\n\n<p id=\"block-fd754b92-773c-4f68-8898-7b53fac53be0\">Per noi che abbiamo seguito da vicino l\u2019organizzazione dell\u2019evento rimane il momento forse pi\u00f9 emozionante e significativo: Giorgio e Pier ci concedono un incontro riservato nella hall del loro albergo, incuranti della stanchezza del viaggio e della conferenza appena conclusa.<\/p>\n\n\n\n<p id=\"block-fc582f47-6e7e-4172-87a2-d9dc4cc90a00\">Sono esperienze difficili da descrivere, soprattutto per chi come me \u00e8 da pochissimo tempo a contatto con questa meravigliosa realt\u00e0&#8230; mentre lascio scorrere dentro di me la magia di quei momenti, sale allo stesso modo la consapevolezza che sono e saranno queste le parole e le esperienze che potranno dare forza e speranza a chi, ancora e nonostante tutto, desidera un mondo diverso ed \u00e8 pronto a dare tutto per questa Causa.<\/p>\n\n\n\n<p id=\"block-1272d9f2-bcb1-4593-aa0d-00f2ee1cf14b\">Filippo Brogliato<\/p>\n\n\n\n<p id=\"block-8f775606-0bd3-4216-b66f-dc65103d6610\">4 novembre 2019<\/p>\n\n\n\n<figure class=\"wp-block-image\" id=\"block-027af094-2320-431f-9d86-f8c4f01b8ac4\"><img decoding=\"async\" src=\"https:\/\/www.thebongiovannifamily.it\/images\/stories\/cronache\/2019\/noviembre\/1y2.jpg\" alt=\"1y2\"\/><\/figure>\n\n\n\n<figure class=\"wp-block-image\" id=\"block-8165c85a-97ad-4a50-b73f-acfaca2441c9\"><img decoding=\"async\" src=\"https:\/\/www.thebongiovannifamily.it\/images\/stories\/cronache\/2019\/noviembre\/4.jpg\" alt=\"4\"\/><\/figure>\n\n\n<figure class=\"wp-block-embed-youtube wp-block-embed is-type-video is-provider-youtube wp-embed-aspect-16-9 wp-has-aspect-ratio\"><div class=\"lyte-wrapper fourthree\" title=\"19.10.2019 - Ufo La Visita Extraterrestre - Lugano\" style=\"width:420px;max-width:100%;margin:5px;\"><div class=\"lyMe\" id=\"WYL_IlIu9zXSZBI\" itemprop=\"video\" itemscope itemtype=\"https:\/\/schema.org\/VideoObject\"><div><meta itemprop=\"thumbnailUrl\" content=\"https:\/\/i.ytimg.com\/vi\/IlIu9zXSZBI\/hqdefault.jpg\" \/><meta itemprop=\"embedURL\" content=\"https:\/\/www.youtube.com\/embed\/IlIu9zXSZBI\" \/><meta itemprop=\"duration\" content=\"PT3H1M25S\" \/><meta itemprop=\"uploadDate\" content=\"2019-10-20T19:24:06Z\" \/><\/div><div id=\"lyte_IlIu9zXSZBI\" data-src=\"https:\/\/i.ytimg.com\/vi\/IlIu9zXSZBI\/hqdefault.jpg\" class=\"pL\"><div class=\"tC\"><div class=\"tT\" itemprop=\"name\">19.10.2019 - Ufo La Visita Extraterrestre - Lugano<\/div><\/div><div class=\"play\"><\/div><div class=\"ctrl\"><div class=\"Lctrl\"><\/div><div class=\"Rctrl\"><\/div><\/div><\/div><noscript><a href=\"https:\/\/youtu.be\/IlIu9zXSZBI\" rel=\"nofollow\"><img decoding=\"async\" src=\"https:\/\/i.ytimg.com\/vi\/IlIu9zXSZBI\/0.jpg\" alt=\"19.10.2019 - Ufo La Visita Extraterrestre - Lugano\" width=\"420\" height=\"295\" \/><br \/>Guarda questo video su YouTube<\/a><\/noscript><meta itemprop=\"description\" content=\"STREAMING www.giorgiobongiovanni.it \ud83d\udcc5 19 Ottobre Ore 15.30 \u2b50\ufe0f Conferenza : Ufo la visita Extraterrestre \ud83d\udccc Manno (Lugano), Sala Aragonite \ud83c\udf9f INGRESSO LIBERO \ud83d\udcde Per info : progettocoscienzacosmica@gmail.com #ufo #extraterrestre #topsecret #pentagono\"><\/div><\/div><div class=\"lL\" style=\"max-width:100%;width:420px;margin:5px;\"><\/div><figcaption><\/figcaption><\/figure>","protected":false},"excerpt":{"rendered":"<p>Cronaca della conferenza del 19\/10\/19 E\u2019 un weekend piovoso e autunnale quello che accoglie i partecipanti alla conferenza di Lugano dal titolo \u201cUFO, LA VISITA EXTRATERRESTRE: chi sono, perch\u00e9 vengono e cosa vogliono\u201d il 19 Ottobre 2019. Nuvole e pioggia quasi a ricordare a Sante Pagano e all\u2019Associazione PROGETTO COSCIENZA COSMICA, organizzatori dell\u2019evento, le inaspettate [&hellip;]<\/p>\n","protected":false},"author":1,"featured_media":1196,"comment_status":"closed","ping_status":"closed","sticky":false,"template":"","format":"standard","meta":{"om_disable_all_campaigns":false,"_monsterinsights_skip_tracking":false,"_monsterinsights_sitenote_active":false,"_monsterinsights_sitenote_note":"","_monsterinsights_sitenote_category":0,"footnotes":""},"categories":[68,1],"tags":[],"class_list":["post-1172","post","type-post","status-publish","format-standard","has-post-thumbnail","hentry","category-cronache","category-senza-categoria"],"aioseo_notices":[],"_links":{"self":[{"href":"https:\/\/www.progettocoscienzacosmica.com\/it\/wp-json\/wp\/v2\/posts\/1172","targetHints":{"allow":["GET"]}}],"collection":[{"href":"https:\/\/www.progettocoscienzacosmica.com\/it\/wp-json\/wp\/v2\/posts"}],"about":[{"href":"https:\/\/www.progettocoscienzacosmica.com\/it\/wp-json\/wp\/v2\/types\/post"}],"author":[{"embeddable":true,"href":"https:\/\/www.progettocoscienzacosmica.com\/it\/wp-json\/wp\/v2\/users\/1"}],"replies":[{"embeddable":true,"href":"https:\/\/www.progettocoscienzacosmica.com\/it\/wp-json\/wp\/v2\/comments?post=1172"}],"version-history":[{"count":6,"href":"https:\/\/www.progettocoscienzacosmica.com\/it\/wp-json\/wp\/v2\/posts\/1172\/revisions"}],"predecessor-version":[{"id":2848,"href":"https:\/\/www.progettocoscienzacosmica.com\/it\/wp-json\/wp\/v2\/posts\/1172\/revisions\/2848"}],"wp:featuredmedia":[{"embeddable":true,"href":"https:\/\/www.progettocoscienzacosmica.com\/it\/wp-json\/wp\/v2\/media\/1196"}],"wp:attachment":[{"href":"https:\/\/www.progettocoscienzacosmica.com\/it\/wp-json\/wp\/v2\/media?parent=1172"}],"wp:term":[{"taxonomy":"category","embeddable":true,"href":"https:\/\/www.progettocoscienzacosmica.com\/it\/wp-json\/wp\/v2\/categories?post=1172"},{"taxonomy":"post_tag","embeddable":true,"href":"https:\/\/www.progettocoscienzacosmica.com\/it\/wp-json\/wp\/v2\/tags?post=1172"}],"curies":[{"name":"wp","href":"https:\/\/api.w.org\/{rel}","templated":true}]}}