{"id":1727,"date":"2020-12-20T01:30:00","date_gmt":"2020-12-20T00:30:00","guid":{"rendered":"http:\/\/www.progettocoscienzacosmica.com\/?p=1727"},"modified":"2020-12-20T16:46:28","modified_gmt":"2020-12-20T15:46:28","slug":"eugenio-siragusa-a-fumetti","status":"publish","type":"post","link":"https:\/\/www.progettocoscienzacosmica.com\/it\/eugenio-siragusa-a-fumetti\/","title":{"rendered":"EUGENIO SIRAGUSA A FUMETTI"},"content":{"rendered":"<p>Facendo tuo questo fumetto con una <strong>donazione libera e consapevole<\/strong>, contribuirai insieme all&#8217; Associazione Culturale &#8220;<strong>Progetto Coscienza Cosmica<\/strong>&#8221; a sostenere i progetti della &#8220;Onlus <strong>FUNIMA International<\/strong>&#8220;, aiutando cos\u00ed queI <strong>bambini <\/strong>costretti a vivere in <strong>condizioni disagiate<\/strong>.<\/p>\n\n\n\n<p><\/p>\n\n\n\n<div class=\"wp-block-group\"><div class=\"wp-block-group__inner-container is-layout-flow wp-block-group-is-layout-flow\">\n<h2 class=\"has-text-align-center wp-block-heading\"><strong><a rel=\"noreferrer noopener\" href=\"https:\/\/donorbox.org\/un-fumetto-dal-cosmo-a-sostegno-dei-bambini-di-funima-international\" data-type=\"URL\" data-id=\"https:\/\/donorbox.org\/un-fumetto-dal-cosmo-a-sostegno-dei-bambini-di-funima-international\" target=\"_blank\">Clicca qui o sulla miniatura per scaricare il libro disponibile per ora solo in versione digitale<\/a><\/strong><\/h2>\n\n\n\n<h2 class=\"has-text-align-center wp-block-heading\"><strong><span style=\"color:#1900ff\" class=\"has-inline-color\">RICEVERAI IL LIBRO VIA MAIL APPENA AVRAI ESEGUITO LA DONAZIONE<\/span><\/strong><\/h2>\n\n\n\n<p class=\"has-text-align-center\"><a rel=\"noreferrer noopener\" href=\"https:\/\/donorbox.org\/un-fumetto-dal-cosmo-a-sostegno-dei-bambini-di-funima-international\" target=\"_blank\"><img decoding=\"async\" width=\"150\" height=\"150\" class=\"wp-image-1782\" style=\"width: 150px;\" src=\"http:\/\/www.progettocoscienzacosmica.com\/wp-content\/uploads\/2020\/12\/1606756272-e1606923160189.png\" alt=\"\"><\/a><\/p>\n<\/div><\/div>\n\n\n\n<p>L\u2019 Associazione Culturale <strong>\u201cProgetto Coscienza Cosmica\u201d<\/strong> ha deciso di <strong>devolvere<\/strong> l\u2019 intero incasso delle donazioni raccolte con questo libro alla Associazione Onlus <strong>\u201cFUNIMA International\u201d<\/strong>.<\/p>\n\n\n\n<p>Con l&#8217; ottenimento di questo testo hai quindi contribuito al <strong>sostegno umanitario<\/strong> dei <strong>bambini <\/strong>e delle famiglie costrette a vivere in condizioni molto disagiate da ogni punto di vista.<\/p>\n\n\n\n<p>L&#8217; Associazione Progetto Coscienza Cosmica ha voluto quindi mettere in pratica i valori da lei promossi e divulgati con un\u2019 iniziativa che vuole offrire attraverso il fumetto <strong>uno strumento di Conoscenza<\/strong> per i pi\u00f9 piccoli, ma anche un\u2019 interessante <strong>occasione per aiutare<\/strong> tutti quei bambini e famiglie che oggi hanno bisogno di un concreto sostegno ed aiuto.<\/p>\n\n\n\n<figure class=\"wp-block-image size-large\"><img decoding=\"async\" width=\"1024\" height=\"683\" src=\"https:\/\/www.progettocoscienzacosmica.com\/wp-content\/uploads\/2020\/12\/73504703_10156658440625980_2877828482904096768_o-1024x683.jpg\" alt=\"\" class=\"wp-image-2016\" srcset=\"https:\/\/www.progettocoscienzacosmica.com\/wp-content\/uploads\/2020\/12\/73504703_10156658440625980_2877828482904096768_o-1024x683.jpg 1024w, https:\/\/www.progettocoscienzacosmica.com\/wp-content\/uploads\/2020\/12\/73504703_10156658440625980_2877828482904096768_o-300x200.jpg 300w, https:\/\/www.progettocoscienzacosmica.com\/wp-content\/uploads\/2020\/12\/73504703_10156658440625980_2877828482904096768_o-768x512.jpg 768w, https:\/\/www.progettocoscienzacosmica.com\/wp-content\/uploads\/2020\/12\/73504703_10156658440625980_2877828482904096768_o-1536x1024.jpg 1536w, https:\/\/www.progettocoscienzacosmica.com\/wp-content\/uploads\/2020\/12\/73504703_10156658440625980_2877828482904096768_o-810x540.jpg 810w, https:\/\/www.progettocoscienzacosmica.com\/wp-content\/uploads\/2020\/12\/73504703_10156658440625980_2877828482904096768_o-1140x760.jpg 1140w, https:\/\/www.progettocoscienzacosmica.com\/wp-content\/uploads\/2020\/12\/73504703_10156658440625980_2877828482904096768_o-600x400.jpg 600w, https:\/\/www.progettocoscienzacosmica.com\/wp-content\/uploads\/2020\/12\/73504703_10156658440625980_2877828482904096768_o.jpg 1890w\" sizes=\"(max-width: 1024px) 100vw, 1024px\" \/><\/figure>\n\n\n\n<p>Accrescere quindi la conoscenza e contemporaneamente offrire il proprio sostegno sociale, un doppio aspetto che va&#8217; a creare <strong>un unione sacra<\/strong> ed indispensabile ai giorni nostri, con il tentativo di apportare il <strong>nostro contributo<\/strong> alla divulgazione di un sempre pi\u00f9 prezioso e necessario modus vivendi basato su azioni indirizzate alla <strong>crescita intellettiva<\/strong> e all&#8217; <strong>impegno sociale<\/strong> e di aiuto al prossimo.<\/p>\n\n\n\n<hr class=\"wp-block-separator is-style-default\"\/>\n\n\n\n<figure class=\"wp-block-image size-large\"><a href=\"https:\/\/donorbox.org\/un-fumetto-dal-cosmo-a-sostegno-dei-bambini-di-funima-international\"><img decoding=\"async\" width=\"1024\" height=\"122\" src=\"https:\/\/www.progettocoscienzacosmica.com\/wp-content\/uploads\/2020\/12\/UN-FUMETTO-DAL-COSMO-Logo-NO-TITOLO-1024x122.png\" alt=\"\" class=\"wp-image-1780\" srcset=\"https:\/\/www.progettocoscienzacosmica.com\/wp-content\/uploads\/2020\/12\/UN-FUMETTO-DAL-COSMO-Logo-NO-TITOLO-1024x122.png 1024w, https:\/\/www.progettocoscienzacosmica.com\/wp-content\/uploads\/2020\/12\/UN-FUMETTO-DAL-COSMO-Logo-NO-TITOLO-300x36.png 300w, https:\/\/www.progettocoscienzacosmica.com\/wp-content\/uploads\/2020\/12\/UN-FUMETTO-DAL-COSMO-Logo-NO-TITOLO-768x91.png 768w, https:\/\/www.progettocoscienzacosmica.com\/wp-content\/uploads\/2020\/12\/UN-FUMETTO-DAL-COSMO-Logo-NO-TITOLO-1536x183.png 1536w, https:\/\/www.progettocoscienzacosmica.com\/wp-content\/uploads\/2020\/12\/UN-FUMETTO-DAL-COSMO-Logo-NO-TITOLO-2048x244.png 2048w, https:\/\/www.progettocoscienzacosmica.com\/wp-content\/uploads\/2020\/12\/UN-FUMETTO-DAL-COSMO-Logo-NO-TITOLO-810x96.png 810w, https:\/\/www.progettocoscienzacosmica.com\/wp-content\/uploads\/2020\/12\/UN-FUMETTO-DAL-COSMO-Logo-NO-TITOLO-1140x136.png 1140w, https:\/\/www.progettocoscienzacosmica.com\/wp-content\/uploads\/2020\/12\/UN-FUMETTO-DAL-COSMO-Logo-NO-TITOLO-600x71.png 600w\" sizes=\"(max-width: 1024px) 100vw, 1024px\" \/><\/a><\/figure>\n\n\n\n<p><strong>\u201cUn Fumetto dal Cosmo\u201d<\/strong> \u00e9 un progetto che nasce da un idea di <strong>Sante Pagano<\/strong> presidente e fondatore dell\u2019 <strong>Associazione Culturale Progetto Coscienza Cosmica<\/strong>, ed il quale ha avuto la possibilit\u00e0 di prendere vita grazie alla preziosa collaborazione con il disegnatore amatoriale <strong>Giuseppe Corallo<\/strong>.<\/p>\n\n\n\n<p>Un\u2019 iniziativa che si prefigge di voler predisporre la <strong>fascia della&nbsp; fanciullezza<\/strong> e adolescenziale alla Conoscenza delle principali storie di <strong>uomini contattati<\/strong> da Civilt\u00e0 provenienti da altri mondi, puntando l\u2019 attenzione sul messaggio che tali esseri <strong>extra-planetari <\/strong>stanno cercando di recapitarci fin dall\u2019 inizio dei tempi.<\/p>\n\n\n\n<p>Trattasi di un <strong>messaggio<\/strong> che rinchiude in s\u00e9 un forte ed urgente invito alla <strong>denuclearizzazione<\/strong>, alla eliminazione di ogni tipo di <strong>guerra<\/strong> nel Mondo, alla <strong>collaborazione tra le varie Nazioni<\/strong> e alla fine di un <strong>sistema corrotto<\/strong> e corruttibile basato sulla competizione e sul denaro, il quale ancora oggi riesce a produrre gravissime conseguenze come la fame nel mondo e le <strong>ingiustizie<\/strong> di vario genere.<\/p>\n\n\n\n<p>Questo progetto quindi vuole contribuire alla coltivazione di una <strong>Coscienza Cosmica<\/strong>, una Coscienza che vuole contrapporsi a quella individualista tanto diffusa oggi nella nostra societ\u00e0, per dar vita ad individui propensi a <strong>donarsi al prossimo<\/strong> e ad&nbsp; abbracciare una visione pi\u00f9 totalitaria cosi che mirino al bene comune e che si spingano ben oltre i limiti di una semplice e delimitata percezione confinata al Pianeta in cui viviamo, raggiungendo quindi una Coscienza che si espanda nel <strong>Cosmo<\/strong>, imparando a vivere in armonia con il Creato intero, consapevoli di tutte le <strong>Leggi Universali <\/strong>che lo compongono.<\/p>\n\n\n\n<p>Oggi non \u00e9 pi\u00f9 possibile parlare di fede se ci prefiggiamo di trattare le tematiche riguardanti la <strong>realt\u00e0 Extraterrestre<\/strong>, ma si tratta ormai di un&nbsp; <strong>fatto oggettivato<\/strong> da documenti video-fotografici e soprattutto da pubblicazioni e dichiarazioni rilasciate da enti ufficiali e da figure ricoprenti le pi\u00f9 alte cariche istituzionali.<\/p>\n\n\n\n<p><em>Sante Pagano &#8211; Presidente e fondatore dell\u2019 Associazione Culturale Progetto Coscienza Cosmica<\/em><\/p>\n\n\n\n<p><\/p>\n\n\n\n<figure class=\"wp-block-image size-large\"><img decoding=\"async\" width=\"724\" height=\"1024\" src=\"https:\/\/www.progettocoscienzacosmica.com\/wp-content\/uploads\/2020\/12\/Copertina-Fronte-fumetto-siragusa-724x1024.jpg\" alt=\"\" class=\"wp-image-1993\" srcset=\"https:\/\/www.progettocoscienzacosmica.com\/wp-content\/uploads\/2020\/12\/Copertina-Fronte-fumetto-siragusa-724x1024.jpg 724w, https:\/\/www.progettocoscienzacosmica.com\/wp-content\/uploads\/2020\/12\/Copertina-Fronte-fumetto-siragusa-212x300.jpg 212w, https:\/\/www.progettocoscienzacosmica.com\/wp-content\/uploads\/2020\/12\/Copertina-Fronte-fumetto-siragusa-768x1086.jpg 768w, https:\/\/www.progettocoscienzacosmica.com\/wp-content\/uploads\/2020\/12\/Copertina-Fronte-fumetto-siragusa-1086x1536.jpg 1086w, https:\/\/www.progettocoscienzacosmica.com\/wp-content\/uploads\/2020\/12\/Copertina-Fronte-fumetto-siragusa-1448x2048.jpg 1448w, https:\/\/www.progettocoscienzacosmica.com\/wp-content\/uploads\/2020\/12\/Copertina-Fronte-fumetto-siragusa-810x1146.jpg 810w, https:\/\/www.progettocoscienzacosmica.com\/wp-content\/uploads\/2020\/12\/Copertina-Fronte-fumetto-siragusa-1140x1613.jpg 1140w, https:\/\/www.progettocoscienzacosmica.com\/wp-content\/uploads\/2020\/12\/Copertina-Fronte-fumetto-siragusa-600x849.jpg 600w, https:\/\/www.progettocoscienzacosmica.com\/wp-content\/uploads\/2020\/12\/Copertina-Fronte-fumetto-siragusa-scaled.jpg 1810w\" sizes=\"(max-width: 724px) 100vw, 724px\" \/><\/figure>\n\n\n\n<figure class=\"wp-block-image size-large\"><img decoding=\"async\" width=\"724\" height=\"1024\" src=\"https:\/\/www.progettocoscienzacosmica.com\/wp-content\/uploads\/2020\/12\/Copertina-Retro-fumetto-Siragusa-724x1024.jpg\" alt=\"\" class=\"wp-image-1994\" srcset=\"https:\/\/www.progettocoscienzacosmica.com\/wp-content\/uploads\/2020\/12\/Copertina-Retro-fumetto-Siragusa-724x1024.jpg 724w, https:\/\/www.progettocoscienzacosmica.com\/wp-content\/uploads\/2020\/12\/Copertina-Retro-fumetto-Siragusa-212x300.jpg 212w, https:\/\/www.progettocoscienzacosmica.com\/wp-content\/uploads\/2020\/12\/Copertina-Retro-fumetto-Siragusa-768x1086.jpg 768w, https:\/\/www.progettocoscienzacosmica.com\/wp-content\/uploads\/2020\/12\/Copertina-Retro-fumetto-Siragusa-1086x1536.jpg 1086w, https:\/\/www.progettocoscienzacosmica.com\/wp-content\/uploads\/2020\/12\/Copertina-Retro-fumetto-Siragusa-1448x2048.jpg 1448w, https:\/\/www.progettocoscienzacosmica.com\/wp-content\/uploads\/2020\/12\/Copertina-Retro-fumetto-Siragusa-810x1146.jpg 810w, https:\/\/www.progettocoscienzacosmica.com\/wp-content\/uploads\/2020\/12\/Copertina-Retro-fumetto-Siragusa-1140x1613.jpg 1140w, https:\/\/www.progettocoscienzacosmica.com\/wp-content\/uploads\/2020\/12\/Copertina-Retro-fumetto-Siragusa-600x849.jpg 600w, https:\/\/www.progettocoscienzacosmica.com\/wp-content\/uploads\/2020\/12\/Copertina-Retro-fumetto-Siragusa-scaled.jpg 1810w\" sizes=\"(max-width: 724px) 100vw, 724px\" \/><\/figure>","protected":false},"excerpt":{"rendered":"<p>EUGENIO SIRAGUSA, L\u2019UOMO VENUTO DA LONTANO.<\/p>\n<p>Il Progetto &#8220;Un Fumetto dal Cosmo\u201d presenta la storia del noto contattista Eugenio Siragusa raccontata tramite fumetti per i piu\u2019 giovani, ma anche per i pi\u00f9 grandi. Un libro che unisce la conoscenza all\u2019 aiuto umanitario.<\/p>","protected":false},"author":1,"featured_media":1718,"comment_status":"closed","ping_status":"closed","sticky":false,"template":"","format":"standard","meta":{"om_disable_all_campaigns":false,"_monsterinsights_skip_tracking":false,"_monsterinsights_sitenote_active":false,"_monsterinsights_sitenote_note":"","_monsterinsights_sitenote_category":0,"footnotes":""},"categories":[59,1],"tags":[],"class_list":["post-1727","post","type-post","status-publish","format-standard","has-post-thumbnail","hentry","category-libri","category-senza-categoria"],"aioseo_notices":[],"_links":{"self":[{"href":"https:\/\/www.progettocoscienzacosmica.com\/it\/wp-json\/wp\/v2\/posts\/1727","targetHints":{"allow":["GET"]}}],"collection":[{"href":"https:\/\/www.progettocoscienzacosmica.com\/it\/wp-json\/wp\/v2\/posts"}],"about":[{"href":"https:\/\/www.progettocoscienzacosmica.com\/it\/wp-json\/wp\/v2\/types\/post"}],"author":[{"embeddable":true,"href":"https:\/\/www.progettocoscienzacosmica.com\/it\/wp-json\/wp\/v2\/users\/1"}],"replies":[{"embeddable":true,"href":"https:\/\/www.progettocoscienzacosmica.com\/it\/wp-json\/wp\/v2\/comments?post=1727"}],"version-history":[{"count":50,"href":"https:\/\/www.progettocoscienzacosmica.com\/it\/wp-json\/wp\/v2\/posts\/1727\/revisions"}],"predecessor-version":[{"id":2017,"href":"https:\/\/www.progettocoscienzacosmica.com\/it\/wp-json\/wp\/v2\/posts\/1727\/revisions\/2017"}],"wp:featuredmedia":[{"embeddable":true,"href":"https:\/\/www.progettocoscienzacosmica.com\/it\/wp-json\/wp\/v2\/media\/1718"}],"wp:attachment":[{"href":"https:\/\/www.progettocoscienzacosmica.com\/it\/wp-json\/wp\/v2\/media?parent=1727"}],"wp:term":[{"taxonomy":"category","embeddable":true,"href":"https:\/\/www.progettocoscienzacosmica.com\/it\/wp-json\/wp\/v2\/categories?post=1727"},{"taxonomy":"post_tag","embeddable":true,"href":"https:\/\/www.progettocoscienzacosmica.com\/it\/wp-json\/wp\/v2\/tags?post=1727"}],"curies":[{"name":"wp","href":"https:\/\/api.w.org\/{rel}","templated":true}]}}