{"id":2018,"date":"2020-12-22T03:14:45","date_gmt":"2020-12-22T02:14:45","guid":{"rendered":"https:\/\/www.progettocoscienzacosmica.com\/?p=2018"},"modified":"2022-04-23T01:53:22","modified_gmt":"2022-04-22T23:53:22","slug":"lex-capo-della-cia-john-brennan-afferma-che-potrebbe-esserci-vita-oltre-la-terra","status":"publish","type":"post","link":"https:\/\/www.progettocoscienzacosmica.com\/it\/lex-capo-della-cia-john-brennan-afferma-che-potrebbe-esserci-vita-oltre-la-terra\/","title":{"rendered":"L&#8217;EX CAPO DELLA CIA JOHN BRENNAN AFFERMA: POTREBBE ESSERCI VITA OLTRE LA TERRA"},"content":{"rendered":"<p>In una nuova intervista, l&#8217;<strong>ex direttore della CIA<\/strong> John Brennan, il quale ha prestato servizio ad <strong>Obama<\/strong> per quattro anni, si \u00e8 espresso riguardo i video sugli <strong>UFO<\/strong> che sono emersi pubblicamente in un&nbsp;rapporto investigativo del <strong>New York Times nel 2017<\/strong> e che sono stati successivamente dichiarati come <strong>autentici<\/strong> dal <strong>Pentagono<\/strong>.<\/p>\n\n\n\n<p>&#8220;Ho visto alcuni di quei video dei piloti della Marina e devo dirti che ti fanno alzare le sopracciglia quando li guardi&#8221;, ha detto <strong>Brennan<\/strong> nell\u2019 intervista che \u00e8 stata condotta dal Mercatus Center della <strong>George Mason University<\/strong>.<\/p>\n\n\n\n<p>&#8220;Devi affrontare queste fenomenologie con una mente davvero aperta, ottenere quanti pi\u00f9 dati possibile e accumulare sempre pi\u00f9 esperienza da poter mettere in campo&#8221; ha spiegato l&#8217;ex direttore.<\/p>\n\n\n\n<p><\/p>\n\n\n\n<figure class=\"wp-block-image size-large\"><img decoding=\"async\" width=\"1024\" height=\"679\" src=\"https:\/\/www.progettocoscienzacosmica.com\/wp-content\/uploads\/2020\/12\/John-Brennan-cia-ufo-1024x679.jpg\" alt=\"\" class=\"wp-image-2020\" srcset=\"https:\/\/www.progettocoscienzacosmica.com\/wp-content\/uploads\/2020\/12\/John-Brennan-cia-ufo-1024x679.jpg 1024w, https:\/\/www.progettocoscienzacosmica.com\/wp-content\/uploads\/2020\/12\/John-Brennan-cia-ufo-300x199.jpg 300w, https:\/\/www.progettocoscienzacosmica.com\/wp-content\/uploads\/2020\/12\/John-Brennan-cia-ufo-768x510.jpg 768w, https:\/\/www.progettocoscienzacosmica.com\/wp-content\/uploads\/2020\/12\/John-Brennan-cia-ufo-810x537.jpg 810w, https:\/\/www.progettocoscienzacosmica.com\/wp-content\/uploads\/2020\/12\/John-Brennan-cia-ufo-1140x756.jpg 1140w, https:\/\/www.progettocoscienzacosmica.com\/wp-content\/uploads\/2020\/12\/John-Brennan-cia-ufo-600x398.jpg 600w, https:\/\/www.progettocoscienzacosmica.com\/wp-content\/uploads\/2020\/12\/John-Brennan-cia-ufo.jpg 1236w\" sizes=\"(max-width: 1024px) 100vw, 1024px\" \/><figcaption>L&#8217;ex direttore della CIA John Brennan<\/figcaption><\/figure>\n\n\n\n<p>Alla domanda circa le sue opinioni riguardo le teorie che parlano di <strong>vita aliena<\/strong>, Brennan ha evitato di diventare troppo letterale.<\/p>\n\n\n\n<p>&#8220;La vita pu\u00f2 esprimersi in molti modi diversi&#8221;, ha detto.&nbsp;&#8220;Penso che sia un po\u2019 presuntuoso ed arrogante da parte nostra credere che non ci siano altre forma di vita l\u00ed fuori nell&#8217;Universo.&#8221;<\/p>\n\n\n\n<p>\u201cAlcuni dei fenomeni che continuiamo ad interpretare come inspiegabili potrebbero in effetti essere un qualche tipo di fenomenologia che qualcuno potrebbe ricondurre ad una qualche forma di vita diversa\u201d.&nbsp;In altre parole, la realt\u00e0 degli <strong>UFO<\/strong> potrebbe essere senza nessun problema rilegata a <strong>civilt\u00e0 provenienti da altri pianeti<\/strong>.<\/p>\n\n\n\n<p>Queste quindi sono le dichiarazioni che ha rilasciato un <strong>ex direttore della CIA<\/strong>, e non un qualsiasi pinco pallino, affermazioni rilasciate cos\u00ed, nude e crude, senza dover star l\u00ed a fare tanti giri di parole. <strong>Dichiarazioni sconcertanti<\/strong> e che non lasciano adito a varie e personali interpretazioni, almeno che non ci si voglia, come spesso accade, dilettare nel costruire realt\u00e0 e verit\u00e0 esistenti solo in mondi fiabeschi e fantasiosi, o ancor peggio distorcere le varie dichiarazioni a proprio piacimento e per i pi\u00f9 vari scopi.<\/p>\n\n\n\n<p>Gli alti funzionari del governo comunque a prescindere da tutto e tutti, stanno continuando ad esprimersi ruguardo i cosiddetti UFO, affermando esplicitamente che questi posseggono tecnologie davvero sbalorditive e che l\u2019esistenza di vita aliena \u00e8 una possibilit\u00e0 che dovrebbe essere presa seriamente in considerazione.<\/p>\n\n\n\n<figure class=\"wp-block-image size-large\"><img decoding=\"async\" width=\"1024\" height=\"575\" src=\"https:\/\/www.progettocoscienzacosmica.com\/wp-content\/uploads\/2020\/12\/ufo-1-1024x575.jpg\" alt=\"\" class=\"wp-image-2021\" srcset=\"https:\/\/www.progettocoscienzacosmica.com\/wp-content\/uploads\/2020\/12\/ufo-1-1024x575.jpg 1024w, https:\/\/www.progettocoscienzacosmica.com\/wp-content\/uploads\/2020\/12\/ufo-1-300x168.jpg 300w, https:\/\/www.progettocoscienzacosmica.com\/wp-content\/uploads\/2020\/12\/ufo-1-768x431.jpg 768w, https:\/\/www.progettocoscienzacosmica.com\/wp-content\/uploads\/2020\/12\/ufo-1-1536x862.jpg 1536w, https:\/\/www.progettocoscienzacosmica.com\/wp-content\/uploads\/2020\/12\/ufo-1-2048x1150.jpg 2048w, https:\/\/www.progettocoscienzacosmica.com\/wp-content\/uploads\/2020\/12\/ufo-1-810x455.jpg 810w, https:\/\/www.progettocoscienzacosmica.com\/wp-content\/uploads\/2020\/12\/ufo-1-1140x640.jpg 1140w, https:\/\/www.progettocoscienzacosmica.com\/wp-content\/uploads\/2020\/12\/ufo-1-600x337.jpg 600w\" sizes=\"(max-width: 1024px) 100vw, 1024px\" \/><\/figure>\n\n\n\n<p>Siamo quindi davvero&nbsp;soli nell&#8217;universo?&nbsp;Molti purtroppo continuano a non voler conoscere una risposta a questa domanda, ma diverse persone ai vertici dei <strong>governi<\/strong> hanno ormai gi\u00e0 iniziato a parlare pubblicamente di quanto <strong>seriamente vorrebbero prendere tali tematiche<\/strong> e perci\u00f2 sembrerebbe che una divulgazione a riguardo non possa che continuare.&nbsp;Come ad esempio l&#8217;ex leader della maggioranza al Senato <strong>Harry Reid<\/strong>, il quale \u00e8 stato particolarmente <strong>esplicito<\/strong> al riguardo.&nbsp;&#8220;Il governo federale in tutti questi anni ha nascosto importanti informazioni sugli UFO, ha fermato ed ostacolato qualsiasi verit\u00e0 a riguardo&#8221;, ha&nbsp;detto&nbsp;appunto Reid&nbsp;in&nbsp;<em>The Phenomenon<\/em>&nbsp;, un importantissimo documentario&nbsp;uscito ad ottobre.&nbsp;&#8220;Penso che questo atteggiamento sia molto, molto negativo per il nostro paese&#8221; ha aggiunto.<\/p>\n\n\n\n<figure class=\"wp-block-image size-large\"><img decoding=\"async\" width=\"1024\" height=\"570\" src=\"https:\/\/www.progettocoscienzacosmica.com\/wp-content\/uploads\/2020\/12\/Schermata-2020-12-22-alle-03.03.12-1024x570.png\" alt=\"\" class=\"wp-image-2022\" srcset=\"https:\/\/www.progettocoscienzacosmica.com\/wp-content\/uploads\/2020\/12\/Schermata-2020-12-22-alle-03.03.12-1024x570.png 1024w, https:\/\/www.progettocoscienzacosmica.com\/wp-content\/uploads\/2020\/12\/Schermata-2020-12-22-alle-03.03.12-300x167.png 300w, https:\/\/www.progettocoscienzacosmica.com\/wp-content\/uploads\/2020\/12\/Schermata-2020-12-22-alle-03.03.12-768x427.png 768w, https:\/\/www.progettocoscienzacosmica.com\/wp-content\/uploads\/2020\/12\/Schermata-2020-12-22-alle-03.03.12-1536x854.png 1536w, https:\/\/www.progettocoscienzacosmica.com\/wp-content\/uploads\/2020\/12\/Schermata-2020-12-22-alle-03.03.12-2048x1139.png 2048w, https:\/\/www.progettocoscienzacosmica.com\/wp-content\/uploads\/2020\/12\/Schermata-2020-12-22-alle-03.03.12-810x451.png 810w, https:\/\/www.progettocoscienzacosmica.com\/wp-content\/uploads\/2020\/12\/Schermata-2020-12-22-alle-03.03.12-1140x634.png 1140w, https:\/\/www.progettocoscienzacosmica.com\/wp-content\/uploads\/2020\/12\/Schermata-2020-12-22-alle-03.03.12-600x334.png 600w\" sizes=\"(max-width: 1024px) 100vw, 1024px\" \/><\/figure>\n\n\n\n<p>Mai fino ad oggi, dove fin dai tempi del massimo splendore <strong>degli anni &#8217;60 e &#8217;70<\/strong>,&nbsp;in cui era davvero alto l\u2019interesse sulle tematiche <strong>UFO, <\/strong>c&#8217;era stata cos\u00ec tanta attenzione dedicata al tema delle&nbsp;<strong>navi extraterrestri <\/strong>che&nbsp;ronzano attorno al nostro pianeta. Negli ultimi anni, stiamo assistendo ad una vastissima e costante serie di&nbsp;<strong>documenti declassificati dal Pentagono<\/strong>, di testimonianze di <strong>piloti della Marina<\/strong> e di immagini e video di volo di <strong>strani velivoli<\/strong> che eseguono manovre che sfidano ogni legge fisica conosciuta. Una lista di prove e dichiarazioni, che nonostante i vari tentativi di fare <strong>disinformazione<\/strong> e depistaggio, sta nuovamente alimentando positivamente l&#8217;immaginario collettivo del pubblico e una <strong>fede nei dischi volanti<\/strong> provenienti da altri pianeti <strong>sta rifiorendo<\/strong>.<\/p>\n\n\n\n<p>Lo abbiamo gi\u00e0 detto e ridetto, ma vale la pena continuare a ricordarselo nel tentativo di non sviarci dalla oggettiva realt\u00e0 dei fatti. I <strong>Governi<\/strong> hanno certamente avviato un programma di sensibilizzazione e rivelazione circa le tematiche relative alla <strong>vita aliena<\/strong>, spinti sicuramente da interessi non propriamente mirati ad una <strong>disclosure<\/strong> veritiera e costruttiva, ma che ormai non \u00e8 pi\u00f9 possibile nascondere come \u00e8 stato fatto finora. I tempi sono ormai in procinto di maturare, i popoli sono sempre pi\u00f9 consapevoli ed aperti a tali tematiche, ed \u00e8 sempre pi\u00f9 chiaro ed evidente che <strong>la verit\u00e0<\/strong>, per quanto molti possano cercare di manipolarla, presto si scaglier\u00e0 inesorabilmente di fronte ai nostri occhi, sbattendoci in faccia la reale composizione dei fatti e facendo cadere una volta per tutte ogni miserabile menzogna circa la reale natura che riguarda la visita di queste meravigliose e maestose <strong>super-civilt\u00e0<\/strong> che ci <strong>visitano<\/strong> e che ci <strong>proteggono <\/strong>ormai fin dall\u2019alba dei tempi.<\/p>\n\n\n\n<div class=\"wp-block-group\"><div class=\"wp-block-group__inner-container is-layout-flow wp-block-group-is-layout-flow\">\n<div class=\"wp-block-group\"><div class=\"wp-block-group__inner-container is-layout-flow wp-block-group-is-layout-flow\">\n<p><em>Sante Pagano<\/em> <\/p>\n\n\n\n<p>22 Dicembre 2020<\/p>\n\n\n\n<p><\/p>\n<\/div><\/div>\n<\/div><\/div>\n\n\n\n<p>Fonte: <a href=\"https:\/\/nypost.com\/2020\/12\/21\/ex-cia-boss-john-brennan-believes-there-may-be-life-beyond-earth\/\">https:\/\/nypost.com\/2020\/12\/21\/ex-cia-boss-john-brennan-believes-there-may-be-life-beyond-earth\/<\/a><\/p>\n\n\n\n<figure class=\"wp-block-image size-large\"><img decoding=\"async\" width=\"1024\" height=\"394\" src=\"https:\/\/www.progettocoscienzacosmica.com\/wp-content\/uploads\/2020\/12\/GettyImages-612876810_master-1300x500-1-1024x394.jpg\" alt=\"\" class=\"wp-image-2024\" srcset=\"https:\/\/www.progettocoscienzacosmica.com\/wp-content\/uploads\/2020\/12\/GettyImages-612876810_master-1300x500-1-1024x394.jpg 1024w, https:\/\/www.progettocoscienzacosmica.com\/wp-content\/uploads\/2020\/12\/GettyImages-612876810_master-1300x500-1-300x115.jpg 300w, https:\/\/www.progettocoscienzacosmica.com\/wp-content\/uploads\/2020\/12\/GettyImages-612876810_master-1300x500-1-768x295.jpg 768w, https:\/\/www.progettocoscienzacosmica.com\/wp-content\/uploads\/2020\/12\/GettyImages-612876810_master-1300x500-1-810x312.jpg 810w, https:\/\/www.progettocoscienzacosmica.com\/wp-content\/uploads\/2020\/12\/GettyImages-612876810_master-1300x500-1-1140x438.jpg 1140w, https:\/\/www.progettocoscienzacosmica.com\/wp-content\/uploads\/2020\/12\/GettyImages-612876810_master-1300x500-1-600x231.jpg 600w, https:\/\/www.progettocoscienzacosmica.com\/wp-content\/uploads\/2020\/12\/GettyImages-612876810_master-1300x500-1.jpg 1300w\" sizes=\"(max-width: 1024px) 100vw, 1024px\" \/><figcaption>NEW YORK POST<\/figcaption><\/figure>","protected":false},"excerpt":{"rendered":"<p>In una nuova intervista, l&#8217;ex direttore della CIA John Brennan, il quale ha prestato servizio ad Obama per quattro anni, si \u00e8 espresso riguardo i video sugli UFO che sono emersi pubblicamente in un&nbsp;rapporto investigativo del New York Times nel 2017 e che sono stati successivamente dichiarati come autentici dal Pentagono. &#8220;Ho visto alcuni di [&hellip;]<\/p>\n","protected":false},"author":1,"featured_media":2025,"comment_status":"closed","ping_status":"closed","sticky":false,"template":"","format":"standard","meta":{"om_disable_all_campaigns":false,"_monsterinsights_skip_tracking":false,"_monsterinsights_sitenote_active":false,"_monsterinsights_sitenote_note":"","_monsterinsights_sitenote_category":0,"footnotes":""},"categories":[1,70],"tags":[],"class_list":["post-2018","post","type-post","status-publish","format-standard","has-post-thumbnail","hentry","category-senza-categoria","category-ufo-e-e-t"],"aioseo_notices":[],"_links":{"self":[{"href":"https:\/\/www.progettocoscienzacosmica.com\/it\/wp-json\/wp\/v2\/posts\/2018","targetHints":{"allow":["GET"]}}],"collection":[{"href":"https:\/\/www.progettocoscienzacosmica.com\/it\/wp-json\/wp\/v2\/posts"}],"about":[{"href":"https:\/\/www.progettocoscienzacosmica.com\/it\/wp-json\/wp\/v2\/types\/post"}],"author":[{"embeddable":true,"href":"https:\/\/www.progettocoscienzacosmica.com\/it\/wp-json\/wp\/v2\/users\/1"}],"replies":[{"embeddable":true,"href":"https:\/\/www.progettocoscienzacosmica.com\/it\/wp-json\/wp\/v2\/comments?post=2018"}],"version-history":[{"count":5,"href":"https:\/\/www.progettocoscienzacosmica.com\/it\/wp-json\/wp\/v2\/posts\/2018\/revisions"}],"predecessor-version":[{"id":2876,"href":"https:\/\/www.progettocoscienzacosmica.com\/it\/wp-json\/wp\/v2\/posts\/2018\/revisions\/2876"}],"wp:featuredmedia":[{"embeddable":true,"href":"https:\/\/www.progettocoscienzacosmica.com\/it\/wp-json\/wp\/v2\/media\/2025"}],"wp:attachment":[{"href":"https:\/\/www.progettocoscienzacosmica.com\/it\/wp-json\/wp\/v2\/media?parent=2018"}],"wp:term":[{"taxonomy":"category","embeddable":true,"href":"https:\/\/www.progettocoscienzacosmica.com\/it\/wp-json\/wp\/v2\/categories?post=2018"},{"taxonomy":"post_tag","embeddable":true,"href":"https:\/\/www.progettocoscienzacosmica.com\/it\/wp-json\/wp\/v2\/tags?post=2018"}],"curies":[{"name":"wp","href":"https:\/\/api.w.org\/{rel}","templated":true}]}}