{"id":2062,"date":"2021-01-19T03:37:20","date_gmt":"2021-01-19T02:37:20","guid":{"rendered":"https:\/\/www.progettocoscienzacosmica.com\/?p=2062"},"modified":"2024-04-03T17:10:58","modified_gmt":"2024-04-03T15:10:58","slug":"demi-lovato-filma-due-ufo-in-cielo-stanno-arrivando","status":"publish","type":"post","link":"https:\/\/www.progettocoscienzacosmica.com\/it\/demi-lovato-filma-due-ufo-in-cielo-stanno-arrivando\/","title":{"rendered":"DEMI LOVATO FILMA DUE UFO IN CIELO: \u201cSTANNO ARRIVANDO\u201d"},"content":{"rendered":"<p>La cantante, appassionata di&nbsp;<strong>UFO<\/strong>, ha condiviso su Instagram un nuovo&nbsp;<strong>video<\/strong>&nbsp;dove<strong>&nbsp;<\/strong>dove riprende il cielo con&nbsp;<strong>due oggetti non identificati<\/strong>&nbsp;che si muovono in modo particolarmente strano. Lei non \u00e8 minimante preoccupata, anzi.&nbsp;<\/p>\n\n\n\n<p>Lovato, la famosa artista 28enne gi\u00e0 nel 2016 dichiar\u00f2 ufficialmente di credere nelle forme di&nbsp;<strong>vita extraterrestri<\/strong>&nbsp;e ammise di aver visto un UFO.<\/p>\n\n\n\n<p>Il suo interesse non si ferm\u00f2 ad allora, lo scorso ottobre dichiarava di aver conosciuto il&nbsp;<strong>Dottor Greer<\/strong>, da lei stessa descritto come \u201cuna delle autorit\u00e0 pi\u00f9 importanti al mondo sull\u2019<strong>Intelligenza Extraterrestre<\/strong>\u201c e di aver assistito a fenomeni insoliti nel cielo avendo partecipato ad alcuni incontri dei noti gruppi&nbsp;<strong>CE5<\/strong>, dichiarando che questi oggetti interagivano in maniera intelligente.<\/p>\n\n\n\n<figure class=\"wp-block-image size-large\"><img decoding=\"async\" width=\"503\" height=\"283\" src=\"https:\/\/www.progettocoscienzacosmica.com\/wp-content\/uploads\/2021\/01\/86A584E3-2972-4FAF-B8AE-D498F8ED330E-edited.png\" alt=\"\" class=\"wp-image-2065\" srcset=\"https:\/\/www.progettocoscienzacosmica.com\/wp-content\/uploads\/2021\/01\/86A584E3-2972-4FAF-B8AE-D498F8ED330E-edited.png 503w, https:\/\/www.progettocoscienzacosmica.com\/wp-content\/uploads\/2021\/01\/86A584E3-2972-4FAF-B8AE-D498F8ED330E-edited-300x169.png 300w\" sizes=\"(max-width: 503px) 100vw, 503px\" \/><\/figure>\n\n\n\n<p>Sabato 16 gennaio,&nbsp;<strong>Demi Lovato<\/strong>&nbsp;ha filmato qualcosa di insolito nel cielo e l&#8217;ha condiviso online. Il breve videoclip mostra&nbsp;<strong>due sfere luminose<\/strong>&nbsp;che sorvolano in formazione il cielo fino a scomparire sopra di lei. Nel video la si pu\u00f2 addirittura sentire in sottofondo dire: &#8220;Wow, che ca **o stanno arrivando&#8221;.<\/p>\n\n\n\n<p><strong>Lovato ha recentemente parlato del suo interesse per gli UFO<\/strong>&nbsp;in una conversazione con Kesha in un recente podcast \u201cKesha and The Creepies\u201d. Nella loro conversazione, Lovato aveva ricordato di aver trascorso del tempo a Joshua Tree, in California, appunto assieme al Dottor Greer \u201c<strong>Abbiamo visto questa luce molto, molto forte<\/strong>. Prima di tutto questa sfera blu ha iniziato a galleggiare davanti a noi, venti o trenta piedi distante.&nbsp;<strong>Quando cercavo di andarci vicina, si allontanava<\/strong>&nbsp;di altri venti o trenta piedi. Per cui non sono riuscita a prenderla, ma ci ho provato\u201d.<\/p>\n\n\n\n<figure class=\"wp-block-image size-large\"><img decoding=\"async\" width=\"990\" height=\"557\" src=\"https:\/\/www.progettocoscienzacosmica.com\/wp-content\/uploads\/2021\/01\/B6641C3D-3B94-4224-9DE0-31ABEE7A7331.jpeg\" alt=\"\" class=\"wp-image-2067\" srcset=\"https:\/\/www.progettocoscienzacosmica.com\/wp-content\/uploads\/2021\/01\/B6641C3D-3B94-4224-9DE0-31ABEE7A7331.jpeg 990w, https:\/\/www.progettocoscienzacosmica.com\/wp-content\/uploads\/2021\/01\/B6641C3D-3B94-4224-9DE0-31ABEE7A7331-300x169.jpeg 300w, https:\/\/www.progettocoscienzacosmica.com\/wp-content\/uploads\/2021\/01\/B6641C3D-3B94-4224-9DE0-31ABEE7A7331-768x432.jpeg 768w, https:\/\/www.progettocoscienzacosmica.com\/wp-content\/uploads\/2021\/01\/B6641C3D-3B94-4224-9DE0-31ABEE7A7331-810x456.jpeg 810w, https:\/\/www.progettocoscienzacosmica.com\/wp-content\/uploads\/2021\/01\/B6641C3D-3B94-4224-9DE0-31ABEE7A7331-600x338.jpeg 600w\" sizes=\"(max-width: 990px) 100vw, 990px\" \/><\/figure>\n\n\n\n<p>Demi aveva spiegato di aver fatto questi avvistamenti grazie alla meditazione: \u00abHo scavato in profondit\u00e0, ho sperimentato non solo pace e serenit\u00e0 come mai prima, ma ho anche assistito ad avvistamenti incredibilmente profondi sia in cielo che a pochi metri di distanza da me\u00bb.<\/p>\n\n\n\n<figure class=\"wp-block-image size-large\"><img decoding=\"async\" width=\"1024\" height=\"576\" src=\"https:\/\/www.progettocoscienzacosmica.com\/wp-content\/uploads\/2021\/01\/991DA0ED-5B5C-465B-9936-4FEBA24C63CD-1024x576.jpeg\" alt=\"\" class=\"wp-image-2076\" srcset=\"https:\/\/www.progettocoscienzacosmica.com\/wp-content\/uploads\/2021\/01\/991DA0ED-5B5C-465B-9936-4FEBA24C63CD-1024x576.jpeg 1024w, https:\/\/www.progettocoscienzacosmica.com\/wp-content\/uploads\/2021\/01\/991DA0ED-5B5C-465B-9936-4FEBA24C63CD-300x169.jpeg 300w, https:\/\/www.progettocoscienzacosmica.com\/wp-content\/uploads\/2021\/01\/991DA0ED-5B5C-465B-9936-4FEBA24C63CD-768x432.jpeg 768w, https:\/\/www.progettocoscienzacosmica.com\/wp-content\/uploads\/2021\/01\/991DA0ED-5B5C-465B-9936-4FEBA24C63CD-810x456.jpeg 810w, https:\/\/www.progettocoscienzacosmica.com\/wp-content\/uploads\/2021\/01\/991DA0ED-5B5C-465B-9936-4FEBA24C63CD-1140x641.jpeg 1140w, https:\/\/www.progettocoscienzacosmica.com\/wp-content\/uploads\/2021\/01\/991DA0ED-5B5C-465B-9936-4FEBA24C63CD-600x338.jpeg 600w, https:\/\/www.progettocoscienzacosmica.com\/wp-content\/uploads\/2021\/01\/991DA0ED-5B5C-465B-9936-4FEBA24C63CD.jpeg 1280w\" sizes=\"(max-width: 1024px) 100vw, 1024px\" \/><\/figure>\n\n\n\n<p>\u00ab<strong>Il nostro pianeta \u00e8 in pericolo<\/strong>, ma noi possiamo cambiarlo insieme\u00bb, aveva aggiunto alla fine del post pubblicato lo scorso ottobre. \u201c<strong>Se potessimo convincere la popolazione<\/strong>&nbsp;a meditare e cercare il contatto,&nbsp;<strong>costringeremmo i nostri governi&nbsp;<\/strong>a riconoscere la verit\u00e0 sulla&nbsp;<strong>vita extraterrestre<\/strong>&nbsp;e a cambiare quelle nostre abitudini che purtroppo distruggendo il nostro pianeta\u201d.<\/p>\n\n\n\n<p>Questa volta invece oltre ad aver raccontato l\u2019accaduto Lovato \u00e8 riuscita anche a catturare il suo avvistamento e a pubblicarlo su Instagram, trasmettendo ad un pubblico vastissimo una grande ed importante testimonianza.<\/p>\n\n\n\n<p>Che sia l\u2019occasione giusta di poter raggiungere ed incuriosire una buona fetta di giovani ragazzi fan della cantante? D\u2019altronde il futuro non pu\u00f2 che essere in mano alle nuove generazioni, e se le sorti di questo povero e martoriato pianeta dipendono proprio dai giovani allora non c\u2019\u00e8 da meravigliarsi se qualcuno da lass\u00f9 cerchi di attirare la loro attenzione in tutte le maniere possibili vista la grande ignoranza e non curanza appositamente studiata e calcolata dei principali mainstream.&nbsp;<\/p>\n\n\n\n<p><em>Sante Pagano, 19 Gennaio 2021<\/em><\/p>","protected":false},"excerpt":{"rendered":"<p>La cantante, appassionata di&nbsp;UFO, ha condiviso su Instagram un nuovo&nbsp;video&nbsp;dove&nbsp;dove riprende il cielo con&nbsp;due oggetti non identificati&nbsp;che si muovono in modo particolarmente strano. Lei non \u00e8 minimante preoccupata, anzi.&nbsp; Lovato, la famosa artista 28enne gi\u00e0 nel 2016 dichiar\u00f2 ufficialmente di credere nelle forme di&nbsp;vita extraterrestri&nbsp;e ammise di aver visto un UFO. Il suo interesse non [&hellip;]<\/p>\n","protected":false},"author":1,"featured_media":2073,"comment_status":"closed","ping_status":"closed","sticky":false,"template":"","format":"standard","meta":{"om_disable_all_campaigns":false,"_monsterinsights_skip_tracking":false,"_monsterinsights_sitenote_active":false,"_monsterinsights_sitenote_note":"","_monsterinsights_sitenote_category":0,"footnotes":""},"categories":[1,70],"tags":[],"class_list":["post-2062","post","type-post","status-publish","format-standard","has-post-thumbnail","hentry","category-senza-categoria","category-ufo-e-e-t"],"aioseo_notices":[],"_links":{"self":[{"href":"https:\/\/www.progettocoscienzacosmica.com\/it\/wp-json\/wp\/v2\/posts\/2062","targetHints":{"allow":["GET"]}}],"collection":[{"href":"https:\/\/www.progettocoscienzacosmica.com\/it\/wp-json\/wp\/v2\/posts"}],"about":[{"href":"https:\/\/www.progettocoscienzacosmica.com\/it\/wp-json\/wp\/v2\/types\/post"}],"author":[{"embeddable":true,"href":"https:\/\/www.progettocoscienzacosmica.com\/it\/wp-json\/wp\/v2\/users\/1"}],"replies":[{"embeddable":true,"href":"https:\/\/www.progettocoscienzacosmica.com\/it\/wp-json\/wp\/v2\/comments?post=2062"}],"version-history":[{"count":7,"href":"https:\/\/www.progettocoscienzacosmica.com\/it\/wp-json\/wp\/v2\/posts\/2062\/revisions"}],"predecessor-version":[{"id":4263,"href":"https:\/\/www.progettocoscienzacosmica.com\/it\/wp-json\/wp\/v2\/posts\/2062\/revisions\/4263"}],"wp:featuredmedia":[{"embeddable":true,"href":"https:\/\/www.progettocoscienzacosmica.com\/it\/wp-json\/wp\/v2\/media\/2073"}],"wp:attachment":[{"href":"https:\/\/www.progettocoscienzacosmica.com\/it\/wp-json\/wp\/v2\/media?parent=2062"}],"wp:term":[{"taxonomy":"category","embeddable":true,"href":"https:\/\/www.progettocoscienzacosmica.com\/it\/wp-json\/wp\/v2\/categories?post=2062"},{"taxonomy":"post_tag","embeddable":true,"href":"https:\/\/www.progettocoscienzacosmica.com\/it\/wp-json\/wp\/v2\/tags?post=2062"}],"curies":[{"name":"wp","href":"https:\/\/api.w.org\/{rel}","templated":true}]}}