{"id":2097,"date":"2021-02-04T02:16:27","date_gmt":"2021-02-04T01:16:27","guid":{"rendered":"https:\/\/www.progettocoscienzacosmica.com\/?p=2097"},"modified":"2023-10-15T17:24:54","modified_gmt":"2023-10-15T15:24:54","slug":"famoso-scienziato-afferma-dobbiamo-smettere-di-considerare-gli-ufo-come-una-minaccia","status":"publish","type":"post","link":"https:\/\/www.progettocoscienzacosmica.com\/it\/famoso-scienziato-afferma-dobbiamo-smettere-di-considerare-gli-ufo-come-una-minaccia\/","title":{"rendered":"FAMOSO SCIENZIATO AFFERMA: &#8220;DOBBIAMO SMETTERE DI CONSIDERARE GLI UFO COME UNA MINACCIA&#8221;"},"content":{"rendered":"<p>Il famoso astrofisico e scienziato <strong>Dr. Jacques Vall\u00e9e<\/strong> ha recentemente fatto un&#8217;apparizione allo <strong>show di Joe Rogan<\/strong> chiedendo che si smetta di considerare gli <strong>UFO come una minaccia<\/strong>. <em>\u201cQuale \u00e8 il motivo che ci porta a credere che questi oggetti rappresentino una minaccia per noi terrestri? Per quanto ancora il governo, insieme ai media mainstream, tenter\u00e0 di modificare la nostra percezione riguardo questo fenomeno fornendo un&#8217; <strong>immagine distorta di ci\u00f2 che questa realt\u00e0 rappresenta realmente<\/strong>?\u201d<\/em><\/p>\n\n\n\n<p><strong>&#8220;Dobbiamo smettere di riappresentare gli UFO come una minaccia&#8221;<\/strong> ripete riferendosi a Joe Regan durante l\u2019 intervista, <em>\u201cdietro questa <strong>nuova task force<\/strong> c\u2019\u00e8 un lavoro che non mi piace, e per quanto rispetto i miei colleghi devo dire che \u00e8 ora di finirla col divulgare tali <strong>informazioni assolutamente errate<\/strong>. Conoscendo bene la loro tecnologia sappiamo ormai che questi esseri grazie alla loro <strong>alta tecnologia<\/strong> non avrebbero il minimo problema nel far saltare in aria quegli F18, ma sappiamo anche che non lo fanno. <strong>Questa idea che tende ad etichettare tutto ci\u00f2 che ci \u00e8 sconosciuto come una minaccia \u00e8 un approccio totalmente sbagliato.\u201d<\/strong><\/em><\/p>\n\n\n\n<p>La &#8220;<strong>task force<\/strong>&#8221; alla quale Jacques Vall\u00e9e si riferisce \u00e9 quella appartenente al <strong>To The Stars Academy (TTSA)<\/strong> , la quale sta lavorando con il <strong>Dipartimento della Difesa degli Stati Uniti<\/strong> per rivelare al pubblico l\u2019 esistenza del <strong>fenomeno UFO<\/strong>. I jet militari a cui si riferisce sono quelli presenti nei famosi <strong>video rilasciati da questa organizzazione in collaborazione con il Pentagono<\/strong>, dove si vedono degli F18 inseguire e filmare oggetti volanti non identificati.<\/p>\n\n\n\n<p><em>\u201cLa <strong>TTSA<\/strong>, sin dall\u2019 inizio, ha avuto il privilegio di condividere la propria opinione sul fenomeno UFO <strong>sui principali media mainstream<\/strong>, e cio\u2019 ha creato un&#8217;enorme ondata di consapevolezza sul fatto che questi oggetti sono reali, che sono qui e che possono eseguire manovre che <strong>nessun macchinario di fabbricazione conosciuta pu\u00f2 neanche immaginarsi<\/strong>.\u201d<\/em><\/p>\n\n\n\n<p>Il <strong>Dr. Jacques Vall\u00e9e<\/strong> ha aggiunto ancora che nonostante questo per\u00f2, trova davvero strano vedere che il <strong>TTSA<\/strong> abbia avuto accesso ai principali media senza nessuna difficolt\u00e0. <em>\u201cA mio parere, questo previlegio deriva dai loro <strong>forti legami con il Dipartimento della Difesa<\/strong>, dato che sembrano lavorare direttamente con loro. \u00c8 inquietante tutto ci\u00f2, perch\u00e9 l\u00e0 fuori ci sono tanti <strong>ricercatori ufologici<\/strong> molto esperti e altrettanti <strong>testimoni di alto rango<\/strong> che potrebbero godere di grande credibilit\u00e0, ai quali <strong>\u00e8 stata sempre negata la possibilit\u00e0 di poter parlare attraverso canali cos\u00ec importanti<\/strong>. Perch\u00e9 questo privilegio appartiene solo al TTSA? Questo non \u00e8 un attacco a TTSA, sto semplicemente ponendo delle semplici e giustificate domande a carattere critico.\u201d<\/em><\/p>\n\n\n\n<p>Il Dr. Jacques Vall\u00e9e termina l\u2019 intervista dicendo che ormai non \u00e8 pi\u00f9 un segreto che la <strong>fiducia nei media tradizionali e nel governo sia ai minimi storici<\/strong>, e noi tutti sappiamo bene anche che loro hanno tutte le capacit\u00e0 e gli <strong>strumenti per poter manipolare l\u2019 informazione<\/strong> a proprio piacimento e a beneficio dei propri interessi.<\/p>\n\n\n\n<p>Nei riguardi della <strong>Realt\u00e0 Extraterrestre<\/strong>, quindi ha pi\u00fa volte ribadito <strong>Jacques Vall\u00e9e<\/strong>, che non sono purtroppo mancate le accuse diffamatorie che la tacciano come una presenza pericolosa per il genere umano, quando invece se si esegue una ricerca seria ed obiettiva ci si rende conto facilmente che <strong>la stragrande maggioranza degli incontri con gli UFO non \u00e8 indicativa di alcun tipo di minaccia<\/strong>. In molti casi anzi si pu\u00f2 notare che le <strong>manovre sono spesso &#8220;evasive&#8221;<\/strong>, proprio per evitare i nostri aerei, i quali si pongono spesso con atteggiamento aggressivo ed offensivo ben coscienti dei rischi che possono correre.<\/p>\n\n\n\n<p>Ma se quindi queste <strong>civilt\u00e0 extraterrestri<\/strong>, super-evolute da ogni punto di vista, <strong>non sono una minaccia<\/strong> per il genere umano, <strong>sar\u00e0 forse che lo sono invece per questi cari governi<\/strong> che tanto tengono a volerne screditare la benigna natura? Temono forse di poter essere spodestati e cacciati via dalle loro nefaste sedi di comando come fece <strong>Ges\u00f9 Cristo<\/strong> con i mercanti davanti le sinagoghe 2000 anni fa? Temono forse che quel <strong>grande gioco fatto di<\/strong> <strong>menzogne e potere<\/strong> attraverso il quale tengono in scacco l\u2019 intero Pianeta <strong>possa per causa di questi magnifici Esseri sgretolarsi?<\/strong><\/p>\n\n\n\n<p><strong>I potenti lo sanno bene<\/strong>, conoscono le vere intenzioni di queste Civilt\u00e0, poich\u00e9 <strong>queste non hanno mancato certamente nel riferirle<\/strong> loro direttamente, ma sanno anche che <strong>non potranno mentire a lungo<\/strong>, e che la loro \u00e8 una battaglia gi\u00e0 persa prima ancora che inizi, <strong>una consapevolezza che<\/strong> per\u00f2 nelle loro folli menti <strong>non trover\u00e0 mai quella divina saggezza<\/strong> che li possa portare ad una salvifica resa ed umile accettazione di tale infinita potenza appartenente a queste super Civilt\u00e0 Cosmiche. <strong>Una speranza<\/strong> che quindi non ha ragione di esistere nei cuori di queste dissennati, ma che sicuramente ha <strong>ancora grandi possibilit\u00e0 di germogliare negli animi di ogni semplice terrestre<\/strong>, il quale oggi \u00e8 chiamato ad <strong>una scelta epocale<\/strong>, una scelta che ci invita a capire se desideriamo lanciarci ciecamente verso questo <strong>baratro suicida<\/strong> e disumano fatto di materialismo ed egoismo sfrenato, tanto amato e pubblicizzato dai potenti, o a <strong>risvegliarsi nella Verit\u00e0<\/strong> ed abbracciare questa immensa ed incorruttibile realt\u00e0 fatta di <strong>Infinito Amore ed incommensurabile ed eterno senso di Giustizia.<\/strong><\/p>\n\n\n\n<p><em>Sante Pagano, 4 febbraio 2021<\/em><\/p>\n\n\n<figure class=\"wp-block-embed-youtube wp-block-embed is-type-video is-provider-youtube wp-embed-aspect-16-9 wp-has-aspect-ratio\"><div class=\"lyte-wrapper fourthree\" title=\"The Story of Children in Zimbabwe Encountering a UFO\" style=\"width:420px;max-width:100%;margin:5px;\"><div class=\"lyMe\" id=\"WYL_TukvVnadRic\" itemprop=\"video\" itemscope itemtype=\"https:\/\/schema.org\/VideoObject\"><div><meta itemprop=\"thumbnailUrl\" content=\"https:\/\/i.ytimg.com\/vi\/TukvVnadRic\/hqdefault.jpg\" \/><meta itemprop=\"embedURL\" content=\"https:\/\/www.youtube.com\/embed\/TukvVnadRic\" \/><meta itemprop=\"duration\" content=\"PT8M18S\" \/><meta itemprop=\"uploadDate\" content=\"2020-12-04T23:03:07Z\" \/><\/div><div id=\"lyte_TukvVnadRic\" data-src=\"https:\/\/i.ytimg.com\/vi\/TukvVnadRic\/hqdefault.jpg\" class=\"pL\"><div class=\"tC\"><div class=\"tT\" itemprop=\"name\">The Story of Children in Zimbabwe Encountering a UFO<\/div><\/div><div class=\"play\"><\/div><div class=\"ctrl\"><div class=\"Lctrl\"><\/div><div class=\"Rctrl\"><\/div><\/div><\/div><noscript><a href=\"https:\/\/youtu.be\/TukvVnadRic\" rel=\"nofollow\"><img decoding=\"async\" src=\"https:\/\/i.ytimg.com\/vi\/TukvVnadRic\/0.jpg\" alt=\"The Story of Children in Zimbabwe Encountering a UFO\" width=\"420\" height=\"295\" \/><br \/>Guarda questo video su YouTube<\/a><\/noscript><meta itemprop=\"description\" content=\"This clip is taken form the Joe Rogan Experience #1574 with Jacques Vall\u00e9e &amp; James Fox. https:\/\/open.spotify.com\/episode\/3cuW6TuyRnZxBNaQJeH2Ce?si=lTDbced8Reau4daQs2U6OQ\"><\/div><\/div><div class=\"lL\" style=\"max-width:100%;width:420px;margin:5px;\"><\/div><figcaption><\/figcaption><\/figure>\n\n\n<p>Fonti: <\/p>\n\n\n\n<p><a href=\"https:\/\/www.collective-evolution.com\/2021\/01\/31\/renowned-scientist-tells-joe-rogan-we-have-to-stop-reacting-to-ufos-as-a-threat\/\">https:\/\/www.collective-evolution.com\/2021\/01\/31\/renowned-scientist-tells-joe-rogan-we-have-to-stop-reacting-to-ufos-as-a-threat\/<\/a><\/p>\n\n\n\n<div class=\"wp-block-group\"><div class=\"wp-block-group__inner-container is-layout-flow wp-block-group-is-layout-flow\">\n<p><a href=\"https:\/\/www.youtube.com\/watch?v=TukvVnadRic&amp;t=404s\" data-type=\"URL\" data-id=\"https:\/\/www.youtube.com\/watch?v=TukvVnadRic&amp;t=404s\" target=\"_blank\" rel=\"noreferrer noopener\">www.youtu.be\/TukvVnadRic<\/a><\/p>\n<\/div><\/div>\n\n\n\n<p>Per approfondire le tematiche che riguardano la Realt\u00e0 Extraterrestre consigliamo: <a href=\"https:\/\/www.thebongiovannifamily.it\/\">https:\/\/www.thebongiovannifamily.it\/<\/a><\/p>","protected":false},"excerpt":{"rendered":"<p>Il famoso astrofisico e scienziato Dr. Jacques Vall\u00e9e ha recentemente fatto un&#8217;apparizione allo show di Joe Rogan chiedendo che si smetta di considerare gli UFO come una minaccia. \u201cQuale \u00e8 il motivo che ci porta a credere che questi oggetti rappresentino una minaccia per noi terrestri? Per quanto ancora il governo, insieme ai media mainstream, [&hellip;]<\/p>\n","protected":false},"author":1,"featured_media":2099,"comment_status":"closed","ping_status":"closed","sticky":false,"template":"","format":"standard","meta":{"om_disable_all_campaigns":false,"_monsterinsights_skip_tracking":false,"_monsterinsights_sitenote_active":false,"_monsterinsights_sitenote_note":"","_monsterinsights_sitenote_category":0,"footnotes":""},"categories":[1,70],"tags":[],"class_list":["post-2097","post","type-post","status-publish","format-standard","has-post-thumbnail","hentry","category-senza-categoria","category-ufo-e-e-t"],"aioseo_notices":[],"_links":{"self":[{"href":"https:\/\/www.progettocoscienzacosmica.com\/it\/wp-json\/wp\/v2\/posts\/2097","targetHints":{"allow":["GET"]}}],"collection":[{"href":"https:\/\/www.progettocoscienzacosmica.com\/it\/wp-json\/wp\/v2\/posts"}],"about":[{"href":"https:\/\/www.progettocoscienzacosmica.com\/it\/wp-json\/wp\/v2\/types\/post"}],"author":[{"embeddable":true,"href":"https:\/\/www.progettocoscienzacosmica.com\/it\/wp-json\/wp\/v2\/users\/1"}],"replies":[{"embeddable":true,"href":"https:\/\/www.progettocoscienzacosmica.com\/it\/wp-json\/wp\/v2\/comments?post=2097"}],"version-history":[{"count":4,"href":"https:\/\/www.progettocoscienzacosmica.com\/it\/wp-json\/wp\/v2\/posts\/2097\/revisions"}],"predecessor-version":[{"id":2866,"href":"https:\/\/www.progettocoscienzacosmica.com\/it\/wp-json\/wp\/v2\/posts\/2097\/revisions\/2866"}],"wp:featuredmedia":[{"embeddable":true,"href":"https:\/\/www.progettocoscienzacosmica.com\/it\/wp-json\/wp\/v2\/media\/2099"}],"wp:attachment":[{"href":"https:\/\/www.progettocoscienzacosmica.com\/it\/wp-json\/wp\/v2\/media?parent=2097"}],"wp:term":[{"taxonomy":"category","embeddable":true,"href":"https:\/\/www.progettocoscienzacosmica.com\/it\/wp-json\/wp\/v2\/categories?post=2097"},{"taxonomy":"post_tag","embeddable":true,"href":"https:\/\/www.progettocoscienzacosmica.com\/it\/wp-json\/wp\/v2\/tags?post=2097"}],"curies":[{"name":"wp","href":"https:\/\/api.w.org\/{rel}","templated":true}]}}