{"id":3183,"date":"2022-10-07T14:24:33","date_gmt":"2022-10-07T12:24:33","guid":{"rendered":"https:\/\/www.progettocoscienzacosmica.com\/?p=3183"},"modified":"2022-11-29T04:50:31","modified_gmt":"2022-11-29T03:50:31","slug":"quando-larte-e-solidarieta-supernova","status":"publish","type":"post","link":"https:\/\/www.progettocoscienzacosmica.com\/it\/quando-larte-e-solidarieta-supernova\/","title":{"rendered":"Quando l\u2019Arte \u00e8 Solidariet\u00e0: \u201cSUPERNOVA\u201d"},"content":{"rendered":"<p><strong>Supernova<\/strong>, un album concettuale che invita ad immergersi nella musica. Un magico oceano che avvolge e trasporta. <strong>Supernova<\/strong>, la fine di un ciclo e l&#8217;inizio di un altro. Queste melodie sono ispirate ed accompagnate da concetti specifici, i quali aiuteranno a comprendere i tempi che stiamo vivendo, spingendo lo sguardo dell\u2019ascoltatore oltre quella visione illusoria di cui il mondo si riveste.<\/p>\n\n\n\n<p>Il progetto <strong>\u201cQuando l\u2019Arte \u00e8 Solidariet\u00e0\u201d<\/strong> si rinnova, con un cd musicale che vi accompagner\u00e0 all\u2019interno di voi stessi, per poi inoltrarvi in un <strong>viaggio trascendentale <\/strong>attraverso il Cosmo, i Soli e i Pianeti, i quali prenderanno vita, e attraverso un <strong>linguaggio musicale onirico e futuristico<\/strong>, vi istruiranno ad una potente ed antica saggezza, che se fatta propria, potr\u00e0 spingervi al di l\u00e0 di ogni immaginabile conoscenza e consapevolezza, rendendo voi stessi parte integrante ed indissolubile di un Creato straordinariamente potente ed eterno. <\/p>\n\n\n\n<p><\/p>\n\n\n\n<h1 class=\"has-text-align-center wp-block-heading\"><strong><meta charset=\"utf-8\"><strong><span class=\"has-inline-color has-vce-meta-color\">Il nostro obiettivo<\/span><\/strong><\/strong><\/h1>\n\n\n\n<p><strong>Progetto Coscienza Cosmica,<\/strong>&nbsp;non solo vuole&nbsp;<strong>divulgare<\/strong>&nbsp;informazioni utili alla evoluzione dell\u2019individuo in ogni campo, ma anche&nbsp;<strong>fornire utili occasioni e strumenti efficaci<\/strong>, per poter mettere in pratica quegli&nbsp;<strong>insegnamenti<\/strong>&nbsp;apportati e divulgati dai pi\u00f9&nbsp;<strong>grandi Maestri<\/strong>&nbsp;che la storia ha avuto, e che hanno permesso il processo di evoluzione di questa umanit\u00e0.&nbsp;<strong>Grandi Uomini dalla Terra e dallo Spazio<\/strong>, che hanno impiegato, ed impiegano ancora oggi, tutta la loro vita ad uno stesso ed&nbsp;<strong>unico messaggio<\/strong>: ama il prossimo tuo come te stesso,&nbsp;<strong>agendo per il bene e schierandoti contro le ingiustizie,<\/strong>&nbsp;con la consapevolezza che la meditazione e lo studio, senza la messa in pratica, non solo non possono aiutarci nella crescita personale, ma possono addirittura portare ad una inesorabile e progressiva involuzione.&nbsp;<\/p>\n\n\n\n<h1 class=\"has-text-align-center wp-block-heading\"><strong><span class=\"has-inline-color has-vce-meta-color\">Quando l\u2019Arte \u00e8 Solidariet\u00e0<\/span><\/strong><\/h1>\n\n\n\n<p>Cos\u2019\u00e8&nbsp;<strong>l\u2019Arte<\/strong>&nbsp;se non un&nbsp;<strong>dono prezioso che si impegni a servire la societ\u00e0<\/strong>, e a favorirne lo sviluppo? <meta charset=\"utf-8\">Cos\u2019\u00e8&nbsp;<strong>l\u2019Arte<\/strong> se non uno strumento di crescita, denuncia e informazione? Questo \u00e8 il pensiero da cui \u00e8 nata una&nbsp;<strong>straordinaria collaborazione&nbsp;<\/strong>tra un grande artista ed un amante dell\u2019arte nella sua forma pi\u00f9 evoluta, nella sua forma pi\u00f9 utile ed efficace, senza il bisogno di dover rinunciare a quel semplice, ma essenziale, anzi vitale, piacere e bisogno di ascoltare e godersi della buona musica.&nbsp;<strong>Grazie a questo progetto<\/strong>&nbsp;avrete modo di raggiungere una doppia finalit\u00e0,&nbsp;<strong>coltivare la passione per la musica<\/strong>&nbsp;e partecipare attivamente ad <strong>un\u2019azione solidale<\/strong>&nbsp;verso chi \u00e8 costretto a vivere in&nbsp;<strong>condizioni disagiate<\/strong>.<\/p>\n\n\n\n<div class=\"wp-block-image\"><figure class=\"aligncenter is-resized\"><img decoding=\"async\" src=\"https:\/\/www.progettocoscienzacosmica.com\/wp-content\/uploads\/2021\/12\/73504703_10156658440625980_2877828482904096768_o-1024x683.jpg\" alt=\"\" width=\"381\" height=\"254\"\/><figcaption><strong>Associazione FUNIMA International Onlus<\/strong><\/figcaption><\/figure><\/div>\n\n\n\n<p>Facendo tuo tale cd musicale, <strong>contribuirai<\/strong> infatti, insieme all\u2019Associazione Culturale Progetto Coscienza Cosmica e al gruppo musicale Ultima Imagen, al <strong>sostegno di famiglie e bambini svantaggiati<\/strong>, poich\u00e9 <strong>l\u2019intero ricavato<\/strong> sar\u00e0 devoluto ai progetti <strong>dell\u2019Associazione FUNIMA International.<\/strong><\/p>\n\n\n\n<p><em>Sante Pagano &amp; Gonzalo Leal<\/em><\/p>\n\n\n\n<h1 class=\"has-text-align-center wp-block-heading\"><strong>Clicca sulla miniatura qui sotto per scaricare il cd musicale in versione <span style=\"text-decoration: underline;\">DIGITALE<\/span><\/strong><\/h1>\n\n\n\n<div class=\"wp-block-image is-style-default\"><figure class=\"aligncenter size-large is-resized\"><a href=\"https:\/\/donorbox.org\/quando-l-arte-e-solidarieta-supernova\"><img decoding=\"async\" src=\"https:\/\/www.progettocoscienzacosmica.com\/wp-content\/uploads\/2022\/10\/Mockup-vendita-CD-digitale-2-1024x853.jpg\" alt=\"\" class=\"wp-image-3193\" width=\"464\" height=\"386\" srcset=\"https:\/\/www.progettocoscienzacosmica.com\/wp-content\/uploads\/2022\/10\/Mockup-vendita-CD-digitale-2-1024x853.jpg 1024w, https:\/\/www.progettocoscienzacosmica.com\/wp-content\/uploads\/2022\/10\/Mockup-vendita-CD-digitale-2-300x250.jpg 300w, https:\/\/www.progettocoscienzacosmica.com\/wp-content\/uploads\/2022\/10\/Mockup-vendita-CD-digitale-2-768x640.jpg 768w, https:\/\/www.progettocoscienzacosmica.com\/wp-content\/uploads\/2022\/10\/Mockup-vendita-CD-digitale-2-1536x1280.jpg 1536w, https:\/\/www.progettocoscienzacosmica.com\/wp-content\/uploads\/2022\/10\/Mockup-vendita-CD-digitale-2-2048x1707.jpg 2048w, https:\/\/www.progettocoscienzacosmica.com\/wp-content\/uploads\/2022\/10\/Mockup-vendita-CD-digitale-2-14x12.jpg 14w, https:\/\/www.progettocoscienzacosmica.com\/wp-content\/uploads\/2022\/10\/Mockup-vendita-CD-digitale-2-810x675.jpg 810w, https:\/\/www.progettocoscienzacosmica.com\/wp-content\/uploads\/2022\/10\/Mockup-vendita-CD-digitale-2-1140x950.jpg 1140w, https:\/\/www.progettocoscienzacosmica.com\/wp-content\/uploads\/2022\/10\/Mockup-vendita-CD-digitale-2-600x500.jpg 600w\" sizes=\"(max-width: 464px) 100vw, 464px\" \/><\/a><\/figure><\/div>\n\n\n\n<p><a href=\"https:\/\/donorbox.org\/quando-l-arte-e-solidarieta-al-mondo-con-un-pugno-di-canzoni\"><\/a><\/p>\n\n\n\n<h1 class=\"has-text-align-center wp-block-heading\"><meta charset=\"utf-8\"><strong>Clicca sulle miniature qui sotto per acquistare il cd musicale in versione <span style=\"text-decoration: underline;\">FISICA<\/span>, scegliendo la lingua dei testi<\/strong><\/h1>\n\n\n\n<p><\/p>\n\n\n\n<div class=\"wp-block-image\"><figure class=\"aligncenter size-large is-resized\"><a href=\"https:\/\/wall.cdclick-europe.com\/projects\/SUPERNOVA\"><img decoding=\"async\" src=\"https:\/\/www.progettocoscienzacosmica.com\/wp-content\/uploads\/2022\/10\/Mockup-vendita-CD-fisico-ITALIANO-4-1024x576.jpg\" alt=\"\" class=\"wp-image-3198\" width=\"528\" height=\"297\"\/><\/a><\/figure><\/div>\n\n\n\n<div class=\"wp-block-image\"><figure class=\"aligncenter size-large is-resized\"><a href=\"https:\/\/wall.cdclick-europe.com\/projects\/SUPERNOVA_es\"><img decoding=\"async\" src=\"https:\/\/www.progettocoscienzacosmica.com\/wp-content\/uploads\/2022\/10\/Mockup-vendita-CD-fisico-SPAGNOLO-5-1024x576.jpg\" alt=\"\" class=\"wp-image-3200\" width=\"533\" height=\"299\"\/><\/a><\/figure><\/div>\n\n\n\n<hr class=\"wp-block-separator\"\/>\n\n\n\n<h2 class=\"has-text-align-center wp-block-heading\">GUARDA UNA BREVE PRESENTAZIONE DEL PROGETTO<\/h2>\n\n\n<figure class=\"wp-block-embed wp-block-embed-youtube is-type-video is-provider-youtube epyt-figure\"><div class=\"wp-block-embed__wrapper\"><div class=\"epyt-video-wrapper\"><iframe  data-ep-a=\"fadeIn\"  style=\"display: block; margin: 0px auto;\"  id=\"_ytid_22541\"  width=\"810\" height=\"456\"  data-origwidth=\"810\" data-origheight=\"456\" data-ep-src=\"https:\/\/www.youtube.com\/embed\/7Yh0qo1FBCg?enablejsapi=1&#038;autoplay=0&#038;cc_load_policy=0&#038;cc_lang_pref=&#038;iv_load_policy=1&#038;loop=0&#038;rel=0&#038;fs=0&#038;playsinline=0&#038;autohide=2&#038;hl=it_IT&#038;theme=dark&#038;color=red&#038;controls=1&#038;disablekb=0&#038;\" class=\"__youtube_prefs__  no-lazyload\" title=\"YouTube player\"  allow=\"fullscreen; accelerometer; autoplay; clipboard-write; encrypted-media; gyroscope; picture-in-picture; web-share\" referrerpolicy=\"strict-origin-when-cross-origin\" allowfullscreen data-no-lazy=\"1\" data-skipgform_ajax_framebjll=\"\"><\/iframe><\/div><\/div><\/figure>\n\n\n<hr class=\"wp-block-separator is-style-default\"\/>\n\n\n\n<h2 class=\"has-text-align-center wp-block-heading\">GUARDA IL VIDEO UFFICIALE DELLA TRACCIA SONORA &#8220;SUPERNOVA&#8221;<\/h2>\n\n\n<figure class=\"wp-block-embed wp-block-embed-youtube is-type-video is-provider-youtube epyt-figure\"><div class=\"wp-block-embed__wrapper\"><div class=\"epyt-video-wrapper\"><iframe  data-ep-a=\"fadeIn\"  style=\"display: block; margin: 0px auto;\"  id=\"_ytid_88766\"  width=\"810\" height=\"456\"  data-origwidth=\"810\" data-origheight=\"456\" data-ep-src=\"https:\/\/www.youtube.com\/embed\/wuelLl3Ceto?enablejsapi=1&#038;autoplay=0&#038;cc_load_policy=0&#038;cc_lang_pref=&#038;iv_load_policy=1&#038;loop=0&#038;rel=0&#038;fs=0&#038;playsinline=0&#038;autohide=2&#038;hl=it_IT&#038;theme=dark&#038;color=red&#038;controls=1&#038;disablekb=0&#038;\" class=\"__youtube_prefs__  no-lazyload\" title=\"YouTube player\"  allow=\"fullscreen; accelerometer; autoplay; clipboard-write; encrypted-media; gyroscope; picture-in-picture; web-share\" referrerpolicy=\"strict-origin-when-cross-origin\" allowfullscreen data-no-lazy=\"1\" data-skipgform_ajax_framebjll=\"\"><\/iframe><\/div><\/div><\/figure>\n\n\n<figure class=\"wp-block-pullquote is-style-default\"><blockquote><p><strong>Quando l\u2019Arte \u00e8 Solidariet\u00e0, perch\u00e9 l\u2019Arte \u00e8 un dono ed uno strumento che acquista valore solo quando posto al Servizio della Societ\u00e0.<\/strong><\/p><p><img decoding=\"async\" src=\"https:\/\/www.progettocoscienzacosmica.com\/wp-content\/uploads\/2021\/11\/IMG_4568-1024x576.jpg\" alt=\"Questa immagine ha l'attributo alt vuoto; il nome del file \u00e8 IMG_4568-1024x576.jpg\" style=\"background-color: initial; width: 300px;\"><\/p><cite><em>Sante Pagano<\/em> <br><em>Presidente e Fondatore dell\u2019Associazione Culturale Progetto Coscienza Cosmica<\/em><\/cite><\/blockquote><\/figure>\n\n\n\n<figure class=\"wp-block-image\"><a href=\"https:\/\/www.progettocoscienzacosmica.com\/sostieni-i-nostri-progetti\/\"><img decoding=\"async\" src=\"https:\/\/www.progettocoscienzacosmica.com\/wp-content\/uploads\/2022\/01\/Sostieni-ora-1-1024x576.jpg\" alt=\"\"\/><\/a><\/figure>","protected":false},"excerpt":{"rendered":"<p>Supernova, un album concettuale che invita ad immergersi nella musica. Un magico oceano che avvolge e trasporta. Supernova, la fine di un ciclo e l&#8217;inizio di un altro. Queste melodie sono ispirate ed accompagnate da concetti specifici, i quali aiuteranno a comprendere i tempi che stiamo vivendo, spingendo lo sguardo dell\u2019ascoltatore oltre quella visione illusoria [&hellip;]<\/p>\n","protected":false},"author":1,"featured_media":3186,"comment_status":"closed","ping_status":"closed","sticky":false,"template":"","format":"standard","meta":{"om_disable_all_campaigns":false,"_monsterinsights_skip_tracking":false,"_monsterinsights_sitenote_active":false,"_monsterinsights_sitenote_note":"","_monsterinsights_sitenote_category":0,"footnotes":""},"categories":[62,1],"tags":[],"class_list":["post-3183","post","type-post","status-publish","format-standard","has-post-thumbnail","hentry","category-musica","category-senza-categoria"],"aioseo_notices":[],"_links":{"self":[{"href":"https:\/\/www.progettocoscienzacosmica.com\/it\/wp-json\/wp\/v2\/posts\/3183","targetHints":{"allow":["GET"]}}],"collection":[{"href":"https:\/\/www.progettocoscienzacosmica.com\/it\/wp-json\/wp\/v2\/posts"}],"about":[{"href":"https:\/\/www.progettocoscienzacosmica.com\/it\/wp-json\/wp\/v2\/types\/post"}],"author":[{"embeddable":true,"href":"https:\/\/www.progettocoscienzacosmica.com\/it\/wp-json\/wp\/v2\/users\/1"}],"replies":[{"embeddable":true,"href":"https:\/\/www.progettocoscienzacosmica.com\/it\/wp-json\/wp\/v2\/comments?post=3183"}],"version-history":[{"count":19,"href":"https:\/\/www.progettocoscienzacosmica.com\/it\/wp-json\/wp\/v2\/posts\/3183\/revisions"}],"predecessor-version":[{"id":3231,"href":"https:\/\/www.progettocoscienzacosmica.com\/it\/wp-json\/wp\/v2\/posts\/3183\/revisions\/3231"}],"wp:featuredmedia":[{"embeddable":true,"href":"https:\/\/www.progettocoscienzacosmica.com\/it\/wp-json\/wp\/v2\/media\/3186"}],"wp:attachment":[{"href":"https:\/\/www.progettocoscienzacosmica.com\/it\/wp-json\/wp\/v2\/media?parent=3183"}],"wp:term":[{"taxonomy":"category","embeddable":true,"href":"https:\/\/www.progettocoscienzacosmica.com\/it\/wp-json\/wp\/v2\/categories?post=3183"},{"taxonomy":"post_tag","embeddable":true,"href":"https:\/\/www.progettocoscienzacosmica.com\/it\/wp-json\/wp\/v2\/tags?post=3183"}],"curies":[{"name":"wp","href":"https:\/\/api.w.org\/{rel}","templated":true}]}}