{"id":3473,"date":"2023-05-23T13:01:52","date_gmt":"2023-05-23T11:01:52","guid":{"rendered":"https:\/\/www.progettocoscienzacosmica.com\/?p=3473"},"modified":"2023-05-23T13:01:54","modified_gmt":"2023-05-23T11:01:54","slug":"ufo-e-presenza-extraterrestre-realta-oggettiva-e-inganno-della-mente","status":"publish","type":"post","link":"https:\/\/www.progettocoscienzacosmica.com\/it\/ufo-e-presenza-extraterrestre-realta-oggettiva-e-inganno-della-mente\/","title":{"rendered":"UFO E PRESENZA EXTRATERRESTRE: Realt\u00e0 oggettiva e Inganno della mente"},"content":{"rendered":"<p><em><strong>A cura di P.G. Caria<\/strong><\/em><\/p>\n\n\n\n<p>L\u2019aviazione extraterrestre opera sulla Terra ormai da decenni, in realt\u00e0 da molto pi\u00f9 tempo, ma nei modi che conosciamo possiamo far risalire l\u2019inizio di questa operativit\u00e0 a partire dai tempi della seconda Guerra Mondiale. In un recente articolo ho presentato una selezione di foto di sfere volanti metalliche di origine extraterrestre che coprono l\u2019intero arco della storia dell\u2019ufologia moderna, dai Foo Fighters avvistati durante la seconda guerra mondiale, sino alle recentissime immagini realizzate in Messico, a Valle Hermoso, da Juan Manuel Sanchez (<a href=\"https:\/\/bit.ly\/sfere-volanti-metalliche\" target=\"_blank\" rel=\"noreferrer noopener\">https:\/\/bit.ly\/sfere-volanti-metalliche<\/a>). In tale carrellata vi \u00e8 anche una recente immagine di una sfera volante estratta da un filmato registrato nel 2021, con il suo cellulare, dal pilota di un caccia militare americano mentre era in volo durante una esercitazione. Il filmato \u00e8 di pochi secondi e il velocissimo passaggio della sfera appare solo in alcuni fotogrammi, a seguire ne mostriamo un paio:<\/p>\n\n\n\n<figure class=\"wp-block-image size-full\"><img decoding=\"async\" width=\"800\" height=\"357\" src=\"https:\/\/www.progettocoscienzacosmica.com\/wp-content\/uploads\/2023\/05\/01-Sfera-pilota-Pentagono-mod-ingr-web-e1679340391289.jpg\" alt=\"\" class=\"wp-image-3475\" srcset=\"https:\/\/www.progettocoscienzacosmica.com\/wp-content\/uploads\/2023\/05\/01-Sfera-pilota-Pentagono-mod-ingr-web-e1679340391289.jpg 800w, https:\/\/www.progettocoscienzacosmica.com\/wp-content\/uploads\/2023\/05\/01-Sfera-pilota-Pentagono-mod-ingr-web-e1679340391289-300x134.jpg 300w, https:\/\/www.progettocoscienzacosmica.com\/wp-content\/uploads\/2023\/05\/01-Sfera-pilota-Pentagono-mod-ingr-web-e1679340391289-768x343.jpg 768w, https:\/\/www.progettocoscienzacosmica.com\/wp-content\/uploads\/2023\/05\/01-Sfera-pilota-Pentagono-mod-ingr-web-e1679340391289-18x8.jpg 18w\" sizes=\"(max-width: 800px) 100vw, 800px\" \/><\/figure>\n\n\n\n<p>Tutto questo materiale \u00e8 assolutamente genuino ed \u00e8 solo una minima parte, la piccola punta di un gigantesco iceberg di documenti che dimostrano inoppugnabilmente la presenza di tecnologia extraterrestre operativa nei cieli del nostro mondo. Una realt\u00e0 straordinaria, in grado di sconvolgere in modo impensabile e positivo la storia dell\u2019umanit\u00e0 che, invece, continua inesorabilmente la sua folle corsa autodistruttiva, ignorando questa verit\u00e0 nonostante l\u2019eclatante evidenza scientifica e probatoria del suddetto materiale. La realt\u00e0 oggettiva \u00e8 evidente, ma la coscienza dei pi\u00f9 rimane addormentata, incapace di una reazione ad un dato cos\u00ec straordinario e sconvolgente, per quanto provato ed indiscutibile oltre ogni dubbio. Questo fatto \u00e8 una prova evidente che l\u2019oggettivit\u00e0 soccombe di fronte al pervasivo effetto ipnotico di una manipolazione che ha ottenebrato la capacit\u00e0 di intendere e di volere della maggior parte dell\u2019umanit\u00e0. Sappiamo bene quali siano gli istituti occulti alla base di tale attivit\u00e0 manipolatoria, sappiamo bene quanto potente sia la loro azione, ma oggi la quantit\u00e0 di prove \u00e8 cos\u00ec schiacciante che una reazione sarebbe da aspettarsela. Eppure, a parte un limitato numero di casi, l\u2019evidenza del reale soccombe all\u2019irrazionale e la mente rigetta l\u2019oggettivo per rimanere nel soggettivo, che \u00e8 frutto di una incapacit\u00e0 generale di oltrepassare la barriera del condizionamento mentale e di cogliere l\u2019immensa ed eccezionale opportunit\u00e0 che ci viene da questa presenza cosmica.<\/p>\n\n\n\n<p>Persino il Pentagono ha iniziato a rivelare, eppure, a condurre le danze rimane sempre il potere che, nonostante l\u2019evidenza, nicchia e trattiene l\u2019affermazione che si tratta di tecnologia proveniente dagli spazi esterni. Il 19 aprile 2023 sono stati rilasciati dall\u2019istituto militare americano nuovi filmati, in particolare quello di una sfera metallica che sorvola una zona del Medio Oriente, ma, nonostante l\u2019ovviet\u00e0 implicita che si tratta di tecnologia extraterrestre, questa conferma non arriva (<a href=\"https:\/\/piergiorgiocaria.it\/blog\/19-aprile-2023-il-pentagono-rilascia-nuovi-video-ufo\/\" target=\"_blank\" rel=\"noreferrer noopener\">https:\/\/piergiorgiocaria.it\/blog\/19-aprile-2023-il-pentagono-rilascia-nuovi-video-ufo\/<\/a>), a seguire tre fotogrammi estratti da questo video:<\/p>\n\n\n\n<figure class=\"wp-block-image size-large\"><img decoding=\"async\" width=\"1024\" height=\"323\" src=\"https:\/\/www.progettocoscienzacosmica.com\/wp-content\/uploads\/2023\/05\/02-REEL01-web-1024x323.png\" alt=\"\" class=\"wp-image-3476\" srcset=\"https:\/\/www.progettocoscienzacosmica.com\/wp-content\/uploads\/2023\/05\/02-REEL01-web-1024x323.png 1024w, https:\/\/www.progettocoscienzacosmica.com\/wp-content\/uploads\/2023\/05\/02-REEL01-web-300x95.png 300w, https:\/\/www.progettocoscienzacosmica.com\/wp-content\/uploads\/2023\/05\/02-REEL01-web-768x242.png 768w, https:\/\/www.progettocoscienzacosmica.com\/wp-content\/uploads\/2023\/05\/02-REEL01-web-1536x485.png 1536w, https:\/\/www.progettocoscienzacosmica.com\/wp-content\/uploads\/2023\/05\/02-REEL01-web-18x6.png 18w, https:\/\/www.progettocoscienzacosmica.com\/wp-content\/uploads\/2023\/05\/02-REEL01-web-810x256.png 810w, https:\/\/www.progettocoscienzacosmica.com\/wp-content\/uploads\/2023\/05\/02-REEL01-web-1140x360.png 1140w, https:\/\/www.progettocoscienzacosmica.com\/wp-content\/uploads\/2023\/05\/02-REEL01-web.png 1600w\" sizes=\"(max-width: 1024px) 100vw, 1024px\" \/><\/figure>\n\n\n\n<p>Le coscienze rimangono legate ai loro giochi manipolatori, alla dipendenza dall\u2019autorit\u00e0, che ormai la domina in un rapporto di schiavit\u00f9, all\u2019incapacit\u00e0 di una libera e razionale analisi logica che apra gli occhi e porti ad una personale presa di posizione di fronte a tali fatti oggettivi. La massa \u00e8 mentalmente e sentimentalmente schiava di chi comanda il mondo, incapace di emanciparsi nell\u2019azione del libero pensiero svincolato dai condizionamenti mentali di chi ci domina con verga di ferro e sottile ma pervasivo inganno. Nel triste panorama del catastrofico scenario mondiale che scivola con sempre maggiore velocit\u00e0 verso un possibile conflitto di annichilimento nucleare, una tale condizione delle coscienze lascia poca speranza per un risveglio e una presa di posizione in grado di risalire questa triste china. \u201cIl potere non riforma s\u00e9 stesso\u201d ebbe amaramente a dire Giordano Bruno durante il processo che lo avrebbe condotto al rogo e, senza un risveglio dell\u2019umanit\u00e0 che la porti a liberarsi dal condizionamento, il rogo globale prender\u00e0 sempre pi\u00f9 forza, sino ad incenerire il futuro di questa civilt\u00e0. Anche i partigiani del male, per cecit\u00e0 e bieco interesse privato, sono accecati e rendendosi parte attiva dell\u2019inganno, sapendo bene di farne parte, anch\u2019essi corrono come somari matti verso la catastrofe: dominatori e dominati avvinghiati da un demoniaco e mortale abbraccio che li porter\u00e0 verso l\u2019ineluttabile e luttuoso destino. Siamo anche coscienti che, spesso, in molti hanno un iniziale risveglio, ma deboli, vili e traditori, ritornano nell\u2019ignavia iniziale, preferendo sperare acriticamente di salvare il loro misero angolo di comfort da schiavo senza speranza. Il film Matrix ha ben evidenziato questo stupido e vile atteggiamento di molti degli esseri umani quando Cypher chiede all\u2019agente Smith di rientrare in Matrix mentre mangiano in un ristorante. Riporto le fatidiche parole di Cypher:&nbsp;<em>\u201cvede, io so che questa bistecca non esiste, so che quando la infiler\u00f2 in bocca Matrix suggerir\u00e0 al mio cervello che \u00e8 succosa e deliziosa. Dopo nove anni sa che cosa ho capito?&nbsp;<strong>Che l\u2019ignoranza \u00e8 un bene!<\/strong>&nbsp;Io non voglio ricordare niente, niente! Sono stato chiaro? E voglio essere ricco, non so\u2026 una persona importante\u2026 un grande attore. Riportate il mio corpo alla centrale, reinseritemi dentro Matrix e vi dir\u00f2 tutto quello che volete\u201d.<\/em><\/p>\n\n\n\n<p>In questo desolante panorama, noi proseguiamo nel nostro tentativo di portare chiarezza e risveglio, suffragando con prove scientifiche valide aldil\u00e0 ogni dubbio, la realt\u00e0 oggettiva di questa stupefacente visita che certissimamente abbatter\u00e0 il tirannico dominio che grava sui popoli del pianeta Terra, liberando quei pochi che avranno saputo ribellarsi alla tirannia dell\u2019inganno.<\/p>\n\n\n\n<p>A seguire, presentiamo le efficaci e scrupolose analisi realizzate da Sante Pagano su alcuni scatti realizzati negli ultimi mesi a Valle Hermoso, stato di Tamaulipas, Messico. Analisi che, seppure con un leggero velo di incertezza, pi\u00f9 sul comportamento del testimone che sul materiale fotografico, il quale ha superato le rigorose verifiche dei software di analisi digitale utilizzati da Sante Pagano, dimostrano una volta di pi\u00f9 la realt\u00e0 di ci\u00f2 che \u00e8 evidente davanti agli occhi, ma che \u00e8 negato dalle addormentate e manipolate menti dei terrestri.<\/p>\n\n\n\n<p>Buona lettura.<\/p>\n\n\n\n<h1 class=\"wp-block-heading has-text-align-center\"><strong>Le analisi delle sfere volanti fotografate a Valle Hermoso<\/strong><\/h1>\n\n\n\n<p class=\"has-text-align-center\"><strong>A cura di Sante Pagano<\/strong><\/p>\n\n\n\n<p>Nel campo della ricerca sulla visita Extraterrestre la mole di dati, documenti e testimonianze continua a crescere in maniera esponenziale soprattutto in questi ultimi tempi cos\u00ec oscuri, seppur illuminati da una vastissima conoscenza che mai prima d\u2019ora avevamo avuto a disposizione. Siamo oggi a riportarvi nuovamente un caso, apparentemente molto interessante, che sta spopolando nel web gi\u00e0 da oltre un anno. Parliamo dei contatti e, soprattutto, delle immagini realizzate da Juanito Juan, un carrozziere di Valle Hermoso, cittadina del Messico nord orientale, che a partire dall\u2019estate del 2022 sembra stia vivendo una interessante forma di contatto con civilt\u00e0 non di questo mondo. Era il 16 agosto 2022 quando di fronte alla sua abitazione si era palesato un disco metallico che dimostrava capacit\u00e0 sorprendenti ed inspiegabili secondo la nostra scienza. A raccontare la vicenda fu lo stesso Juanito Juan, supportato da una documentazione fotografica davvero interessante che abbiamo provveduto a studiare e ad analizzare, concludendo con risultati molto soddisfacenti. Infatti, le foto sono risultate genuine, cos\u00ec come le testimonianze ottenute dal team di Tercer Milenio, il programma del grande ricercatore Jaime Maussan. Qui gli articoli associati:<\/p>\n\n\n\n<p><a href=\"https:\/\/piergiorgiocaria.it\/blog\/astronave-extraterrestre-in-messico-foto-eccezionali-scattate-a-valle-hermoso\/\" target=\"_blank\" rel=\"noreferrer noopener\"><u>ASTRONAVE EXTRATERRESTRE IN MESSICO: foto eccezionali scattate a Valle Hermoso \u2013<\/u>&nbsp;<u>Pier Giorgio Caria<\/u><\/a><\/p>\n\n\n\n<p><a href=\"https:\/\/piergiorgiocaria.it\/blog\/analisi-delle-foto-ufo-di-valle-hermoso\/\" target=\"_blank\" rel=\"noreferrer noopener\"><u>Analisi delle foto UFO di Valle Hermoso \u2013 Pier Giorgio Caria e Sante Pagano<\/u><\/a><\/p>\n\n\n\n<p>Da quel giorno dell\u2019agosto 2022 Juanito ha continuato a realizzare documentazioni video e fotografiche a carattere ufologico, dimostrando quindi la continuit\u00e0 nel tempo del suo contatto con mezzi di altri mondi. Una caratteristica tipica delle varie esperienze similari susseguitesi negli ultimi decenni.<br>In particolar modo oggi andremo a presentarvi le analisi sui documenti fotografici di tre di questi eventi, a nostro avviso molto interessanti, che abbiamo voluto approfondire per cercare di avvalorare al meglio la verit\u00e0 sulla visita extraterrestre e su questo caso. Una tematica a noi molto cara, per il grande impatto che ha avuto a livello singolo e collettivo sulla nostra civilt\u00e0 e che sicuramente continuer\u00e0 ad avere nel prossimo futuro in maniera sempre pi\u00f9 incisiva.<br>Premettiamo che dalle analisi eseguite, i tre avvistamenti che vi riporteremo sembrano avere una rilevanza molto importante che ne garantiscono la genuinit\u00e0. Ma ci teniamo anche a sottolineare che, di nuovo, non essendo riusciti ad accedere alla documentazione originale, non ci \u00e8 possibile garantire con assoluta certezza le conclusioni da noi raggiunte. Rimane una remota possibilit\u00e0, seppure molto improbabile, che ci possa essere una qualche forma di manipolazione. Pertanto speriamo vivamente in una concreta collaborazione con il protagonista di questa serie di avvenimenti, per poter procedere in un prossimo futuro ad un accertamento definitivo della veridicit\u00e0 dei documenti stessi.<br>Fatta questa premessa possiamo procedere con la presentazione dei tre avvistamenti sopracitati, accompagnandola con le analisi da noi eseguite e le conclusioni raggiunte.<br>Stiamo parlando di tre manifestazioni documentate attraverso degli scatti fotografici eseguiti in questi ultimi mesi direttamente dal cellulare e dalle telecamere automatiche possedute da Juanito Juan. Tre avvistamenti avvenuti in date diverse, ma con degli elementi che li accomunano nella morfologia strutturale e nelle capacit\u00e0 di volo. Si tratta infatti per ognuno di questi eventi di sfere apparentemente metalliche, con caratteristiche tecniche davvero interessanti se paragonate ai velivoli convenzionali noti:<\/p>\n\n\n\n<figure class=\"wp-block-image size-large\"><img decoding=\"async\" width=\"1024\" height=\"700\" src=\"https:\/\/www.progettocoscienzacosmica.com\/wp-content\/uploads\/2023\/05\/1.-avvistamenti-Juanito-affiancati_JACOPO-139-1024x700.jpg\" alt=\"\" class=\"wp-image-3477\" srcset=\"https:\/\/www.progettocoscienzacosmica.com\/wp-content\/uploads\/2023\/05\/1.-avvistamenti-Juanito-affiancati_JACOPO-139-1024x700.jpg 1024w, https:\/\/www.progettocoscienzacosmica.com\/wp-content\/uploads\/2023\/05\/1.-avvistamenti-Juanito-affiancati_JACOPO-139-300x205.jpg 300w, https:\/\/www.progettocoscienzacosmica.com\/wp-content\/uploads\/2023\/05\/1.-avvistamenti-Juanito-affiancati_JACOPO-139-768x525.jpg 768w, https:\/\/www.progettocoscienzacosmica.com\/wp-content\/uploads\/2023\/05\/1.-avvistamenti-Juanito-affiancati_JACOPO-139-1536x1051.jpg 1536w, https:\/\/www.progettocoscienzacosmica.com\/wp-content\/uploads\/2023\/05\/1.-avvistamenti-Juanito-affiancati_JACOPO-139-18x12.jpg 18w, https:\/\/www.progettocoscienzacosmica.com\/wp-content\/uploads\/2023\/05\/1.-avvistamenti-Juanito-affiancati_JACOPO-139-810x554.jpg 810w, https:\/\/www.progettocoscienzacosmica.com\/wp-content\/uploads\/2023\/05\/1.-avvistamenti-Juanito-affiancati_JACOPO-139-1140x780.jpg 1140w, https:\/\/www.progettocoscienzacosmica.com\/wp-content\/uploads\/2023\/05\/1.-avvistamenti-Juanito-affiancati_JACOPO-139-145x100.jpg 145w, https:\/\/www.progettocoscienzacosmica.com\/wp-content\/uploads\/2023\/05\/1.-avvistamenti-Juanito-affiancati_JACOPO-139-380x260.jpg 380w, https:\/\/www.progettocoscienzacosmica.com\/wp-content\/uploads\/2023\/05\/1.-avvistamenti-Juanito-affiancati_JACOPO-139-634x433.jpg 634w, https:\/\/www.progettocoscienzacosmica.com\/wp-content\/uploads\/2023\/05\/1.-avvistamenti-Juanito-affiancati_JACOPO-139.jpg 1579w\" sizes=\"(max-width: 1024px) 100vw, 1024px\" \/><\/figure>\n\n\n\n<figure class=\"wp-block-pullquote\"><blockquote><p>Lettura consigliata:<br><a href=\"https:\/\/www.thebongiovannifamily.it\/messaggi-celesti\/2023\/9957-le-sfere-e-i-sincronizzatori-magnetici-psichizzati.html\" target=\"_blank\" rel=\"noopener\" title=\"\">LEGGI IL MESSAGGIO RICEVUTO A PROPOSITO DA GIORGIO BONGIOVANNI<\/a><\/p><\/blockquote><\/figure>\n\n\n\n<p>Partiamo con la manifestazione catturata il 27 dicembre 2022. Qui sotto l\u2019immagine originale accostata ad una riproduzione della stessa trattata attraverso l\u2019intelligenza artificiale per migliorarne la qualit\u00e0 e apprezzarne meglio i dettagli:<\/p>\n\n\n\n<figure class=\"wp-block-image size-large\"><img decoding=\"async\" width=\"1024\" height=\"987\" src=\"https:\/\/www.progettocoscienzacosmica.com\/wp-content\/uploads\/2023\/05\/2.-avvistamento-27-dicembre-originale-e-migliorata_JACOPO-141-1024x987.jpg\" alt=\"\" class=\"wp-image-3478\" srcset=\"https:\/\/www.progettocoscienzacosmica.com\/wp-content\/uploads\/2023\/05\/2.-avvistamento-27-dicembre-originale-e-migliorata_JACOPO-141-1024x987.jpg 1024w, https:\/\/www.progettocoscienzacosmica.com\/wp-content\/uploads\/2023\/05\/2.-avvistamento-27-dicembre-originale-e-migliorata_JACOPO-141-300x289.jpg 300w, https:\/\/www.progettocoscienzacosmica.com\/wp-content\/uploads\/2023\/05\/2.-avvistamento-27-dicembre-originale-e-migliorata_JACOPO-141-768x740.jpg 768w, https:\/\/www.progettocoscienzacosmica.com\/wp-content\/uploads\/2023\/05\/2.-avvistamento-27-dicembre-originale-e-migliorata_JACOPO-141-12x12.jpg 12w, https:\/\/www.progettocoscienzacosmica.com\/wp-content\/uploads\/2023\/05\/2.-avvistamento-27-dicembre-originale-e-migliorata_JACOPO-141-810x780.jpg 810w, https:\/\/www.progettocoscienzacosmica.com\/wp-content\/uploads\/2023\/05\/2.-avvistamento-27-dicembre-originale-e-migliorata_JACOPO-141.jpg 1121w\" sizes=\"(max-width: 1024px) 100vw, 1024px\" \/><\/figure>\n\n\n\n<p>L\u2019oggetto in questione \u00e8 stato filmato dalla telecamera fissa che Juanito ha posizionato sul retro della sua abitazione, la quale \u00e8 stata programmata per scattare foto nel momento in cui rilevasse un qualsiasi movimento. Nello scatto appare un oggetto sferoidale costituito da materiale lucido e abbastanza riflettente.<\/p>\n\n\n\n<figure class=\"wp-block-image size-large\"><img decoding=\"async\" width=\"1024\" height=\"428\" src=\"https:\/\/www.progettocoscienzacosmica.com\/wp-content\/uploads\/2023\/05\/3.-avvistamento-27-dicembre-originale-e-migliorata-27-dicembre-zoom-originale-e-migliorata_JACOPO-143-1024x428.jpg\" alt=\"\" class=\"wp-image-3479\" srcset=\"https:\/\/www.progettocoscienzacosmica.com\/wp-content\/uploads\/2023\/05\/3.-avvistamento-27-dicembre-originale-e-migliorata-27-dicembre-zoom-originale-e-migliorata_JACOPO-143-1024x428.jpg 1024w, https:\/\/www.progettocoscienzacosmica.com\/wp-content\/uploads\/2023\/05\/3.-avvistamento-27-dicembre-originale-e-migliorata-27-dicembre-zoom-originale-e-migliorata_JACOPO-143-300x125.jpg 300w, https:\/\/www.progettocoscienzacosmica.com\/wp-content\/uploads\/2023\/05\/3.-avvistamento-27-dicembre-originale-e-migliorata-27-dicembre-zoom-originale-e-migliorata_JACOPO-143-768x321.jpg 768w, https:\/\/www.progettocoscienzacosmica.com\/wp-content\/uploads\/2023\/05\/3.-avvistamento-27-dicembre-originale-e-migliorata-27-dicembre-zoom-originale-e-migliorata_JACOPO-143-1536x642.jpg 1536w, https:\/\/www.progettocoscienzacosmica.com\/wp-content\/uploads\/2023\/05\/3.-avvistamento-27-dicembre-originale-e-migliorata-27-dicembre-zoom-originale-e-migliorata_JACOPO-143-18x8.jpg 18w, https:\/\/www.progettocoscienzacosmica.com\/wp-content\/uploads\/2023\/05\/3.-avvistamento-27-dicembre-originale-e-migliorata-27-dicembre-zoom-originale-e-migliorata_JACOPO-143-810x339.jpg 810w, https:\/\/www.progettocoscienzacosmica.com\/wp-content\/uploads\/2023\/05\/3.-avvistamento-27-dicembre-originale-e-migliorata-27-dicembre-zoom-originale-e-migliorata_JACOPO-143-1140x477.jpg 1140w, https:\/\/www.progettocoscienzacosmica.com\/wp-content\/uploads\/2023\/05\/3.-avvistamento-27-dicembre-originale-e-migliorata-27-dicembre-zoom-originale-e-migliorata_JACOPO-143.jpg 1920w\" sizes=\"(max-width: 1024px) 100vw, 1024px\" \/><\/figure>\n\n\n\n<p>La sfera si trova sopra un\u2019area pubblica di fronte all\u2019abitazione di Juanito Juan, ed \u00e8 sospesa in aria appena sopra le auto parcheggiate, all\u2019incirca alla stessa altezza di alcuni cavi della linea elettrica. Dimostra quindi di essere ad un\u2019altitudine molto bassa, se si calcola l\u2019altezza media alla quale solitamente vengono posizionati i cavi per la conduzione elettrica delle citt\u00e0, che devono trovarsi ad almeno 10 metri dal suolo nelle aree cittadine.<\/p>\n\n\n\n<p>Qui un\u2019immagine del panorama in cui \u00e8 accaduto il fatto visto dall\u2019alto:<\/p>\n\n\n\n<figure class=\"wp-block-image size-large\"><img decoding=\"async\" width=\"1024\" height=\"653\" src=\"https:\/\/www.progettocoscienzacosmica.com\/wp-content\/uploads\/2023\/05\/4.-avvistamento-27-dicembre-immagine-panoramica-dallalto_JACOPO-145-1024x653.jpg\" alt=\"\" class=\"wp-image-3480\" srcset=\"https:\/\/www.progettocoscienzacosmica.com\/wp-content\/uploads\/2023\/05\/4.-avvistamento-27-dicembre-immagine-panoramica-dallalto_JACOPO-145-1024x653.jpg 1024w, https:\/\/www.progettocoscienzacosmica.com\/wp-content\/uploads\/2023\/05\/4.-avvistamento-27-dicembre-immagine-panoramica-dallalto_JACOPO-145-300x191.jpg 300w, https:\/\/www.progettocoscienzacosmica.com\/wp-content\/uploads\/2023\/05\/4.-avvistamento-27-dicembre-immagine-panoramica-dallalto_JACOPO-145-768x490.jpg 768w, https:\/\/www.progettocoscienzacosmica.com\/wp-content\/uploads\/2023\/05\/4.-avvistamento-27-dicembre-immagine-panoramica-dallalto_JACOPO-145-18x12.jpg 18w, https:\/\/www.progettocoscienzacosmica.com\/wp-content\/uploads\/2023\/05\/4.-avvistamento-27-dicembre-immagine-panoramica-dallalto_JACOPO-145-810x517.jpg 810w, https:\/\/www.progettocoscienzacosmica.com\/wp-content\/uploads\/2023\/05\/4.-avvistamento-27-dicembre-immagine-panoramica-dallalto_JACOPO-145.jpg 1080w\" sizes=\"(max-width: 1024px) 100vw, 1024px\" \/><\/figure>\n\n\n\n<p>Come dicevamo la superficie \u00e8 argentea, riflette quindi la luce del sole. Tale riflesso dimostra che l\u2019oggetto \u00e8 di notevoli dimensioni, poich\u00e9 ricopre solo una piccola porzione della sua superficie. Al contrario infatti, se l\u2019oggetto fosse stato di piccole dimensioni, il riflesso si sarebbe esteso su gran parte della sfera:<\/p>\n\n\n\n<figure class=\"wp-block-image size-large\"><img decoding=\"async\" width=\"1024\" height=\"788\" src=\"https:\/\/www.progettocoscienzacosmica.com\/wp-content\/uploads\/2023\/05\/5.-avvistamento-27-dicembre-dettaglio-riflesso_JACOPO-147-1024x788.jpg\" alt=\"\" class=\"wp-image-3481\" srcset=\"https:\/\/www.progettocoscienzacosmica.com\/wp-content\/uploads\/2023\/05\/5.-avvistamento-27-dicembre-dettaglio-riflesso_JACOPO-147-1024x788.jpg 1024w, https:\/\/www.progettocoscienzacosmica.com\/wp-content\/uploads\/2023\/05\/5.-avvistamento-27-dicembre-dettaglio-riflesso_JACOPO-147-300x231.jpg 300w, https:\/\/www.progettocoscienzacosmica.com\/wp-content\/uploads\/2023\/05\/5.-avvistamento-27-dicembre-dettaglio-riflesso_JACOPO-147-768x591.jpg 768w, https:\/\/www.progettocoscienzacosmica.com\/wp-content\/uploads\/2023\/05\/5.-avvistamento-27-dicembre-dettaglio-riflesso_JACOPO-147-16x12.jpg 16w, https:\/\/www.progettocoscienzacosmica.com\/wp-content\/uploads\/2023\/05\/5.-avvistamento-27-dicembre-dettaglio-riflesso_JACOPO-147-810x623.jpg 810w, https:\/\/www.progettocoscienzacosmica.com\/wp-content\/uploads\/2023\/05\/5.-avvistamento-27-dicembre-dettaglio-riflesso_JACOPO-147-1140x877.jpg 1140w, https:\/\/www.progettocoscienzacosmica.com\/wp-content\/uploads\/2023\/05\/5.-avvistamento-27-dicembre-dettaglio-riflesso_JACOPO-147.jpg 1404w\" sizes=\"(max-width: 1024px) 100vw, 1024px\" \/><\/figure>\n\n\n\n<p>Nella parte centrale e leggermente a destra, invece, \u00e8 presente una zona scura di forma triangolare. Difficile capire cosa rappresenti, ma \u00e8 poco probabile che si tratti del riflesso di una qualche struttura od oggetto al di sotto della sfera. Eseguendo infatti una perlustrazione dell\u2019area attraverso Google Earth non si \u00e8 evidenziato nulla che abbia tale forma:<\/p>\n\n\n\n<figure class=\"wp-block-image size-large\"><img decoding=\"async\" width=\"1024\" height=\"410\" src=\"https:\/\/www.progettocoscienzacosmica.com\/wp-content\/uploads\/2023\/05\/6.-avvistamento-27-dicembre-comparazione-riflesso-sfera-con-tetti-e-strade_JACOPO-149-1024x410.jpg\" alt=\"\" class=\"wp-image-3482\" srcset=\"https:\/\/www.progettocoscienzacosmica.com\/wp-content\/uploads\/2023\/05\/6.-avvistamento-27-dicembre-comparazione-riflesso-sfera-con-tetti-e-strade_JACOPO-149-1024x410.jpg 1024w, https:\/\/www.progettocoscienzacosmica.com\/wp-content\/uploads\/2023\/05\/6.-avvistamento-27-dicembre-comparazione-riflesso-sfera-con-tetti-e-strade_JACOPO-149-300x120.jpg 300w, https:\/\/www.progettocoscienzacosmica.com\/wp-content\/uploads\/2023\/05\/6.-avvistamento-27-dicembre-comparazione-riflesso-sfera-con-tetti-e-strade_JACOPO-149-768x307.jpg 768w, https:\/\/www.progettocoscienzacosmica.com\/wp-content\/uploads\/2023\/05\/6.-avvistamento-27-dicembre-comparazione-riflesso-sfera-con-tetti-e-strade_JACOPO-149-1536x614.jpg 1536w, https:\/\/www.progettocoscienzacosmica.com\/wp-content\/uploads\/2023\/05\/6.-avvistamento-27-dicembre-comparazione-riflesso-sfera-con-tetti-e-strade_JACOPO-149-18x7.jpg 18w, https:\/\/www.progettocoscienzacosmica.com\/wp-content\/uploads\/2023\/05\/6.-avvistamento-27-dicembre-comparazione-riflesso-sfera-con-tetti-e-strade_JACOPO-149-810x324.jpg 810w, https:\/\/www.progettocoscienzacosmica.com\/wp-content\/uploads\/2023\/05\/6.-avvistamento-27-dicembre-comparazione-riflesso-sfera-con-tetti-e-strade_JACOPO-149-1140x456.jpg 1140w, https:\/\/www.progettocoscienzacosmica.com\/wp-content\/uploads\/2023\/05\/6.-avvistamento-27-dicembre-comparazione-riflesso-sfera-con-tetti-e-strade_JACOPO-149.jpg 1920w\" sizes=\"(max-width: 1024px) 100vw, 1024px\" \/><\/figure>\n\n\n\n<p>Potrebbe trattarsi pi\u00f9 probabilmente di una zona concava dell\u2019oggetto stesso poich\u00e9 in effetti, alle varie analisi eseguite, il riflesso della luce del sole \u00e8 praticamente assente in questa area e ci\u00f2 ci fa concludere che si possa trattare di una specie di foro triangolare. Osservando sempre il riflesso presente sulla sfera, si nota invece una porzione di cielo che si rispecchia sulla superficie superiore e una zona con colori sul bianco e marroncino su quella inferiore:<\/p>\n\n\n\n<figure class=\"wp-block-image size-large\"><img decoding=\"async\" width=\"1024\" height=\"410\" src=\"https:\/\/www.progettocoscienzacosmica.com\/wp-content\/uploads\/2023\/05\/7.-avvistamento-27-dicembre-comparazione-riflesso-sfera-con-cielo-tetti-e-strade_JACOPO-151-1024x410.jpg\" alt=\"\" class=\"wp-image-3483\" srcset=\"https:\/\/www.progettocoscienzacosmica.com\/wp-content\/uploads\/2023\/05\/7.-avvistamento-27-dicembre-comparazione-riflesso-sfera-con-cielo-tetti-e-strade_JACOPO-151-1024x410.jpg 1024w, https:\/\/www.progettocoscienzacosmica.com\/wp-content\/uploads\/2023\/05\/7.-avvistamento-27-dicembre-comparazione-riflesso-sfera-con-cielo-tetti-e-strade_JACOPO-151-300x120.jpg 300w, https:\/\/www.progettocoscienzacosmica.com\/wp-content\/uploads\/2023\/05\/7.-avvistamento-27-dicembre-comparazione-riflesso-sfera-con-cielo-tetti-e-strade_JACOPO-151-768x307.jpg 768w, https:\/\/www.progettocoscienzacosmica.com\/wp-content\/uploads\/2023\/05\/7.-avvistamento-27-dicembre-comparazione-riflesso-sfera-con-cielo-tetti-e-strade_JACOPO-151-1536x614.jpg 1536w, https:\/\/www.progettocoscienzacosmica.com\/wp-content\/uploads\/2023\/05\/7.-avvistamento-27-dicembre-comparazione-riflesso-sfera-con-cielo-tetti-e-strade_JACOPO-151-18x7.jpg 18w, https:\/\/www.progettocoscienzacosmica.com\/wp-content\/uploads\/2023\/05\/7.-avvistamento-27-dicembre-comparazione-riflesso-sfera-con-cielo-tetti-e-strade_JACOPO-151-810x324.jpg 810w, https:\/\/www.progettocoscienzacosmica.com\/wp-content\/uploads\/2023\/05\/7.-avvistamento-27-dicembre-comparazione-riflesso-sfera-con-cielo-tetti-e-strade_JACOPO-151-1140x456.jpg 1140w, https:\/\/www.progettocoscienzacosmica.com\/wp-content\/uploads\/2023\/05\/7.-avvistamento-27-dicembre-comparazione-riflesso-sfera-con-cielo-tetti-e-strade_JACOPO-151.jpg 1920w\" sizes=\"(max-width: 1024px) 100vw, 1024px\" \/><\/figure>\n\n\n\n<p>Eseguendo un\u2019osservazione accurata, e tenendo conto della posizione dell\u2019oggetto, si \u00e8 concluso che i colori delle case e della strada sembrano essere coerenti a quelli espressi nel riflesso sull\u2019area inferiore della sfera. Purtroppo, data la presenza del \u201ctriangolo\u201d scuro, l\u2019opacit\u00e0 del materiale di cui \u00e8 composto l\u2019oggetto e la relativamente scarsa qualit\u00e0 dell\u2019immagine, non ci \u00e8 possibile confermarlo con assoluta certezza. La sfera si trova praticamente appena sopra la casa di Juanito ed \u00e8 posta sulla verticale di fianco alla nota casetta blu, ormai divenuta famosa grazie all\u2019avvistamento avvenuto il 16 agosto 2022, fino ad essere soprannominata \u201c<em>la casa del OVNI<\/em>\u201d (la casa dell\u2019UFO) e ad attirare visitatori e curiosi per quanto vi \u00e8 accaduto:<\/p>\n\n\n\n<figure class=\"wp-block-image size-large\"><img decoding=\"async\" width=\"1024\" height=\"399\" src=\"https:\/\/www.progettocoscienzacosmica.com\/wp-content\/uploads\/2023\/05\/8.-avvistamento-16-agosto-22-e-casetta-blu_JACOPO-153-1024x399.jpg\" alt=\"\" class=\"wp-image-3484\" srcset=\"https:\/\/www.progettocoscienzacosmica.com\/wp-content\/uploads\/2023\/05\/8.-avvistamento-16-agosto-22-e-casetta-blu_JACOPO-153-1024x399.jpg 1024w, https:\/\/www.progettocoscienzacosmica.com\/wp-content\/uploads\/2023\/05\/8.-avvistamento-16-agosto-22-e-casetta-blu_JACOPO-153-300x117.jpg 300w, https:\/\/www.progettocoscienzacosmica.com\/wp-content\/uploads\/2023\/05\/8.-avvistamento-16-agosto-22-e-casetta-blu_JACOPO-153-768x299.jpg 768w, https:\/\/www.progettocoscienzacosmica.com\/wp-content\/uploads\/2023\/05\/8.-avvistamento-16-agosto-22-e-casetta-blu_JACOPO-153-18x7.jpg 18w, https:\/\/www.progettocoscienzacosmica.com\/wp-content\/uploads\/2023\/05\/8.-avvistamento-16-agosto-22-e-casetta-blu_JACOPO-153-810x316.jpg 810w, https:\/\/www.progettocoscienzacosmica.com\/wp-content\/uploads\/2023\/05\/8.-avvistamento-16-agosto-22-e-casetta-blu_JACOPO-153.jpg 1080w\" sizes=\"(max-width: 1024px) 100vw, 1024px\" \/><\/figure>\n\n\n\n<p>Qui sotto un\u2019immagine panoramica con identificati gli spazi di riferimento sopra menzionati:<\/p>\n\n\n\n<figure class=\"wp-block-image size-large\"><img decoding=\"async\" width=\"1024\" height=\"595\" src=\"https:\/\/www.progettocoscienzacosmica.com\/wp-content\/uploads\/2023\/05\/9.-avvistamento-27-dicembre-immagine-panoramica-orizzontale_JACOPO-155-1024x595.jpg\" alt=\"\" class=\"wp-image-3485\" srcset=\"https:\/\/www.progettocoscienzacosmica.com\/wp-content\/uploads\/2023\/05\/9.-avvistamento-27-dicembre-immagine-panoramica-orizzontale_JACOPO-155-1024x595.jpg 1024w, https:\/\/www.progettocoscienzacosmica.com\/wp-content\/uploads\/2023\/05\/9.-avvistamento-27-dicembre-immagine-panoramica-orizzontale_JACOPO-155-300x174.jpg 300w, https:\/\/www.progettocoscienzacosmica.com\/wp-content\/uploads\/2023\/05\/9.-avvistamento-27-dicembre-immagine-panoramica-orizzontale_JACOPO-155-768x446.jpg 768w, https:\/\/www.progettocoscienzacosmica.com\/wp-content\/uploads\/2023\/05\/9.-avvistamento-27-dicembre-immagine-panoramica-orizzontale_JACOPO-155-1536x893.jpg 1536w, https:\/\/www.progettocoscienzacosmica.com\/wp-content\/uploads\/2023\/05\/9.-avvistamento-27-dicembre-immagine-panoramica-orizzontale_JACOPO-155-18x10.jpg 18w, https:\/\/www.progettocoscienzacosmica.com\/wp-content\/uploads\/2023\/05\/9.-avvistamento-27-dicembre-immagine-panoramica-orizzontale_JACOPO-155-810x471.jpg 810w, https:\/\/www.progettocoscienzacosmica.com\/wp-content\/uploads\/2023\/05\/9.-avvistamento-27-dicembre-immagine-panoramica-orizzontale_JACOPO-155-1140x663.jpg 1140w, https:\/\/www.progettocoscienzacosmica.com\/wp-content\/uploads\/2023\/05\/9.-avvistamento-27-dicembre-immagine-panoramica-orizzontale_JACOPO-155.jpg 1920w\" sizes=\"(max-width: 1024px) 100vw, 1024px\" \/><\/figure>\n\n\n\n<p>Per quanto riguarda l\u2019analisi grafica, abbiamo iniziato con la valutazione dei pixel posseduti dalla sfera attraverso un test apposito. Da subito abbiamo potuto notare la coerenza degli stessi messi a confronto con quelli espressi da altri oggetti presenti nello scatto, quali ad esempio i cavi della linea elettrica. Le dimensioni e la composizione dei pixel risultano similari:<\/p>\n\n\n\n<figure class=\"wp-block-image size-large\"><img decoding=\"async\" width=\"1024\" height=\"421\" src=\"https:\/\/www.progettocoscienzacosmica.com\/wp-content\/uploads\/2023\/05\/10.-avvistamento-27-dicembre-analisi-pixel-1_JACOPO-157-1-1024x421.jpg\" alt=\"\" class=\"wp-image-3487\" srcset=\"https:\/\/www.progettocoscienzacosmica.com\/wp-content\/uploads\/2023\/05\/10.-avvistamento-27-dicembre-analisi-pixel-1_JACOPO-157-1-1024x421.jpg 1024w, https:\/\/www.progettocoscienzacosmica.com\/wp-content\/uploads\/2023\/05\/10.-avvistamento-27-dicembre-analisi-pixel-1_JACOPO-157-1-300x123.jpg 300w, https:\/\/www.progettocoscienzacosmica.com\/wp-content\/uploads\/2023\/05\/10.-avvistamento-27-dicembre-analisi-pixel-1_JACOPO-157-1-768x316.jpg 768w, https:\/\/www.progettocoscienzacosmica.com\/wp-content\/uploads\/2023\/05\/10.-avvistamento-27-dicembre-analisi-pixel-1_JACOPO-157-1-18x7.jpg 18w, https:\/\/www.progettocoscienzacosmica.com\/wp-content\/uploads\/2023\/05\/10.-avvistamento-27-dicembre-analisi-pixel-1_JACOPO-157-1-810x333.jpg 810w, https:\/\/www.progettocoscienzacosmica.com\/wp-content\/uploads\/2023\/05\/10.-avvistamento-27-dicembre-analisi-pixel-1_JACOPO-157-1-1140x469.jpg 1140w, https:\/\/www.progettocoscienzacosmica.com\/wp-content\/uploads\/2023\/05\/10.-avvistamento-27-dicembre-analisi-pixel-1_JACOPO-157-1.jpg 1300w\" sizes=\"(max-width: 1024px) 100vw, 1024px\" \/><\/figure>\n\n\n\n<figure class=\"wp-block-image size-large\"><img decoding=\"async\" width=\"1024\" height=\"421\" src=\"https:\/\/www.progettocoscienzacosmica.com\/wp-content\/uploads\/2023\/05\/11.-avvistamento-27-dicembre-analisi-pixel-2_JACOPO-159-1024x421.jpg\" alt=\"\" class=\"wp-image-3488\" srcset=\"https:\/\/www.progettocoscienzacosmica.com\/wp-content\/uploads\/2023\/05\/11.-avvistamento-27-dicembre-analisi-pixel-2_JACOPO-159-1024x421.jpg 1024w, https:\/\/www.progettocoscienzacosmica.com\/wp-content\/uploads\/2023\/05\/11.-avvistamento-27-dicembre-analisi-pixel-2_JACOPO-159-300x123.jpg 300w, https:\/\/www.progettocoscienzacosmica.com\/wp-content\/uploads\/2023\/05\/11.-avvistamento-27-dicembre-analisi-pixel-2_JACOPO-159-768x316.jpg 768w, https:\/\/www.progettocoscienzacosmica.com\/wp-content\/uploads\/2023\/05\/11.-avvistamento-27-dicembre-analisi-pixel-2_JACOPO-159-18x7.jpg 18w, https:\/\/www.progettocoscienzacosmica.com\/wp-content\/uploads\/2023\/05\/11.-avvistamento-27-dicembre-analisi-pixel-2_JACOPO-159-810x333.jpg 810w, https:\/\/www.progettocoscienzacosmica.com\/wp-content\/uploads\/2023\/05\/11.-avvistamento-27-dicembre-analisi-pixel-2_JACOPO-159-1140x469.jpg 1140w, https:\/\/www.progettocoscienzacosmica.com\/wp-content\/uploads\/2023\/05\/11.-avvistamento-27-dicembre-analisi-pixel-2_JACOPO-159.jpg 1300w\" sizes=\"(max-width: 1024px) 100vw, 1024px\" \/><\/figure>\n\n\n\n<p>Eseguendo un diverso test d\u2019indagine sugli stessi pixel, abbiamo reso ancora pi\u00f9 visibile la loro caratteristica similare. Possiamo osservarlo nell\u2019immagine qui sotto dove all\u2019immagine originale, \u00e8 stata aggiunta digitalmente una seconda sfera. Da questo confronto \u00e8 possibile notare cosa accade nel caso in cui vi sia una manipolazione grafica su un documento originale. Le caratteristiche dei pixel tra la sfera originale e quella falsa sono del tutto differenti:<\/p>\n\n\n\n<figure class=\"wp-block-image size-large\"><img decoding=\"async\" width=\"1024\" height=\"443\" src=\"https:\/\/www.progettocoscienzacosmica.com\/wp-content\/uploads\/2023\/05\/12.-avvistamento-27-diceembre-analisi-pixel-con-sfera-falsa_JACOPO-169-1024x443.jpg\" alt=\"\" class=\"wp-image-3489\" srcset=\"https:\/\/www.progettocoscienzacosmica.com\/wp-content\/uploads\/2023\/05\/12.-avvistamento-27-diceembre-analisi-pixel-con-sfera-falsa_JACOPO-169-1024x443.jpg 1024w, https:\/\/www.progettocoscienzacosmica.com\/wp-content\/uploads\/2023\/05\/12.-avvistamento-27-diceembre-analisi-pixel-con-sfera-falsa_JACOPO-169-300x130.jpg 300w, https:\/\/www.progettocoscienzacosmica.com\/wp-content\/uploads\/2023\/05\/12.-avvistamento-27-diceembre-analisi-pixel-con-sfera-falsa_JACOPO-169-768x332.jpg 768w, https:\/\/www.progettocoscienzacosmica.com\/wp-content\/uploads\/2023\/05\/12.-avvistamento-27-diceembre-analisi-pixel-con-sfera-falsa_JACOPO-169-18x8.jpg 18w, https:\/\/www.progettocoscienzacosmica.com\/wp-content\/uploads\/2023\/05\/12.-avvistamento-27-diceembre-analisi-pixel-con-sfera-falsa_JACOPO-169-810x350.jpg 810w, https:\/\/www.progettocoscienzacosmica.com\/wp-content\/uploads\/2023\/05\/12.-avvistamento-27-diceembre-analisi-pixel-con-sfera-falsa_JACOPO-169.jpg 1080w\" sizes=\"(max-width: 1024px) 100vw, 1024px\" \/><\/figure>\n\n\n\n<figure class=\"wp-block-image size-large\"><img decoding=\"async\" width=\"1024\" height=\"547\" src=\"https:\/\/www.progettocoscienzacosmica.com\/wp-content\/uploads\/2023\/05\/13.-avvistamento-27-diceembre-nalisi-pixel-1-sfera-originale-con-sfera-falsa-dettagliato_JACOPO-171-1024x547.jpg\" alt=\"\" class=\"wp-image-3490\" srcset=\"https:\/\/www.progettocoscienzacosmica.com\/wp-content\/uploads\/2023\/05\/13.-avvistamento-27-diceembre-nalisi-pixel-1-sfera-originale-con-sfera-falsa-dettagliato_JACOPO-171-1024x547.jpg 1024w, https:\/\/www.progettocoscienzacosmica.com\/wp-content\/uploads\/2023\/05\/13.-avvistamento-27-diceembre-nalisi-pixel-1-sfera-originale-con-sfera-falsa-dettagliato_JACOPO-171-300x160.jpg 300w, https:\/\/www.progettocoscienzacosmica.com\/wp-content\/uploads\/2023\/05\/13.-avvistamento-27-diceembre-nalisi-pixel-1-sfera-originale-con-sfera-falsa-dettagliato_JACOPO-171-768x410.jpg 768w, https:\/\/www.progettocoscienzacosmica.com\/wp-content\/uploads\/2023\/05\/13.-avvistamento-27-diceembre-nalisi-pixel-1-sfera-originale-con-sfera-falsa-dettagliato_JACOPO-171-18x10.jpg 18w, https:\/\/www.progettocoscienzacosmica.com\/wp-content\/uploads\/2023\/05\/13.-avvistamento-27-diceembre-nalisi-pixel-1-sfera-originale-con-sfera-falsa-dettagliato_JACOPO-171-810x432.jpg 810w, https:\/\/www.progettocoscienzacosmica.com\/wp-content\/uploads\/2023\/05\/13.-avvistamento-27-diceembre-nalisi-pixel-1-sfera-originale-con-sfera-falsa-dettagliato_JACOPO-171-1140x609.jpg 1140w, https:\/\/www.progettocoscienzacosmica.com\/wp-content\/uploads\/2023\/05\/13.-avvistamento-27-diceembre-nalisi-pixel-1-sfera-originale-con-sfera-falsa-dettagliato_JACOPO-171.jpg 1330w\" sizes=\"(max-width: 1024px) 100vw, 1024px\" \/><\/figure>\n\n\n\n<p>Inoltre, come dicevamo, tramite quest\u2019analisi abbiamo reso ancora pi\u00f9 evidente la grande coerenza tra i pixel della sfera originale e quelli dei cavi della tensione. Questo aspetto lo vediamo nell\u2019immagine a seguire:<\/p>\n\n\n\n<figure class=\"wp-block-image size-full\"><img decoding=\"async\" width=\"925\" height=\"575\" src=\"https:\/\/www.progettocoscienzacosmica.com\/wp-content\/uploads\/2023\/05\/14.-avvistamento-27-dicembre-analisi-pixel-2-sfera-originale-con-cavi_JACOPO-173.jpg\" alt=\"\" class=\"wp-image-3491\" srcset=\"https:\/\/www.progettocoscienzacosmica.com\/wp-content\/uploads\/2023\/05\/14.-avvistamento-27-dicembre-analisi-pixel-2-sfera-originale-con-cavi_JACOPO-173.jpg 925w, https:\/\/www.progettocoscienzacosmica.com\/wp-content\/uploads\/2023\/05\/14.-avvistamento-27-dicembre-analisi-pixel-2-sfera-originale-con-cavi_JACOPO-173-300x186.jpg 300w, https:\/\/www.progettocoscienzacosmica.com\/wp-content\/uploads\/2023\/05\/14.-avvistamento-27-dicembre-analisi-pixel-2-sfera-originale-con-cavi_JACOPO-173-768x477.jpg 768w, https:\/\/www.progettocoscienzacosmica.com\/wp-content\/uploads\/2023\/05\/14.-avvistamento-27-dicembre-analisi-pixel-2-sfera-originale-con-cavi_JACOPO-173-18x12.jpg 18w, https:\/\/www.progettocoscienzacosmica.com\/wp-content\/uploads\/2023\/05\/14.-avvistamento-27-dicembre-analisi-pixel-2-sfera-originale-con-cavi_JACOPO-173-320x200.jpg 320w, https:\/\/www.progettocoscienzacosmica.com\/wp-content\/uploads\/2023\/05\/14.-avvistamento-27-dicembre-analisi-pixel-2-sfera-originale-con-cavi_JACOPO-173-810x504.jpg 810w\" sizes=\"(max-width: 925px) 100vw, 925px\" \/><\/figure>\n\n\n\n<p>Andiamo ora a vedere in che modo la luce solare interagisce con i vari elementi presenti nella foto. Innanzitutto, abbiamo messo a confronto l\u2019illuminazione dei fili elettrici e della sfera. Essendo entrambi molto vicini devono forzatamente dimostrare di essere similmente illuminati. In effetti, osservando bene, \u00e8 possibile notare che il sole \u00e8 alla destra dell\u2019osservatore ed investe i fili e la sfera in egual modo. Le zone d\u2019ombra nell\u2019immagine invece si esprimono tutte dal lato opposto. Anche le auto riflettono la luce nella stessa modalit\u00e0.<\/p>\n\n\n\n<p>Qui un\u2019immagine con indicate le zone illuminate dal sole:<\/p>\n\n\n\n<figure class=\"wp-block-image size-large\"><img decoding=\"async\" width=\"1024\" height=\"904\" src=\"https:\/\/www.progettocoscienzacosmica.com\/wp-content\/uploads\/2023\/05\/15.-avvistamento-27-dicembre-analisi-illuminazione-del-sole_JACOPO-175-1024x904.jpg\" alt=\"\" class=\"wp-image-3492\" srcset=\"https:\/\/www.progettocoscienzacosmica.com\/wp-content\/uploads\/2023\/05\/15.-avvistamento-27-dicembre-analisi-illuminazione-del-sole_JACOPO-175-1024x904.jpg 1024w, https:\/\/www.progettocoscienzacosmica.com\/wp-content\/uploads\/2023\/05\/15.-avvistamento-27-dicembre-analisi-illuminazione-del-sole_JACOPO-175-300x265.jpg 300w, https:\/\/www.progettocoscienzacosmica.com\/wp-content\/uploads\/2023\/05\/15.-avvistamento-27-dicembre-analisi-illuminazione-del-sole_JACOPO-175-768x678.jpg 768w, https:\/\/www.progettocoscienzacosmica.com\/wp-content\/uploads\/2023\/05\/15.-avvistamento-27-dicembre-analisi-illuminazione-del-sole_JACOPO-175-14x12.jpg 14w, https:\/\/www.progettocoscienzacosmica.com\/wp-content\/uploads\/2023\/05\/15.-avvistamento-27-dicembre-analisi-illuminazione-del-sole_JACOPO-175-810x715.jpg 810w, https:\/\/www.progettocoscienzacosmica.com\/wp-content\/uploads\/2023\/05\/15.-avvistamento-27-dicembre-analisi-illuminazione-del-sole_JACOPO-175-1140x1007.jpg 1140w, https:\/\/www.progettocoscienzacosmica.com\/wp-content\/uploads\/2023\/05\/15.-avvistamento-27-dicembre-analisi-illuminazione-del-sole_JACOPO-175.jpg 1223w\" sizes=\"(max-width: 1024px) 100vw, 1024px\" \/><\/figure>\n\n\n\n<p>Abbiamo poi analizzato il calore espresso dagli oggetti e dai punti di riferimento presenti nella foto. Infatti, valutando la risposta del test sulla sfera e confrontandola con quella su una porzione di cielo e sulle auto, abbiamo verificato che questi esprimono la stessa variazione termico-cromatica:<\/p>\n\n\n\n<figure class=\"wp-block-image size-large\"><img decoding=\"async\" width=\"1024\" height=\"902\" src=\"https:\/\/www.progettocoscienzacosmica.com\/wp-content\/uploads\/2023\/05\/16.-avvistamento-27-dicembre-variazione-cromatica-e-confronto-ambientale_JACOPO-177-1-1024x902.jpg\" alt=\"\" class=\"wp-image-3494\" srcset=\"https:\/\/www.progettocoscienzacosmica.com\/wp-content\/uploads\/2023\/05\/16.-avvistamento-27-dicembre-variazione-cromatica-e-confronto-ambientale_JACOPO-177-1-1024x902.jpg 1024w, https:\/\/www.progettocoscienzacosmica.com\/wp-content\/uploads\/2023\/05\/16.-avvistamento-27-dicembre-variazione-cromatica-e-confronto-ambientale_JACOPO-177-1-300x264.jpg 300w, https:\/\/www.progettocoscienzacosmica.com\/wp-content\/uploads\/2023\/05\/16.-avvistamento-27-dicembre-variazione-cromatica-e-confronto-ambientale_JACOPO-177-1-768x677.jpg 768w, https:\/\/www.progettocoscienzacosmica.com\/wp-content\/uploads\/2023\/05\/16.-avvistamento-27-dicembre-variazione-cromatica-e-confronto-ambientale_JACOPO-177-1-14x12.jpg 14w, https:\/\/www.progettocoscienzacosmica.com\/wp-content\/uploads\/2023\/05\/16.-avvistamento-27-dicembre-variazione-cromatica-e-confronto-ambientale_JACOPO-177-1-810x714.jpg 810w, https:\/\/www.progettocoscienzacosmica.com\/wp-content\/uploads\/2023\/05\/16.-avvistamento-27-dicembre-variazione-cromatica-e-confronto-ambientale_JACOPO-177-1-1140x1004.jpg 1140w, https:\/\/www.progettocoscienzacosmica.com\/wp-content\/uploads\/2023\/05\/16.-avvistamento-27-dicembre-variazione-cromatica-e-confronto-ambientale_JACOPO-177-1.jpg 1226w\" sizes=\"(max-width: 1024px) 100vw, 1024px\" \/><\/figure>\n\n\n\n<p>A seguire abbiamo la stessa valutazione dell\u2019immagine con l\u2019aggiunta di un oggetto inserito digitalmente. \u00c8 palese la non corrispondenza cromatica della falsa sfera con l\u2019ambiente circostante:<\/p>\n\n\n\n<figure class=\"wp-block-image size-full\"><img decoding=\"async\" width=\"800\" height=\"846\" src=\"https:\/\/www.progettocoscienzacosmica.com\/wp-content\/uploads\/2023\/05\/17.-avvistamento-27-dicembre-con-variazione-cromatica-con-falso-e-confronto-tra-sfere_JACOPO-179-1.jpg\" alt=\"\" class=\"wp-image-3496\" srcset=\"https:\/\/www.progettocoscienzacosmica.com\/wp-content\/uploads\/2023\/05\/17.-avvistamento-27-dicembre-con-variazione-cromatica-con-falso-e-confronto-tra-sfere_JACOPO-179-1.jpg 800w, https:\/\/www.progettocoscienzacosmica.com\/wp-content\/uploads\/2023\/05\/17.-avvistamento-27-dicembre-con-variazione-cromatica-con-falso-e-confronto-tra-sfere_JACOPO-179-1-284x300.jpg 284w, https:\/\/www.progettocoscienzacosmica.com\/wp-content\/uploads\/2023\/05\/17.-avvistamento-27-dicembre-con-variazione-cromatica-con-falso-e-confronto-tra-sfere_JACOPO-179-1-768x812.jpg 768w, https:\/\/www.progettocoscienzacosmica.com\/wp-content\/uploads\/2023\/05\/17.-avvistamento-27-dicembre-con-variazione-cromatica-con-falso-e-confronto-tra-sfere_JACOPO-179-1-11x12.jpg 11w\" sizes=\"(max-width: 800px) 100vw, 800px\" \/><\/figure>\n\n\n\n<p>Inoltre, abbiamo eseguito lo stesso test sulla variazione cromatico dell\u2019immagine migliorata.<\/p>\n\n\n\n<figure class=\"wp-block-image size-full\"><img decoding=\"async\" width=\"1001\" height=\"426\" src=\"https:\/\/www.progettocoscienzacosmica.com\/wp-content\/uploads\/2023\/05\/18.-avvistamento-27-dicembre-confronto-con-immagine-migliorata-con-zoom_JACOPO-181.jpg\" alt=\"\" class=\"wp-image-3497\" srcset=\"https:\/\/www.progettocoscienzacosmica.com\/wp-content\/uploads\/2023\/05\/18.-avvistamento-27-dicembre-confronto-con-immagine-migliorata-con-zoom_JACOPO-181.jpg 1001w, https:\/\/www.progettocoscienzacosmica.com\/wp-content\/uploads\/2023\/05\/18.-avvistamento-27-dicembre-confronto-con-immagine-migliorata-con-zoom_JACOPO-181-300x128.jpg 300w, https:\/\/www.progettocoscienzacosmica.com\/wp-content\/uploads\/2023\/05\/18.-avvistamento-27-dicembre-confronto-con-immagine-migliorata-con-zoom_JACOPO-181-768x327.jpg 768w, https:\/\/www.progettocoscienzacosmica.com\/wp-content\/uploads\/2023\/05\/18.-avvistamento-27-dicembre-confronto-con-immagine-migliorata-con-zoom_JACOPO-181-18x8.jpg 18w, https:\/\/www.progettocoscienzacosmica.com\/wp-content\/uploads\/2023\/05\/18.-avvistamento-27-dicembre-confronto-con-immagine-migliorata-con-zoom_JACOPO-181-810x345.jpg 810w\" sizes=\"(max-width: 1001px) 100vw, 1001px\" \/><\/figure>\n\n\n\n<p>Confrontando la risposta della sfera con quella ottenuta sulla porzione di una delle auto parcheggiate sotto, entrambe di struttura metallica, \u00e8 stato possibile apprezzare ancor meglio la coerenza della risposta alla luce solare assorbita e riflessa da entrambi gli oggetti:<\/p>\n\n\n\n<figure class=\"wp-block-image size-full\"><img decoding=\"async\" width=\"770\" height=\"331\" src=\"https:\/\/www.progettocoscienzacosmica.com\/wp-content\/uploads\/2023\/05\/19.-avvistamento-27-dicembre-confronto-test-variazione-cromatica-di-immagine-migliorata-tra-sfera-e-auto_JACOPO-183.jpg\" alt=\"\" class=\"wp-image-3498\" srcset=\"https:\/\/www.progettocoscienzacosmica.com\/wp-content\/uploads\/2023\/05\/19.-avvistamento-27-dicembre-confronto-test-variazione-cromatica-di-immagine-migliorata-tra-sfera-e-auto_JACOPO-183.jpg 770w, https:\/\/www.progettocoscienzacosmica.com\/wp-content\/uploads\/2023\/05\/19.-avvistamento-27-dicembre-confronto-test-variazione-cromatica-di-immagine-migliorata-tra-sfera-e-auto_JACOPO-183-300x129.jpg 300w, https:\/\/www.progettocoscienzacosmica.com\/wp-content\/uploads\/2023\/05\/19.-avvistamento-27-dicembre-confronto-test-variazione-cromatica-di-immagine-migliorata-tra-sfera-e-auto_JACOPO-183-768x330.jpg 768w, https:\/\/www.progettocoscienzacosmica.com\/wp-content\/uploads\/2023\/05\/19.-avvistamento-27-dicembre-confronto-test-variazione-cromatica-di-immagine-migliorata-tra-sfera-e-auto_JACOPO-183-18x8.jpg 18w\" sizes=\"(max-width: 770px) 100vw, 770px\" \/><\/figure>\n\n\n\n<p>Per concludere, abbiamo eseguito le dovute analisi per cercare di comprendere la genuinit\u00e0 del documento. Purtroppo, non essendo riusciti ad accedere alla foto originale non ci \u00e8 possibile certificare al 100 % la conclusione raggiunta. Sta di fatto che all\u2019analisi ELA non abbiamo trovato alcuna traccia di manomissione digitale. Questo qui sotto \u00e8 il risultato ottenuto:<\/p>\n\n\n\n<figure class=\"wp-block-image size-full\"><img decoding=\"async\" width=\"407\" height=\"720\" src=\"https:\/\/www.progettocoscienzacosmica.com\/wp-content\/uploads\/2023\/05\/20.-avvistamento-29-dicembre-ELA-su-originale_JACOPO-185.jpg\" alt=\"\" class=\"wp-image-3499\" srcset=\"https:\/\/www.progettocoscienzacosmica.com\/wp-content\/uploads\/2023\/05\/20.-avvistamento-29-dicembre-ELA-su-originale_JACOPO-185.jpg 407w, https:\/\/www.progettocoscienzacosmica.com\/wp-content\/uploads\/2023\/05\/20.-avvistamento-29-dicembre-ELA-su-originale_JACOPO-185-170x300.jpg 170w, https:\/\/www.progettocoscienzacosmica.com\/wp-content\/uploads\/2023\/05\/20.-avvistamento-29-dicembre-ELA-su-originale_JACOPO-185-7x12.jpg 7w\" sizes=\"(max-width: 407px) 100vw, 407px\" \/><\/figure>\n\n\n\n<p>L\u2019analisi del livello di errore (ELA) consente di identificare le aree all\u2019interno di un\u2019immagine che si trovano a diversi livelli di compressione. Con un documento in formato JPEG, l\u2019intera immagine dovrebbe essere all\u2019incirca allo stesso livello. Se una sezione dell\u2019immagine ha un livello di errore significativamente diverso, \u00e8 probabile che indichi una modifica digitale. Tale differenza viene identificata da vari fattori, come ad esempio zone investite da una colorazione bianca accesa.<\/p>\n\n\n\n<p>Nell\u2019immagine qui sotto abbiamo messo a sinistra il test ELA dell\u2019immagine originale e a destra un test ELA sul documento manipolato digitalmente con l\u2019aggiunta di una falsa sfera. Questo per far meglio comprendere cosa accade quando si inserisce graficamente un oggetto non realmente presente al momento dello scatto:<\/p>\n\n\n\n<figure class=\"wp-block-image size-full\"><img decoding=\"async\" width=\"821\" height=\"720\" src=\"https:\/\/www.progettocoscienzacosmica.com\/wp-content\/uploads\/2023\/05\/21.-avvistamento-28-dicembre-ELA-originale-a-confronto-con-ELA-su-falso_JACOPO-187.jpg\" alt=\"\" class=\"wp-image-3500\" srcset=\"https:\/\/www.progettocoscienzacosmica.com\/wp-content\/uploads\/2023\/05\/21.-avvistamento-28-dicembre-ELA-originale-a-confronto-con-ELA-su-falso_JACOPO-187.jpg 821w, https:\/\/www.progettocoscienzacosmica.com\/wp-content\/uploads\/2023\/05\/21.-avvistamento-28-dicembre-ELA-originale-a-confronto-con-ELA-su-falso_JACOPO-187-300x263.jpg 300w, https:\/\/www.progettocoscienzacosmica.com\/wp-content\/uploads\/2023\/05\/21.-avvistamento-28-dicembre-ELA-originale-a-confronto-con-ELA-su-falso_JACOPO-187-768x674.jpg 768w, https:\/\/www.progettocoscienzacosmica.com\/wp-content\/uploads\/2023\/05\/21.-avvistamento-28-dicembre-ELA-originale-a-confronto-con-ELA-su-falso_JACOPO-187-14x12.jpg 14w, https:\/\/www.progettocoscienzacosmica.com\/wp-content\/uploads\/2023\/05\/21.-avvistamento-28-dicembre-ELA-originale-a-confronto-con-ELA-su-falso_JACOPO-187-810x710.jpg 810w\" sizes=\"(max-width: 821px) 100vw, 821px\" \/><\/figure>\n\n\n\n<p>La sfera aggiunta digitalmente mostra in effetti una spiccata luminosit\u00e0 e risalta con un particolare colore bianco acceso, distinguendosi visivamente da tutto il resto. In questo caso l\u2019analisi ELA mostra quindi che l\u2019oggetto \u00e8 stato aggiunto in un secondo momento, poich\u00e9 possiede un livello di compressione differente rispetto al resto dell\u2019immagine. Nell\u2019immagine originale invece vediamo che tutte le sezioni si presentano con delle caratteristiche similari tra loro.<br>Passiamo alla seconda manifestazione, quella avvenuta due giorni dopo.<\/p>\n\n\n\n<p>Il 29 dicembre 2022 Juanito Juan si trovava sulla strada che da Valle Hermoso porta a Matamoros, a circa 47 chilometri dalla sua abitazione. Il testimone racconta che mentre stava procedendo con la sua auto ad un certo punto ha avuto la sensazione di doversi fermare, perch\u00e9 probabilmente avrebbe assistito ad un avvistamento. Juanito spiega che prima di ogni manifestazione percepisce delle sensazioni particolari che lo preparano all\u2019esperienza: questa serie di anticipazioni date da segnali fisici ed emotivi, o per meglio dire interiori, \u00e8 una condizione molto nota in chi \u00e8 protagonista di esperienze di contatto.<br>Dopo aver ottenuto la foto dell\u2019avvistamento abbiamo proceduto alle analisi. Si tratta di due sfere similari che si librano al di sopra di un campo coltivato:<\/p>\n\n\n\n<figure class=\"wp-block-image size-large\"><img decoding=\"async\" width=\"1024\" height=\"974\" src=\"https:\/\/www.progettocoscienzacosmica.com\/wp-content\/uploads\/2023\/05\/22.-avvistamento-29-dicembre-originale-e-migliorata_JACOPO-189-1024x974.jpg\" alt=\"\" class=\"wp-image-3501\" srcset=\"https:\/\/www.progettocoscienzacosmica.com\/wp-content\/uploads\/2023\/05\/22.-avvistamento-29-dicembre-originale-e-migliorata_JACOPO-189-1024x974.jpg 1024w, https:\/\/www.progettocoscienzacosmica.com\/wp-content\/uploads\/2023\/05\/22.-avvistamento-29-dicembre-originale-e-migliorata_JACOPO-189-300x285.jpg 300w, https:\/\/www.progettocoscienzacosmica.com\/wp-content\/uploads\/2023\/05\/22.-avvistamento-29-dicembre-originale-e-migliorata_JACOPO-189-768x731.jpg 768w, https:\/\/www.progettocoscienzacosmica.com\/wp-content\/uploads\/2023\/05\/22.-avvistamento-29-dicembre-originale-e-migliorata_JACOPO-189-13x12.jpg 13w, https:\/\/www.progettocoscienzacosmica.com\/wp-content\/uploads\/2023\/05\/22.-avvistamento-29-dicembre-originale-e-migliorata_JACOPO-189-810x771.jpg 810w, https:\/\/www.progettocoscienzacosmica.com\/wp-content\/uploads\/2023\/05\/22.-avvistamento-29-dicembre-originale-e-migliorata_JACOPO-189.jpg 1135w\" sizes=\"(max-width: 1024px) 100vw, 1024px\" \/><\/figure>\n\n\n\n<p>Come \u00e8 possibile vedere nella zona inferiore di entrambi gli oggetti vi sono tre cerchi concentrici. Dal gioco di luci ed ombre sembrerebbe che quello centrale, di colorazione pi\u00f9 scura, sia una specie di foro; quello che lo circonda appare invece essere in rilievo, mentre quello pi\u00f9 esterno, con una tonalit\u00e0 pi\u00f9 scura, sembrerebbe essere incavato nell\u2019oggetto:<\/p>\n\n\n\n<figure class=\"wp-block-image size-large\"><img decoding=\"async\" width=\"1024\" height=\"351\" src=\"https:\/\/www.progettocoscienzacosmica.com\/wp-content\/uploads\/2023\/05\/23.-avvistamento-29-dicembre-zoom-originale-e-migliorata_JACOPO-191-1024x351.jpg\" alt=\"\" class=\"wp-image-3502\" srcset=\"https:\/\/www.progettocoscienzacosmica.com\/wp-content\/uploads\/2023\/05\/23.-avvistamento-29-dicembre-zoom-originale-e-migliorata_JACOPO-191-1024x351.jpg 1024w, https:\/\/www.progettocoscienzacosmica.com\/wp-content\/uploads\/2023\/05\/23.-avvistamento-29-dicembre-zoom-originale-e-migliorata_JACOPO-191-300x103.jpg 300w, https:\/\/www.progettocoscienzacosmica.com\/wp-content\/uploads\/2023\/05\/23.-avvistamento-29-dicembre-zoom-originale-e-migliorata_JACOPO-191-768x264.jpg 768w, https:\/\/www.progettocoscienzacosmica.com\/wp-content\/uploads\/2023\/05\/23.-avvistamento-29-dicembre-zoom-originale-e-migliorata_JACOPO-191-1536x527.jpg 1536w, https:\/\/www.progettocoscienzacosmica.com\/wp-content\/uploads\/2023\/05\/23.-avvistamento-29-dicembre-zoom-originale-e-migliorata_JACOPO-191-18x6.jpg 18w, https:\/\/www.progettocoscienzacosmica.com\/wp-content\/uploads\/2023\/05\/23.-avvistamento-29-dicembre-zoom-originale-e-migliorata_JACOPO-191-810x278.jpg 810w, https:\/\/www.progettocoscienzacosmica.com\/wp-content\/uploads\/2023\/05\/23.-avvistamento-29-dicembre-zoom-originale-e-migliorata_JACOPO-191-1140x391.jpg 1140w, https:\/\/www.progettocoscienzacosmica.com\/wp-content\/uploads\/2023\/05\/23.-avvistamento-29-dicembre-zoom-originale-e-migliorata_JACOPO-191.jpg 1920w\" sizes=\"(max-width: 1024px) 100vw, 1024px\" \/><\/figure>\n\n\n\n<p>La superficie delle sfere appare essere costituita da un materiale metallico particolarmente opaco, motivo per il quale non riesce a rispecchiare in maniera dettagliata l\u2019ambiente sottostante. Comunque, come vedremo pi\u00f9 avanti, questa sembra riflettere i colori dell\u2019ambiente circostante. Nella zona superiore invece, alla nostra sinistra e indicato dalle frecce, vediamo il riflesso del sole che invade la superficie delle sfere solo parzialmente. Dettaglio importante, che ci fa concludere che le due sfere sono di discrete dimensioni, il che ci porta ad escludere che siano anche in questo caso due piccoli modellini lanciati in aria:<\/p>\n\n\n\n<figure class=\"wp-block-image size-large\"><img decoding=\"async\" width=\"1024\" height=\"604\" src=\"https:\/\/www.progettocoscienzacosmica.com\/wp-content\/uploads\/2023\/05\/24.-avvistamento-29-dicembre-dettaglio-riflessi_JACOPO-193-1024x604.jpg\" alt=\"\" class=\"wp-image-3503\" srcset=\"https:\/\/www.progettocoscienzacosmica.com\/wp-content\/uploads\/2023\/05\/24.-avvistamento-29-dicembre-dettaglio-riflessi_JACOPO-193-1024x604.jpg 1024w, https:\/\/www.progettocoscienzacosmica.com\/wp-content\/uploads\/2023\/05\/24.-avvistamento-29-dicembre-dettaglio-riflessi_JACOPO-193-300x177.jpg 300w, https:\/\/www.progettocoscienzacosmica.com\/wp-content\/uploads\/2023\/05\/24.-avvistamento-29-dicembre-dettaglio-riflessi_JACOPO-193-768x453.jpg 768w, https:\/\/www.progettocoscienzacosmica.com\/wp-content\/uploads\/2023\/05\/24.-avvistamento-29-dicembre-dettaglio-riflessi_JACOPO-193-1536x906.jpg 1536w, https:\/\/www.progettocoscienzacosmica.com\/wp-content\/uploads\/2023\/05\/24.-avvistamento-29-dicembre-dettaglio-riflessi_JACOPO-193-2048x1208.jpg 2048w, https:\/\/www.progettocoscienzacosmica.com\/wp-content\/uploads\/2023\/05\/24.-avvistamento-29-dicembre-dettaglio-riflessi_JACOPO-193-18x12.jpg 18w, https:\/\/www.progettocoscienzacosmica.com\/wp-content\/uploads\/2023\/05\/24.-avvistamento-29-dicembre-dettaglio-riflessi_JACOPO-193-810x478.jpg 810w, https:\/\/www.progettocoscienzacosmica.com\/wp-content\/uploads\/2023\/05\/24.-avvistamento-29-dicembre-dettaglio-riflessi_JACOPO-193-1140x672.jpg 1140w\" sizes=\"(max-width: 1024px) 100vw, 1024px\" \/><\/figure>\n\n\n\n<p>Eseguendo il test ELA non abbiamo notato sostanziali differenze di compressione nell\u2019intera immagine e quindi possiamo confermare che con buona probabilit\u00e0, non ci sia stata una qualche manipolazione digitale:<\/p>\n\n\n\n<figure class=\"wp-block-image size-large\"><img decoding=\"async\" width=\"582\" height=\"1024\" src=\"https:\/\/www.progettocoscienzacosmica.com\/wp-content\/uploads\/2023\/05\/25.-avvistamento-29-dicembre-ELA-su-originale_JACOPO-195-582x1024.jpg\" alt=\"\" class=\"wp-image-3504\" srcset=\"https:\/\/www.progettocoscienzacosmica.com\/wp-content\/uploads\/2023\/05\/25.-avvistamento-29-dicembre-ELA-su-originale_JACOPO-195-582x1024.jpg 582w, https:\/\/www.progettocoscienzacosmica.com\/wp-content\/uploads\/2023\/05\/25.-avvistamento-29-dicembre-ELA-su-originale_JACOPO-195-170x300.jpg 170w, https:\/\/www.progettocoscienzacosmica.com\/wp-content\/uploads\/2023\/05\/25.-avvistamento-29-dicembre-ELA-su-originale_JACOPO-195-7x12.jpg 7w, https:\/\/www.progettocoscienzacosmica.com\/wp-content\/uploads\/2023\/05\/25.-avvistamento-29-dicembre-ELA-su-originale_JACOPO-195.jpg 720w\" sizes=\"(max-width: 582px) 100vw, 582px\" \/><\/figure>\n\n\n\n<p>Le sfere, come dicevamo, sono composte da materiale apparentemente metallico e, seppur con una superficie particolarmente opaca, riflettono in qualche modo l\u2019ambiente circostante. Variando alcuni parametri grafici dello scatto, \u00e8 possibile notare come il blu del cielo sia visibile soprattutto nella parte destra superiore delle sfere, mentre nella parte inferiore vediamo la stessa colorazione del terreno sottostante.<\/p>\n\n\n\n<figure class=\"wp-block-image size-large\"><img decoding=\"async\" width=\"1024\" height=\"901\" src=\"https:\/\/www.progettocoscienzacosmica.com\/wp-content\/uploads\/2023\/05\/26.-avvistamento-29-dicembre-riflesso-del-campo-di-grano-e-cielo-sulle-sfere_JACOPO-197-1024x901.jpg\" alt=\"\" class=\"wp-image-3505\" srcset=\"https:\/\/www.progettocoscienzacosmica.com\/wp-content\/uploads\/2023\/05\/26.-avvistamento-29-dicembre-riflesso-del-campo-di-grano-e-cielo-sulle-sfere_JACOPO-197-1024x901.jpg 1024w, https:\/\/www.progettocoscienzacosmica.com\/wp-content\/uploads\/2023\/05\/26.-avvistamento-29-dicembre-riflesso-del-campo-di-grano-e-cielo-sulle-sfere_JACOPO-197-300x264.jpg 300w, https:\/\/www.progettocoscienzacosmica.com\/wp-content\/uploads\/2023\/05\/26.-avvistamento-29-dicembre-riflesso-del-campo-di-grano-e-cielo-sulle-sfere_JACOPO-197-768x676.jpg 768w, https:\/\/www.progettocoscienzacosmica.com\/wp-content\/uploads\/2023\/05\/26.-avvistamento-29-dicembre-riflesso-del-campo-di-grano-e-cielo-sulle-sfere_JACOPO-197-14x12.jpg 14w, https:\/\/www.progettocoscienzacosmica.com\/wp-content\/uploads\/2023\/05\/26.-avvistamento-29-dicembre-riflesso-del-campo-di-grano-e-cielo-sulle-sfere_JACOPO-197-810x713.jpg 810w, https:\/\/www.progettocoscienzacosmica.com\/wp-content\/uploads\/2023\/05\/26.-avvistamento-29-dicembre-riflesso-del-campo-di-grano-e-cielo-sulle-sfere_JACOPO-197-1140x1003.jpg 1140w, https:\/\/www.progettocoscienzacosmica.com\/wp-content\/uploads\/2023\/05\/26.-avvistamento-29-dicembre-riflesso-del-campo-di-grano-e-cielo-sulle-sfere_JACOPO-197.jpg 1227w\" sizes=\"(max-width: 1024px) 100vw, 1024px\" \/><\/figure>\n\n\n\n<p>Infine, abbiamo eseguito un test sulla luce assorbita e riflessa dai due oggetti. Anche tale analisi ha fornito dettagli interessanti, poich\u00e9 le due sfere dimostrano di avere una colorazione coerente rispetto all\u2019ambiente che le circonda. Interagiscono in maniera similare agli altri soggetti presenti nell\u2019immagine ogni volta che vengono variati alcuni parametri della curva cromatica:<\/p>\n\n\n\n<figure class=\"wp-block-image size-large\"><img decoding=\"async\" width=\"1024\" height=\"979\" src=\"https:\/\/www.progettocoscienzacosmica.com\/wp-content\/uploads\/2023\/05\/27.-avvistamento-29-dicembre-variazione-curva-1_JACOPO-199-3-1024x979.jpg\" alt=\"\" class=\"wp-image-3511\" srcset=\"https:\/\/www.progettocoscienzacosmica.com\/wp-content\/uploads\/2023\/05\/27.-avvistamento-29-dicembre-variazione-curva-1_JACOPO-199-3-1024x979.jpg 1024w, https:\/\/www.progettocoscienzacosmica.com\/wp-content\/uploads\/2023\/05\/27.-avvistamento-29-dicembre-variazione-curva-1_JACOPO-199-3-300x287.jpg 300w, https:\/\/www.progettocoscienzacosmica.com\/wp-content\/uploads\/2023\/05\/27.-avvistamento-29-dicembre-variazione-curva-1_JACOPO-199-3-768x735.jpg 768w, https:\/\/www.progettocoscienzacosmica.com\/wp-content\/uploads\/2023\/05\/27.-avvistamento-29-dicembre-variazione-curva-1_JACOPO-199-3-13x12.jpg 13w, https:\/\/www.progettocoscienzacosmica.com\/wp-content\/uploads\/2023\/05\/27.-avvistamento-29-dicembre-variazione-curva-1_JACOPO-199-3-810x775.jpg 810w, https:\/\/www.progettocoscienzacosmica.com\/wp-content\/uploads\/2023\/05\/27.-avvistamento-29-dicembre-variazione-curva-1_JACOPO-199-3.jpg 1080w\" sizes=\"(max-width: 1024px) 100vw, 1024px\" \/><\/figure>\n\n\n\n<figure class=\"wp-block-image size-large\"><img decoding=\"async\" width=\"1024\" height=\"979\" src=\"https:\/\/www.progettocoscienzacosmica.com\/wp-content\/uploads\/2023\/05\/28.-avvistamento-29-dicembre-variazione-curva-1_JACOPO-201-2-1024x979.jpg\" alt=\"\" class=\"wp-image-3512\" srcset=\"https:\/\/www.progettocoscienzacosmica.com\/wp-content\/uploads\/2023\/05\/28.-avvistamento-29-dicembre-variazione-curva-1_JACOPO-201-2-1024x979.jpg 1024w, https:\/\/www.progettocoscienzacosmica.com\/wp-content\/uploads\/2023\/05\/28.-avvistamento-29-dicembre-variazione-curva-1_JACOPO-201-2-300x287.jpg 300w, https:\/\/www.progettocoscienzacosmica.com\/wp-content\/uploads\/2023\/05\/28.-avvistamento-29-dicembre-variazione-curva-1_JACOPO-201-2-768x735.jpg 768w, https:\/\/www.progettocoscienzacosmica.com\/wp-content\/uploads\/2023\/05\/28.-avvistamento-29-dicembre-variazione-curva-1_JACOPO-201-2-13x12.jpg 13w, https:\/\/www.progettocoscienzacosmica.com\/wp-content\/uploads\/2023\/05\/28.-avvistamento-29-dicembre-variazione-curva-1_JACOPO-201-2-810x775.jpg 810w, https:\/\/www.progettocoscienzacosmica.com\/wp-content\/uploads\/2023\/05\/28.-avvistamento-29-dicembre-variazione-curva-1_JACOPO-201-2.jpg 1080w\" sizes=\"(max-width: 1024px) 100vw, 1024px\" \/><\/figure>\n\n\n\n<p>Inoltre, approfittando di quest\u2019ultimo test, abbiamo eseguito un\u2019analisi pi\u00f9 approfondita delle informazioni espresse dalle superfici riflettenti delle sfere, per valutare la coerenza della modalit\u00e0 d\u2019interazione dimostrata.<\/p>\n\n\n\n<p>Come \u00e8 possibile vedere nell\u2019immagine, entrambe le sfere interagiscono con la luce in maniera similare e con minime differenze. Le impronte grafiche espresse dal riflesso sulle superfici sono infatti differenti in alcuni punti ma riteniamo dipenda dalla posizione nello spazio tridimensionale dell\u2019ambiente in cui si trovavano le sfere. La diversa posizione rispetto alla fonte di luce determina una differente incidenza della stessa sulla superficie delle sfere dando cos\u00ec luogo alla leggera difformit\u00e0 delle impronte:<\/p>\n\n\n\n<figure class=\"wp-block-image size-full\"><img decoding=\"async\" width=\"937\" height=\"611\" src=\"https:\/\/www.progettocoscienzacosmica.com\/wp-content\/uploads\/2023\/05\/29.-avvistamento-29-dicembre-curva-su-gigapixel-per-valutazione-delle-informazioni-contenute-sulla-superficie-delle-sfere_JACOPO-203.jpg\" alt=\"\" class=\"wp-image-3513\" srcset=\"https:\/\/www.progettocoscienzacosmica.com\/wp-content\/uploads\/2023\/05\/29.-avvistamento-29-dicembre-curva-su-gigapixel-per-valutazione-delle-informazioni-contenute-sulla-superficie-delle-sfere_JACOPO-203.jpg 937w, https:\/\/www.progettocoscienzacosmica.com\/wp-content\/uploads\/2023\/05\/29.-avvistamento-29-dicembre-curva-su-gigapixel-per-valutazione-delle-informazioni-contenute-sulla-superficie-delle-sfere_JACOPO-203-300x196.jpg 300w, https:\/\/www.progettocoscienzacosmica.com\/wp-content\/uploads\/2023\/05\/29.-avvistamento-29-dicembre-curva-su-gigapixel-per-valutazione-delle-informazioni-contenute-sulla-superficie-delle-sfere_JACOPO-203-768x501.jpg 768w, https:\/\/www.progettocoscienzacosmica.com\/wp-content\/uploads\/2023\/05\/29.-avvistamento-29-dicembre-curva-su-gigapixel-per-valutazione-delle-informazioni-contenute-sulla-superficie-delle-sfere_JACOPO-203-18x12.jpg 18w, https:\/\/www.progettocoscienzacosmica.com\/wp-content\/uploads\/2023\/05\/29.-avvistamento-29-dicembre-curva-su-gigapixel-per-valutazione-delle-informazioni-contenute-sulla-superficie-delle-sfere_JACOPO-203-810x528.jpg 810w\" sizes=\"(max-width: 937px) 100vw, 937px\" \/><\/figure>\n\n\n\n<p>Questo sta a significare che entrambe sono oggetti fisici con delle specifiche e similari propriet\u00e0, le quali permettono alle stesse di interagire in maniera esclusiva con l\u2019ambiente. Quindi, con grande probabilit\u00e0 erano realmente inserite nel contesto ambientale mostrato dalla foto, durante lo scatto eseguito da Juanito Juan. In effetti, degli oggetti inseriti digitalmente \u00e8 difficile che abbiano delle informazioni univoche, differenziate e coerenti, perci\u00f2 sar\u00e0 molto improbabile una loro risposta congrua all\u2019ambiente in cui vengono inseriti.<\/p>\n\n\n\n<p>L\u2019ultimo avvistamento \u00e8 quello avvenuto nel pomeriggio del 5 marzo 2023. In tale occasione Juanito Juan ha fotografato tre splendide sfere che si libravano ad una discreta altezza in una zona periferica di Valle Hermoso:<\/p>\n\n\n\n<figure class=\"wp-block-image size-large is-resized\"><img decoding=\"async\" src=\"https:\/\/www.progettocoscienzacosmica.com\/wp-content\/uploads\/2023\/05\/30.-avvistamento-5-marzo-JJ-originale-e-migliorata_JACOPO-205-1024x974.jpg\" alt=\"\" class=\"wp-image-3514\" width=\"632\" height=\"601\" srcset=\"https:\/\/www.progettocoscienzacosmica.com\/wp-content\/uploads\/2023\/05\/30.-avvistamento-5-marzo-JJ-originale-e-migliorata_JACOPO-205-1024x974.jpg 1024w, https:\/\/www.progettocoscienzacosmica.com\/wp-content\/uploads\/2023\/05\/30.-avvistamento-5-marzo-JJ-originale-e-migliorata_JACOPO-205-300x285.jpg 300w, https:\/\/www.progettocoscienzacosmica.com\/wp-content\/uploads\/2023\/05\/30.-avvistamento-5-marzo-JJ-originale-e-migliorata_JACOPO-205-768x731.jpg 768w, https:\/\/www.progettocoscienzacosmica.com\/wp-content\/uploads\/2023\/05\/30.-avvistamento-5-marzo-JJ-originale-e-migliorata_JACOPO-205-13x12.jpg 13w, https:\/\/www.progettocoscienzacosmica.com\/wp-content\/uploads\/2023\/05\/30.-avvistamento-5-marzo-JJ-originale-e-migliorata_JACOPO-205-810x771.jpg 810w, https:\/\/www.progettocoscienzacosmica.com\/wp-content\/uploads\/2023\/05\/30.-avvistamento-5-marzo-JJ-originale-e-migliorata_JACOPO-205.jpg 1135w\" sizes=\"(max-width: 632px) 100vw, 632px\" \/><\/figure>\n\n\n\n<p>Le tre sfere, apparentemente di colore bronzeo, si posizionano in una formazione triangolare in cui le due pi\u00f9 alte appaiono di maggiori dimensioni rispetto alla terza:<\/p>\n\n\n\n<figure class=\"wp-block-image size-large\"><img decoding=\"async\" width=\"1024\" height=\"468\" src=\"https:\/\/www.progettocoscienzacosmica.com\/wp-content\/uploads\/2023\/05\/31.-avvistamento-5-marzo-JJ-originale-e-migliorata-zoom_JACOPO-207-1-1024x468.jpg\" alt=\"\" class=\"wp-image-3516\" srcset=\"https:\/\/www.progettocoscienzacosmica.com\/wp-content\/uploads\/2023\/05\/31.-avvistamento-5-marzo-JJ-originale-e-migliorata-zoom_JACOPO-207-1-1024x468.jpg 1024w, https:\/\/www.progettocoscienzacosmica.com\/wp-content\/uploads\/2023\/05\/31.-avvistamento-5-marzo-JJ-originale-e-migliorata-zoom_JACOPO-207-1-300x137.jpg 300w, https:\/\/www.progettocoscienzacosmica.com\/wp-content\/uploads\/2023\/05\/31.-avvistamento-5-marzo-JJ-originale-e-migliorata-zoom_JACOPO-207-1-768x351.jpg 768w, https:\/\/www.progettocoscienzacosmica.com\/wp-content\/uploads\/2023\/05\/31.-avvistamento-5-marzo-JJ-originale-e-migliorata-zoom_JACOPO-207-1-18x8.jpg 18w, https:\/\/www.progettocoscienzacosmica.com\/wp-content\/uploads\/2023\/05\/31.-avvistamento-5-marzo-JJ-originale-e-migliorata-zoom_JACOPO-207-1-810x371.jpg 810w, https:\/\/www.progettocoscienzacosmica.com\/wp-content\/uploads\/2023\/05\/31.-avvistamento-5-marzo-JJ-originale-e-migliorata-zoom_JACOPO-207-1.jpg 1080w\" sizes=\"(max-width: 1024px) 100vw, 1024px\" \/><\/figure>\n\n\n\n<p>Gli oggetti appaiono estremamente fuori fuoco come pure gli alberi sottostanti, seppur in maniera meno marcata. Probabilmente l\u2019obiettivo della fotocamera era impostato su una messa a fuoco ravvicinata, sfocando quindi in maniera crescente tutti gli elementi sullo sfondo. Inoltre, la qualit\u00e0 dell\u2019immagine degli alberi e delle sfere \u00e8 molto bassa. Tale elemento \u00e8 importante, poich\u00e9 ci aiuta ad orientarci a favore della genuinit\u00e0 dello scatto. Accade infatti che in un\u2019immagine ritoccata, gli elementi aggiunti digitalmente possono apparire con qualit\u00e0 d\u2019immagine e compressione differenti rispetto al resto.<\/p>\n\n\n\n<figure class=\"wp-block-image size-large\"><img decoding=\"async\" width=\"1024\" height=\"891\" src=\"https:\/\/www.progettocoscienzacosmica.com\/wp-content\/uploads\/2023\/05\/32.-avvistamento-5-marzo-JJ-sfera-bianca-originale-e-migliorata-con-zoom_JACOPO-209-1024x891.jpg\" alt=\"\" class=\"wp-image-3517\" srcset=\"https:\/\/www.progettocoscienzacosmica.com\/wp-content\/uploads\/2023\/05\/32.-avvistamento-5-marzo-JJ-sfera-bianca-originale-e-migliorata-con-zoom_JACOPO-209-1024x891.jpg 1024w, https:\/\/www.progettocoscienzacosmica.com\/wp-content\/uploads\/2023\/05\/32.-avvistamento-5-marzo-JJ-sfera-bianca-originale-e-migliorata-con-zoom_JACOPO-209-300x261.jpg 300w, https:\/\/www.progettocoscienzacosmica.com\/wp-content\/uploads\/2023\/05\/32.-avvistamento-5-marzo-JJ-sfera-bianca-originale-e-migliorata-con-zoom_JACOPO-209-768x668.jpg 768w, https:\/\/www.progettocoscienzacosmica.com\/wp-content\/uploads\/2023\/05\/32.-avvistamento-5-marzo-JJ-sfera-bianca-originale-e-migliorata-con-zoom_JACOPO-209-14x12.jpg 14w, https:\/\/www.progettocoscienzacosmica.com\/wp-content\/uploads\/2023\/05\/32.-avvistamento-5-marzo-JJ-sfera-bianca-originale-e-migliorata-con-zoom_JACOPO-209-810x705.jpg 810w, https:\/\/www.progettocoscienzacosmica.com\/wp-content\/uploads\/2023\/05\/32.-avvistamento-5-marzo-JJ-sfera-bianca-originale-e-migliorata-con-zoom_JACOPO-209.jpg 1080w\" sizes=\"(max-width: 1024px) 100vw, 1024px\" \/><\/figure>\n\n\n\n<p>Un ulteriore elemento molto interessante \u00e8 la presenza di un quarto oggetto alquanto significativo, ossia quella che sembra essere una sfera bianca, che \u00e8 possibile notare all\u2019interno della scia bianca obliqua. Secondo la testimonianza di Juanito Juan, le tre sfere metalliche seguivano tale oggetto. Questo dettaglio offre sicuramente un valore aggiunto alla straordinariet\u00e0 di questa foto.<\/p>\n\n\n\n<p>Purtroppo non ci \u00e8 possibile identificare ulteriori dettagli di questa sfera e quindi eseguire un qualche tipo di analisi, per via della scarsa qualit\u00e0 del file e dell\u2019errata messa a fuoco durante l\u2019esecuzione dello scatto fotografico. Per questi stessi motivi non \u00e8 stato possibile procedere al meglio neanche con i test sulle altre tre sfere.<br>Ci\u00f2 che invece \u00e8 piuttosto semplice da capire \u00e8 che anche in questo caso, non siamo di fronte a dei piccoli oggetti come potrebbero essere dei modellini, poich\u00e9 la luce del sole interessa solo una piccola porzione degli oggetti, il che dimostra che siamo di fronte ad oggetti di modeste dimensioni. Anche la netta demarcazione tra le zone illuminate e quelle in ombra indica che le dimensioni non sono ridotte. Da notare, inoltre, che l\u2019oggetto pi\u00f9 piccolo presenta una porzione pi\u00f9 ampia di superficie investita dal riflesso luminoso rispetto agli altri due. Tale caratteristica dimostra nuovamente quanto il comportamento della luce su un corpo possa suggerire dati importanti sulle sue effettive dimensioni:<\/p>\n\n\n\n<figure class=\"wp-block-image size-large\"><img decoding=\"async\" width=\"1024\" height=\"919\" src=\"https:\/\/www.progettocoscienzacosmica.com\/wp-content\/uploads\/2023\/05\/33.-avvistamento-5-marzo-JJ-dettaglio-riflessi_JACOPO-211-1024x919.jpg\" alt=\"\" class=\"wp-image-3518\" srcset=\"https:\/\/www.progettocoscienzacosmica.com\/wp-content\/uploads\/2023\/05\/33.-avvistamento-5-marzo-JJ-dettaglio-riflessi_JACOPO-211-1024x919.jpg 1024w, https:\/\/www.progettocoscienzacosmica.com\/wp-content\/uploads\/2023\/05\/33.-avvistamento-5-marzo-JJ-dettaglio-riflessi_JACOPO-211-300x269.jpg 300w, https:\/\/www.progettocoscienzacosmica.com\/wp-content\/uploads\/2023\/05\/33.-avvistamento-5-marzo-JJ-dettaglio-riflessi_JACOPO-211-768x689.jpg 768w, https:\/\/www.progettocoscienzacosmica.com\/wp-content\/uploads\/2023\/05\/33.-avvistamento-5-marzo-JJ-dettaglio-riflessi_JACOPO-211-1536x1379.jpg 1536w, https:\/\/www.progettocoscienzacosmica.com\/wp-content\/uploads\/2023\/05\/33.-avvistamento-5-marzo-JJ-dettaglio-riflessi_JACOPO-211-2048x1839.jpg 2048w, https:\/\/www.progettocoscienzacosmica.com\/wp-content\/uploads\/2023\/05\/33.-avvistamento-5-marzo-JJ-dettaglio-riflessi_JACOPO-211-13x12.jpg 13w, https:\/\/www.progettocoscienzacosmica.com\/wp-content\/uploads\/2023\/05\/33.-avvistamento-5-marzo-JJ-dettaglio-riflessi_JACOPO-211-810x727.jpg 810w, https:\/\/www.progettocoscienzacosmica.com\/wp-content\/uploads\/2023\/05\/33.-avvistamento-5-marzo-JJ-dettaglio-riflessi_JACOPO-211-1140x1023.jpg 1140w\" sizes=\"(max-width: 1024px) 100vw, 1024px\" \/><\/figure>\n\n\n\n<p>Per quanto riguarda l\u2019analisi digitale, siamo partiti dall\u2019esame ELA, dove \u00e8 possibile rilevare un livello complessivo di compressione uniforme su tutta l\u2019immagine. Perci\u00f2 esiste una bassa possibilit\u00e0 che sia stata eseguita una manipolazione grafica sul documento:<\/p>\n\n\n\n<figure class=\"wp-block-image size-full\"><img decoding=\"async\" width=\"339\" height=\"600\" src=\"https:\/\/www.progettocoscienzacosmica.com\/wp-content\/uploads\/2023\/05\/34.-avvistamento-5-marzo-JJ-ELA-su-originale_JACOPO-213-1.jpg\" alt=\"\" class=\"wp-image-3520\" srcset=\"https:\/\/www.progettocoscienzacosmica.com\/wp-content\/uploads\/2023\/05\/34.-avvistamento-5-marzo-JJ-ELA-su-originale_JACOPO-213-1.jpg 339w, https:\/\/www.progettocoscienzacosmica.com\/wp-content\/uploads\/2023\/05\/34.-avvistamento-5-marzo-JJ-ELA-su-originale_JACOPO-213-1-170x300.jpg 170w, https:\/\/www.progettocoscienzacosmica.com\/wp-content\/uploads\/2023\/05\/34.-avvistamento-5-marzo-JJ-ELA-su-originale_JACOPO-213-1-7x12.jpg 7w\" sizes=\"(max-width: 339px) 100vw, 339px\" \/><\/figure>\n\n\n\n<p>Le sfere inoltre, dimostrano una risposta coerente alla luce assorbita quando si esegue un confronto con il panorama ambientale. Questo lo vediamo quando si esegue una variazione della curva cromatica. Qui siamo riusciti a rilevare un altro interessante dettaglio, similare a quello visto nello scatto precedente, ossia che le tre sfere rispondono alla luce in maniera diversa a seconda della posizione che assumono nello spazio, proprio come dovrebbe accadere in una situazione reale. Questo dato \u00e8 molto importante perch\u00e9, come dicevamo, ci dice che \u00e8 quasi certo che le sfere fossero effettivamente presenti durante lo scatto. Ci\u00f2 infatti abbassa notevolmente le possibilit\u00e0 che si sia verificata una manipolazione grafica, del tipo clonare con solo variazioni di dimensione e posizione, lo stesso oggetto per aumentarne il numero in una immagine. In una riproduzione digitale, la risposta alla luce di un oggetto \u00e8 difficile che si diversifichi in maniera cos\u00ec particolareggiata in base al suo posizionamento nell\u2019ambiente:<\/p>\n\n\n\n<figure class=\"wp-block-image size-large\"><img decoding=\"async\" width=\"1024\" height=\"905\" src=\"https:\/\/www.progettocoscienzacosmica.com\/wp-content\/uploads\/2023\/05\/35.-avvistamento-5-marzo-JJ-variazione-curva-cromatica-1-e-dettaglio-riflesso-solare-sulle-sfere_JACOPO-215-1024x905.jpg\" alt=\"\" class=\"wp-image-3521\" srcset=\"https:\/\/www.progettocoscienzacosmica.com\/wp-content\/uploads\/2023\/05\/35.-avvistamento-5-marzo-JJ-variazione-curva-cromatica-1-e-dettaglio-riflesso-solare-sulle-sfere_JACOPO-215-1024x905.jpg 1024w, https:\/\/www.progettocoscienzacosmica.com\/wp-content\/uploads\/2023\/05\/35.-avvistamento-5-marzo-JJ-variazione-curva-cromatica-1-e-dettaglio-riflesso-solare-sulle-sfere_JACOPO-215-300x265.jpg 300w, https:\/\/www.progettocoscienzacosmica.com\/wp-content\/uploads\/2023\/05\/35.-avvistamento-5-marzo-JJ-variazione-curva-cromatica-1-e-dettaglio-riflesso-solare-sulle-sfere_JACOPO-215-768x679.jpg 768w, https:\/\/www.progettocoscienzacosmica.com\/wp-content\/uploads\/2023\/05\/35.-avvistamento-5-marzo-JJ-variazione-curva-cromatica-1-e-dettaglio-riflesso-solare-sulle-sfere_JACOPO-215-14x12.jpg 14w, https:\/\/www.progettocoscienzacosmica.com\/wp-content\/uploads\/2023\/05\/35.-avvistamento-5-marzo-JJ-variazione-curva-cromatica-1-e-dettaglio-riflesso-solare-sulle-sfere_JACOPO-215-810x716.jpg 810w, https:\/\/www.progettocoscienzacosmica.com\/wp-content\/uploads\/2023\/05\/35.-avvistamento-5-marzo-JJ-variazione-curva-cromatica-1-e-dettaglio-riflesso-solare-sulle-sfere_JACOPO-215.jpg 1080w\" sizes=\"(max-width: 1024px) 100vw, 1024px\" \/><\/figure>\n\n\n\n<p>\u00c8 possibile notare ancora meglio tali dettagli quando si analizza la stessa immagine migliorata digitalmente. Come si vede nell\u2019immagine a seguire, ognuna delle sfere presenta una caratterizzazione del riflesso del tutto differente dalle altre:<\/p>\n\n\n\n<figure class=\"wp-block-image size-large\"><img decoding=\"async\" width=\"1024\" height=\"984\" src=\"https:\/\/www.progettocoscienzacosmica.com\/wp-content\/uploads\/2023\/05\/36.-avvistamento-5-marzo-JJ-variazione-curva-cromatica-2-e-dettaglio-riflesso-solare-sulle-sfere_JACOPO-217-1024x984.jpg\" alt=\"\" class=\"wp-image-3522\" srcset=\"https:\/\/www.progettocoscienzacosmica.com\/wp-content\/uploads\/2023\/05\/36.-avvistamento-5-marzo-JJ-variazione-curva-cromatica-2-e-dettaglio-riflesso-solare-sulle-sfere_JACOPO-217-1024x984.jpg 1024w, https:\/\/www.progettocoscienzacosmica.com\/wp-content\/uploads\/2023\/05\/36.-avvistamento-5-marzo-JJ-variazione-curva-cromatica-2-e-dettaglio-riflesso-solare-sulle-sfere_JACOPO-217-300x288.jpg 300w, https:\/\/www.progettocoscienzacosmica.com\/wp-content\/uploads\/2023\/05\/36.-avvistamento-5-marzo-JJ-variazione-curva-cromatica-2-e-dettaglio-riflesso-solare-sulle-sfere_JACOPO-217-768x738.jpg 768w, https:\/\/www.progettocoscienzacosmica.com\/wp-content\/uploads\/2023\/05\/36.-avvistamento-5-marzo-JJ-variazione-curva-cromatica-2-e-dettaglio-riflesso-solare-sulle-sfere_JACOPO-217-12x12.jpg 12w, https:\/\/www.progettocoscienzacosmica.com\/wp-content\/uploads\/2023\/05\/36.-avvistamento-5-marzo-JJ-variazione-curva-cromatica-2-e-dettaglio-riflesso-solare-sulle-sfere_JACOPO-217-810x779.jpg 810w, https:\/\/www.progettocoscienzacosmica.com\/wp-content\/uploads\/2023\/05\/36.-avvistamento-5-marzo-JJ-variazione-curva-cromatica-2-e-dettaglio-riflesso-solare-sulle-sfere_JACOPO-217.jpg 1080w\" sizes=\"(max-width: 1024px) 100vw, 1024px\" \/><\/figure>\n\n\n\n<p>Un\u2019ultima conferma del fatto che le sfere non siano state clonate a partire da un unico soggetto, l\u2019abbiamo avuta tramite un\u00a0<em>tool\u00a0<\/em>specifico per tale tipo di rilevamento. Qui sotto il risultato dell\u2019analisi:<\/p>\n\n\n\n<figure class=\"wp-block-image size-full\"><img decoding=\"async\" width=\"720\" height=\"720\" src=\"https:\/\/www.progettocoscienzacosmica.com\/wp-content\/uploads\/2023\/05\/37.-avvistamento-5-marzo-JJ-analisi-clone-sfere-originali_JACOPO-219.jpg\" alt=\"\" class=\"wp-image-3523\" srcset=\"https:\/\/www.progettocoscienzacosmica.com\/wp-content\/uploads\/2023\/05\/37.-avvistamento-5-marzo-JJ-analisi-clone-sfere-originali_JACOPO-219.jpg 720w, https:\/\/www.progettocoscienzacosmica.com\/wp-content\/uploads\/2023\/05\/37.-avvistamento-5-marzo-JJ-analisi-clone-sfere-originali_JACOPO-219-300x300.jpg 300w, https:\/\/www.progettocoscienzacosmica.com\/wp-content\/uploads\/2023\/05\/37.-avvistamento-5-marzo-JJ-analisi-clone-sfere-originali_JACOPO-219-150x150.jpg 150w, https:\/\/www.progettocoscienzacosmica.com\/wp-content\/uploads\/2023\/05\/37.-avvistamento-5-marzo-JJ-analisi-clone-sfere-originali_JACOPO-219-12x12.jpg 12w, https:\/\/www.progettocoscienzacosmica.com\/wp-content\/uploads\/2023\/05\/37.-avvistamento-5-marzo-JJ-analisi-clone-sfere-originali_JACOPO-219-65x65.jpg 65w\" sizes=\"(max-width: 720px) 100vw, 720px\" \/><\/figure>\n\n\n\n<p>Le linee fucsia identificano ci\u00f2 che per il programma d\u2019analisi si rassomiglia. Se si evidenziano poche linee si pu\u00f2 concludere che esista una buona somiglianza tra gli oggetti nelle aree indicate, ma si esclude che siano del tutto identici. Righe di collegamento che ricoprono intere superfici concludono invece una somiglianza piena tra gli oggetti.<\/p>\n\n\n\n<p>Qui vi sono solo poche righe che collegano le superfici delle due sfere pi\u00f9 grandi. La terza sfera non \u00e8 stata neanche considerata, e tale dettaglio rende l\u2019analisi ancora pi\u00f9 interessante in quanto ci dice che questa \u00e8 totalmente dissimile dalle altre due sfere nel bagaglio informativo che contiene.<\/p>\n\n\n\n<p>Per comprendere meglio cosa accadrebbe clonando graficamente lo stesso oggetto abbiamo appositamente creato un\u2019immagine artificiale. Come vedete nell\u2019immagine sotto la differenza \u00e8 estremamente evidente, l\u2019oggetto clonato \u00e8 completamente colorato dal software di analisi:<\/p>\n\n\n\n<figure class=\"wp-block-image size-large\"><img decoding=\"async\" width=\"1024\" height=\"905\" src=\"https:\/\/www.progettocoscienzacosmica.com\/wp-content\/uploads\/2023\/05\/38.-avvistamento-5-marzo-JJ-analisi-clone-sfere-originali-con-falso_JACOPO-221-1024x905.jpg\" alt=\"\" class=\"wp-image-3524\" srcset=\"https:\/\/www.progettocoscienzacosmica.com\/wp-content\/uploads\/2023\/05\/38.-avvistamento-5-marzo-JJ-analisi-clone-sfere-originali-con-falso_JACOPO-221-1024x905.jpg 1024w, https:\/\/www.progettocoscienzacosmica.com\/wp-content\/uploads\/2023\/05\/38.-avvistamento-5-marzo-JJ-analisi-clone-sfere-originali-con-falso_JACOPO-221-300x265.jpg 300w, https:\/\/www.progettocoscienzacosmica.com\/wp-content\/uploads\/2023\/05\/38.-avvistamento-5-marzo-JJ-analisi-clone-sfere-originali-con-falso_JACOPO-221-768x679.jpg 768w, https:\/\/www.progettocoscienzacosmica.com\/wp-content\/uploads\/2023\/05\/38.-avvistamento-5-marzo-JJ-analisi-clone-sfere-originali-con-falso_JACOPO-221-14x12.jpg 14w, https:\/\/www.progettocoscienzacosmica.com\/wp-content\/uploads\/2023\/05\/38.-avvistamento-5-marzo-JJ-analisi-clone-sfere-originali-con-falso_JACOPO-221-810x716.jpg 810w, https:\/\/www.progettocoscienzacosmica.com\/wp-content\/uploads\/2023\/05\/38.-avvistamento-5-marzo-JJ-analisi-clone-sfere-originali-con-falso_JACOPO-221.jpg 1080w\" sizes=\"(max-width: 1024px) 100vw, 1024px\" \/><\/figure>\n\n\n\n<p>Non \u00e8 stato invece possibile riscontrare dettagli di un qualche rilievo su eventuali immagini riflesse sulle sfere. Innanzitutto perch\u00e9 hanno una colorazione bronzeo scura ed inoltre, come dicevamo, l\u2019immagine oltre ad essere di scarsa qualit\u00e0 \u00e8 stata scattata fuori fuoco.<br>Confermata in modo altamente affidabile la genuinit\u00e0 di questo scatto, aggiungiamo una quarta ed ultima foto, la quale incide in maniera importante nell\u2019avvalorare maggiormente il documento fotografico del 5 marzo 2023 eseguito da Juanito.<\/p>\n\n\n\n<p>Infatti, sempre il 5 marzo 2023, verso il tramonto e in un\u2019altra zona di Valle Hermoso, un conoscente di Juanito Juan, Oscar Javier, ha fotografato tre sfere molto similari a quelle analizzate sopra. Queste, a differenza degli oggetti fotografati da Juanito Juan, sono di colore argenteo, e la qualit\u00e0 dell\u2019immagine \u00e8 nettamente superiore a quelle di Juanito Juan; anche la messa a fuoco \u00e8 meglio impostata:<\/p>\n\n\n\n<figure class=\"wp-block-image size-large\"><img decoding=\"async\" width=\"1024\" height=\"975\" src=\"https:\/\/www.progettocoscienzacosmica.com\/wp-content\/uploads\/2023\/05\/39.-avvistamento-5-marzo-OJ-originale-e-migliorata_JACOPO-223-1024x975.jpg\" alt=\"\" class=\"wp-image-3525\" srcset=\"https:\/\/www.progettocoscienzacosmica.com\/wp-content\/uploads\/2023\/05\/39.-avvistamento-5-marzo-OJ-originale-e-migliorata_JACOPO-223-1024x975.jpg 1024w, https:\/\/www.progettocoscienzacosmica.com\/wp-content\/uploads\/2023\/05\/39.-avvistamento-5-marzo-OJ-originale-e-migliorata_JACOPO-223-300x286.jpg 300w, https:\/\/www.progettocoscienzacosmica.com\/wp-content\/uploads\/2023\/05\/39.-avvistamento-5-marzo-OJ-originale-e-migliorata_JACOPO-223-768x731.jpg 768w, https:\/\/www.progettocoscienzacosmica.com\/wp-content\/uploads\/2023\/05\/39.-avvistamento-5-marzo-OJ-originale-e-migliorata_JACOPO-223-13x12.jpg 13w, https:\/\/www.progettocoscienzacosmica.com\/wp-content\/uploads\/2023\/05\/39.-avvistamento-5-marzo-OJ-originale-e-migliorata_JACOPO-223-810x771.jpg 810w, https:\/\/www.progettocoscienzacosmica.com\/wp-content\/uploads\/2023\/05\/39.-avvistamento-5-marzo-OJ-originale-e-migliorata_JACOPO-223.jpg 1080w\" sizes=\"(max-width: 1024px) 100vw, 1024px\" \/><\/figure>\n\n\n\n<figure class=\"wp-block-image size-large\"><img decoding=\"async\" width=\"1024\" height=\"862\" src=\"https:\/\/www.progettocoscienzacosmica.com\/wp-content\/uploads\/2023\/05\/40.-avvistamento-5-marzo-OJ-migliorata-originale-e-migliorata-con-zoom_JACOPO-225-1024x862.jpg\" alt=\"\" class=\"wp-image-3526\" srcset=\"https:\/\/www.progettocoscienzacosmica.com\/wp-content\/uploads\/2023\/05\/40.-avvistamento-5-marzo-OJ-migliorata-originale-e-migliorata-con-zoom_JACOPO-225-1024x862.jpg 1024w, https:\/\/www.progettocoscienzacosmica.com\/wp-content\/uploads\/2023\/05\/40.-avvistamento-5-marzo-OJ-migliorata-originale-e-migliorata-con-zoom_JACOPO-225-300x253.jpg 300w, https:\/\/www.progettocoscienzacosmica.com\/wp-content\/uploads\/2023\/05\/40.-avvistamento-5-marzo-OJ-migliorata-originale-e-migliorata-con-zoom_JACOPO-225-768x646.jpg 768w, https:\/\/www.progettocoscienzacosmica.com\/wp-content\/uploads\/2023\/05\/40.-avvistamento-5-marzo-OJ-migliorata-originale-e-migliorata-con-zoom_JACOPO-225-14x12.jpg 14w, https:\/\/www.progettocoscienzacosmica.com\/wp-content\/uploads\/2023\/05\/40.-avvistamento-5-marzo-OJ-migliorata-originale-e-migliorata-con-zoom_JACOPO-225-810x682.jpg 810w, https:\/\/www.progettocoscienzacosmica.com\/wp-content\/uploads\/2023\/05\/40.-avvistamento-5-marzo-OJ-migliorata-originale-e-migliorata-con-zoom_JACOPO-225.jpg 1080w\" sizes=\"(max-width: 1024px) 100vw, 1024px\" \/><\/figure>\n\n\n\n<p>Grazie a queste importanti caratteristiche, abbiamo potuto accedere a delle informazioni davvero interessanti, riuscendo cos\u00ec ad analizzare anche l\u2019immagine riflessa impressa sulle superfici degli oggetti.<\/p>\n\n\n\n<figure class=\"wp-block-image size-large\"><img decoding=\"async\" width=\"1024\" height=\"664\" src=\"https:\/\/www.progettocoscienzacosmica.com\/wp-content\/uploads\/2023\/05\/41.-avvistamenti-5-marzo-comparazione-dei-due-avvistamenti-con-zoom-originali_JACOPO-227-1024x664.jpg\" alt=\"\" class=\"wp-image-3527\" srcset=\"https:\/\/www.progettocoscienzacosmica.com\/wp-content\/uploads\/2023\/05\/41.-avvistamenti-5-marzo-comparazione-dei-due-avvistamenti-con-zoom-originali_JACOPO-227-1024x664.jpg 1024w, https:\/\/www.progettocoscienzacosmica.com\/wp-content\/uploads\/2023\/05\/41.-avvistamenti-5-marzo-comparazione-dei-due-avvistamenti-con-zoom-originali_JACOPO-227-300x194.jpg 300w, https:\/\/www.progettocoscienzacosmica.com\/wp-content\/uploads\/2023\/05\/41.-avvistamenti-5-marzo-comparazione-dei-due-avvistamenti-con-zoom-originali_JACOPO-227-768x498.jpg 768w, https:\/\/www.progettocoscienzacosmica.com\/wp-content\/uploads\/2023\/05\/41.-avvistamenti-5-marzo-comparazione-dei-due-avvistamenti-con-zoom-originali_JACOPO-227-18x12.jpg 18w, https:\/\/www.progettocoscienzacosmica.com\/wp-content\/uploads\/2023\/05\/41.-avvistamenti-5-marzo-comparazione-dei-due-avvistamenti-con-zoom-originali_JACOPO-227-810x525.jpg 810w, https:\/\/www.progettocoscienzacosmica.com\/wp-content\/uploads\/2023\/05\/41.-avvistamenti-5-marzo-comparazione-dei-due-avvistamenti-con-zoom-originali_JACOPO-227.jpg 1080w\" sizes=\"(max-width: 1024px) 100vw, 1024px\" \/><\/figure>\n\n\n\n<p>Anche qui vediamo che due sfere si presentano di dimensioni leggermente maggiori rispetto alla terza, e tutte dimostrano di non essere dei piccoli modellini per il fatto che presentano una zona di riflessione della luce abbastanza piccola rispetto alla superficie totale:<\/p>\n\n\n\n<figure class=\"wp-block-image size-large\"><img decoding=\"async\" width=\"637\" height=\"1024\" src=\"https:\/\/www.progettocoscienzacosmica.com\/wp-content\/uploads\/2023\/05\/42.-avvistamento-5-marzo-OJ-dettaglio-riflessi_JACOPO-229-637x1024.jpg\" alt=\"\" class=\"wp-image-3528\" srcset=\"https:\/\/www.progettocoscienzacosmica.com\/wp-content\/uploads\/2023\/05\/42.-avvistamento-5-marzo-OJ-dettaglio-riflessi_JACOPO-229-637x1024.jpg 637w, https:\/\/www.progettocoscienzacosmica.com\/wp-content\/uploads\/2023\/05\/42.-avvistamento-5-marzo-OJ-dettaglio-riflessi_JACOPO-229-187x300.jpg 187w, https:\/\/www.progettocoscienzacosmica.com\/wp-content\/uploads\/2023\/05\/42.-avvistamento-5-marzo-OJ-dettaglio-riflessi_JACOPO-229-768x1234.jpg 768w, https:\/\/www.progettocoscienzacosmica.com\/wp-content\/uploads\/2023\/05\/42.-avvistamento-5-marzo-OJ-dettaglio-riflessi_JACOPO-229-956x1536.jpg 956w, https:\/\/www.progettocoscienzacosmica.com\/wp-content\/uploads\/2023\/05\/42.-avvistamento-5-marzo-OJ-dettaglio-riflessi_JACOPO-229-7x12.jpg 7w, https:\/\/www.progettocoscienzacosmica.com\/wp-content\/uploads\/2023\/05\/42.-avvistamento-5-marzo-OJ-dettaglio-riflessi_JACOPO-229-810x1302.jpg 810w, https:\/\/www.progettocoscienzacosmica.com\/wp-content\/uploads\/2023\/05\/42.-avvistamento-5-marzo-OJ-dettaglio-riflessi_JACOPO-229.jpg 1080w\" sizes=\"(max-width: 637px) 100vw, 637px\" \/><\/figure>\n\n\n\n<p>Quindi, grazie alle caratteristiche sopra descritte, siamo riusciti ad approfondire in maniera specifica la coerenza del riflesso del panorama circostante sulla superficie delle sfere, basandoci sul modo in cui si riflettono le cose su uno specchio sferico. Ovviamente, non avendo una foto a 360 gradi del panorama, non \u00e8 possibile ottenere un\u2019analisi totalmente accurata dell\u2019immagine riflessa sulle sfere. Comunque, il risultato che abbiamo ottenuto \u00e8 davvero interessante. Infatti, valutando il punto focale, la posizione del soggetto mentre eseguiva la foto ed eseguendo una valutazione accurata del comportamento che dovrebbe manifestare un oggetto sferico specchiato, abbiamo concluso che c\u2019\u00e8 un\u2019alta probabilit\u00e0 di coerenza tra l\u2019immagine riflessa sulle sfere e l\u2019ambiente circostante.<\/p>\n\n\n\n<p>Per eseguire tale analisi abbiamo preso in esame la sfera a maggior altitudine, perch\u00e9 meglio illuminata e con una prospettiva di riflessione pi\u00f9 ampia, data la posizione assunta nello spazio.<br>Abbiamo quindi simulato l\u2019effetto del riflesso del panorama sulla superficie dell\u2019oggetto. Per fare questo ci siamo basati sul comportamento di riflessione di un\u2019immagine su uno specchio convesso.<br>Innanzitutto abbiamo utilizzato un\u2019immagine creata artificialmente che contenesse i tre principali strati cromatici presenti nell\u2019immagine originale, ossia il verde scuro del terreno, lo strato bianco di nuvole e l\u2019azzurro del cielo. Poi abbiamo preso l\u2019immagine ottenuta, l\u2019abbiamo inserita in un cerchio e chiesto al programma di eseguire una simulazione di riflessione sferica, tenendo conto del posizionamento del punto di curvatura dello specchio e quindi del punto focale dello scatto fotografico.<\/p>\n\n\n\n<figure class=\"wp-block-image size-large\"><img decoding=\"async\" width=\"1024\" height=\"306\" src=\"https:\/\/www.progettocoscienzacosmica.com\/wp-content\/uploads\/2023\/05\/43.-avvistamento-5-marzo-OJ-simulazione-cromatica-effetto-riflessione-sferica-copia-1024x306.jpg\" alt=\"\" class=\"wp-image-3529\" srcset=\"https:\/\/www.progettocoscienzacosmica.com\/wp-content\/uploads\/2023\/05\/43.-avvistamento-5-marzo-OJ-simulazione-cromatica-effetto-riflessione-sferica-copia-1024x306.jpg 1024w, https:\/\/www.progettocoscienzacosmica.com\/wp-content\/uploads\/2023\/05\/43.-avvistamento-5-marzo-OJ-simulazione-cromatica-effetto-riflessione-sferica-copia-300x90.jpg 300w, https:\/\/www.progettocoscienzacosmica.com\/wp-content\/uploads\/2023\/05\/43.-avvistamento-5-marzo-OJ-simulazione-cromatica-effetto-riflessione-sferica-copia-768x229.jpg 768w, https:\/\/www.progettocoscienzacosmica.com\/wp-content\/uploads\/2023\/05\/43.-avvistamento-5-marzo-OJ-simulazione-cromatica-effetto-riflessione-sferica-copia-18x5.jpg 18w, https:\/\/www.progettocoscienzacosmica.com\/wp-content\/uploads\/2023\/05\/43.-avvistamento-5-marzo-OJ-simulazione-cromatica-effetto-riflessione-sferica-copia-810x242.jpg 810w, https:\/\/www.progettocoscienzacosmica.com\/wp-content\/uploads\/2023\/05\/43.-avvistamento-5-marzo-OJ-simulazione-cromatica-effetto-riflessione-sferica-copia-1140x341.jpg 1140w, https:\/\/www.progettocoscienzacosmica.com\/wp-content\/uploads\/2023\/05\/43.-avvistamento-5-marzo-OJ-simulazione-cromatica-effetto-riflessione-sferica-copia.jpg 1342w\" sizes=\"(max-width: 1024px) 100vw, 1024px\" \/><\/figure>\n\n\n\n<p>Il test ha evidenziato una buona coerenza dell\u2019immagine ottenuta rispetto alle stratificazioni cromatiche presenti nella sfera originale.<\/p>\n\n\n\n<figure class=\"wp-block-image size-full\"><img decoding=\"async\" width=\"890\" height=\"426\" src=\"https:\/\/www.progettocoscienzacosmica.com\/wp-content\/uploads\/2023\/05\/44.-avvistamento-5-marzo-OJ-confronto-effetto-cromatico-e-sfera-originale-1.jpg\" alt=\"\" class=\"wp-image-3531\" srcset=\"https:\/\/www.progettocoscienzacosmica.com\/wp-content\/uploads\/2023\/05\/44.-avvistamento-5-marzo-OJ-confronto-effetto-cromatico-e-sfera-originale-1.jpg 890w, https:\/\/www.progettocoscienzacosmica.com\/wp-content\/uploads\/2023\/05\/44.-avvistamento-5-marzo-OJ-confronto-effetto-cromatico-e-sfera-originale-1-300x144.jpg 300w, https:\/\/www.progettocoscienzacosmica.com\/wp-content\/uploads\/2023\/05\/44.-avvistamento-5-marzo-OJ-confronto-effetto-cromatico-e-sfera-originale-1-768x368.jpg 768w, https:\/\/www.progettocoscienzacosmica.com\/wp-content\/uploads\/2023\/05\/44.-avvistamento-5-marzo-OJ-confronto-effetto-cromatico-e-sfera-originale-1-18x9.jpg 18w, https:\/\/www.progettocoscienzacosmica.com\/wp-content\/uploads\/2023\/05\/44.-avvistamento-5-marzo-OJ-confronto-effetto-cromatico-e-sfera-originale-1-810x388.jpg 810w\" sizes=\"(max-width: 890px) 100vw, 890px\" \/><\/figure>\n\n\n\n<p>In seguito abbiamo poi preso l\u2019immagine originale (eliminando digitalmente le sfere per semplificare la comprensione del risultato), l\u2019abbiamo inserita in un cerchio e chiesto nuovamente al programma di eseguire una simulazione di riflessione d\u2019immagine in uno specchio convesso, mantenendo sempre gli stessi parametri sopra menzionati:<\/p>\n\n\n\n<figure class=\"wp-block-image size-large\"><img decoding=\"async\" width=\"1024\" height=\"217\" src=\"https:\/\/www.progettocoscienzacosmica.com\/wp-content\/uploads\/2023\/05\/45.-avvistamento-5-marzo-OJ-simulazione-grafica-effetto-riflessione-sferica_JACOPO-235-1024x217.jpg\" alt=\"\" class=\"wp-image-3532\" srcset=\"https:\/\/www.progettocoscienzacosmica.com\/wp-content\/uploads\/2023\/05\/45.-avvistamento-5-marzo-OJ-simulazione-grafica-effetto-riflessione-sferica_JACOPO-235-1024x217.jpg 1024w, https:\/\/www.progettocoscienzacosmica.com\/wp-content\/uploads\/2023\/05\/45.-avvistamento-5-marzo-OJ-simulazione-grafica-effetto-riflessione-sferica_JACOPO-235-300x63.jpg 300w, https:\/\/www.progettocoscienzacosmica.com\/wp-content\/uploads\/2023\/05\/45.-avvistamento-5-marzo-OJ-simulazione-grafica-effetto-riflessione-sferica_JACOPO-235-768x162.jpg 768w, https:\/\/www.progettocoscienzacosmica.com\/wp-content\/uploads\/2023\/05\/45.-avvistamento-5-marzo-OJ-simulazione-grafica-effetto-riflessione-sferica_JACOPO-235-1536x325.jpg 1536w, https:\/\/www.progettocoscienzacosmica.com\/wp-content\/uploads\/2023\/05\/45.-avvistamento-5-marzo-OJ-simulazione-grafica-effetto-riflessione-sferica_JACOPO-235-18x4.jpg 18w, https:\/\/www.progettocoscienzacosmica.com\/wp-content\/uploads\/2023\/05\/45.-avvistamento-5-marzo-OJ-simulazione-grafica-effetto-riflessione-sferica_JACOPO-235-810x171.jpg 810w, https:\/\/www.progettocoscienzacosmica.com\/wp-content\/uploads\/2023\/05\/45.-avvistamento-5-marzo-OJ-simulazione-grafica-effetto-riflessione-sferica_JACOPO-235-1140x241.jpg 1140w, https:\/\/www.progettocoscienzacosmica.com\/wp-content\/uploads\/2023\/05\/45.-avvistamento-5-marzo-OJ-simulazione-grafica-effetto-riflessione-sferica_JACOPO-235.jpg 1839w\" sizes=\"(max-width: 1024px) 100vw, 1024px\" \/><\/figure>\n\n\n\n<p>Il risultato ha nuovamente fornito un risultato abbastanza sovrapponibile al riflesso originale:<\/p>\n\n\n\n<figure class=\"wp-block-image size-full\"><img decoding=\"async\" width=\"874\" height=\"491\" src=\"https:\/\/www.progettocoscienzacosmica.com\/wp-content\/uploads\/2023\/05\/46.-avvistamento-5-marzo-OJ-confronto-effetto-sfera-originale-e-effetto-sferico-copia.jpg\" alt=\"\" class=\"wp-image-3533\" srcset=\"https:\/\/www.progettocoscienzacosmica.com\/wp-content\/uploads\/2023\/05\/46.-avvistamento-5-marzo-OJ-confronto-effetto-sfera-originale-e-effetto-sferico-copia.jpg 874w, https:\/\/www.progettocoscienzacosmica.com\/wp-content\/uploads\/2023\/05\/46.-avvistamento-5-marzo-OJ-confronto-effetto-sfera-originale-e-effetto-sferico-copia-300x169.jpg 300w, https:\/\/www.progettocoscienzacosmica.com\/wp-content\/uploads\/2023\/05\/46.-avvistamento-5-marzo-OJ-confronto-effetto-sfera-originale-e-effetto-sferico-copia-768x431.jpg 768w, https:\/\/www.progettocoscienzacosmica.com\/wp-content\/uploads\/2023\/05\/46.-avvistamento-5-marzo-OJ-confronto-effetto-sfera-originale-e-effetto-sferico-copia-18x10.jpg 18w, https:\/\/www.progettocoscienzacosmica.com\/wp-content\/uploads\/2023\/05\/46.-avvistamento-5-marzo-OJ-confronto-effetto-sfera-originale-e-effetto-sferico-copia-810x455.jpg 810w\" sizes=\"(max-width: 874px) 100vw, 874px\" \/><\/figure>\n\n\n\n<p>Qui sotto le varie analisi raggruppate:<\/p>\n\n\n\n<figure class=\"wp-block-image size-large\"><img decoding=\"async\" width=\"1024\" height=\"670\" src=\"https:\/\/www.progettocoscienzacosmica.com\/wp-content\/uploads\/2023\/05\/47.-avvistamento-5-marzo-OJ-confronto-effetto-sfera-originale-e-effetto-sferico_JACOPO-239-1024x670.jpg\" alt=\"\" class=\"wp-image-3534\" srcset=\"https:\/\/www.progettocoscienzacosmica.com\/wp-content\/uploads\/2023\/05\/47.-avvistamento-5-marzo-OJ-confronto-effetto-sfera-originale-e-effetto-sferico_JACOPO-239-1024x670.jpg 1024w, https:\/\/www.progettocoscienzacosmica.com\/wp-content\/uploads\/2023\/05\/47.-avvistamento-5-marzo-OJ-confronto-effetto-sfera-originale-e-effetto-sferico_JACOPO-239-300x196.jpg 300w, https:\/\/www.progettocoscienzacosmica.com\/wp-content\/uploads\/2023\/05\/47.-avvistamento-5-marzo-OJ-confronto-effetto-sfera-originale-e-effetto-sferico_JACOPO-239-768x503.jpg 768w, https:\/\/www.progettocoscienzacosmica.com\/wp-content\/uploads\/2023\/05\/47.-avvistamento-5-marzo-OJ-confronto-effetto-sfera-originale-e-effetto-sferico_JACOPO-239-1536x1006.jpg 1536w, https:\/\/www.progettocoscienzacosmica.com\/wp-content\/uploads\/2023\/05\/47.-avvistamento-5-marzo-OJ-confronto-effetto-sfera-originale-e-effetto-sferico_JACOPO-239-18x12.jpg 18w, https:\/\/www.progettocoscienzacosmica.com\/wp-content\/uploads\/2023\/05\/47.-avvistamento-5-marzo-OJ-confronto-effetto-sfera-originale-e-effetto-sferico_JACOPO-239-810x530.jpg 810w, https:\/\/www.progettocoscienzacosmica.com\/wp-content\/uploads\/2023\/05\/47.-avvistamento-5-marzo-OJ-confronto-effetto-sfera-originale-e-effetto-sferico_JACOPO-239-1140x746.jpg 1140w, https:\/\/www.progettocoscienzacosmica.com\/wp-content\/uploads\/2023\/05\/47.-avvistamento-5-marzo-OJ-confronto-effetto-sfera-originale-e-effetto-sferico_JACOPO-239.jpg 1839w\" sizes=\"(max-width: 1024px) 100vw, 1024px\" \/><\/figure>\n\n\n\n<p>Per concludere, abbiamo proceduto con l\u2019applicazione alla foto originale di alcuni parametri che regolano la riflessione in uno specchio convesso, per poter ricreare uno schema di simulazione del riflesso dell\u2019immagine. Tracciando anche qui il punto focale, quindi la posizione della fotocamera durante lo scatto, il punto di curvatura dello specchio e applicando il tutto ai parametri suddetti, siamo arrivati ad un risultato abbastanza coerente all\u2019immagine riflessa nella sfera fotografata:<\/p>\n\n\n\n<figure class=\"wp-block-image size-large\"><img decoding=\"async\" width=\"1024\" height=\"970\" src=\"https:\/\/www.progettocoscienzacosmica.com\/wp-content\/uploads\/2023\/05\/48.-avvistamento-5-marzo-OJ-simulazione-riflessione-specchio-convesso_JACOPO-241-1024x970.jpg\" alt=\"\" class=\"wp-image-3535\" srcset=\"https:\/\/www.progettocoscienzacosmica.com\/wp-content\/uploads\/2023\/05\/48.-avvistamento-5-marzo-OJ-simulazione-riflessione-specchio-convesso_JACOPO-241-1024x970.jpg 1024w, https:\/\/www.progettocoscienzacosmica.com\/wp-content\/uploads\/2023\/05\/48.-avvistamento-5-marzo-OJ-simulazione-riflessione-specchio-convesso_JACOPO-241-300x284.jpg 300w, https:\/\/www.progettocoscienzacosmica.com\/wp-content\/uploads\/2023\/05\/48.-avvistamento-5-marzo-OJ-simulazione-riflessione-specchio-convesso_JACOPO-241-768x727.jpg 768w, https:\/\/www.progettocoscienzacosmica.com\/wp-content\/uploads\/2023\/05\/48.-avvistamento-5-marzo-OJ-simulazione-riflessione-specchio-convesso_JACOPO-241-13x12.jpg 13w, https:\/\/www.progettocoscienzacosmica.com\/wp-content\/uploads\/2023\/05\/48.-avvistamento-5-marzo-OJ-simulazione-riflessione-specchio-convesso_JACOPO-241-810x767.jpg 810w, https:\/\/www.progettocoscienzacosmica.com\/wp-content\/uploads\/2023\/05\/48.-avvistamento-5-marzo-OJ-simulazione-riflessione-specchio-convesso_JACOPO-241.jpg 1080w\" sizes=\"(max-width: 1024px) 100vw, 1024px\" \/><\/figure>\n\n\n\n<p>Qui sotto il confronto del test con la sfera originale:<\/p>\n\n\n\n<figure class=\"wp-block-image size-full\"><img decoding=\"async\" width=\"874\" height=\"437\" src=\"https:\/\/www.progettocoscienzacosmica.com\/wp-content\/uploads\/2023\/05\/49.-avvistamento-5-marzo-OJ-confronto-sfera-originale-e-simulazione-riflessione-specchio-convesso-copia.jpg\" alt=\"\" class=\"wp-image-3536\" srcset=\"https:\/\/www.progettocoscienzacosmica.com\/wp-content\/uploads\/2023\/05\/49.-avvistamento-5-marzo-OJ-confronto-sfera-originale-e-simulazione-riflessione-specchio-convesso-copia.jpg 874w, https:\/\/www.progettocoscienzacosmica.com\/wp-content\/uploads\/2023\/05\/49.-avvistamento-5-marzo-OJ-confronto-sfera-originale-e-simulazione-riflessione-specchio-convesso-copia-300x150.jpg 300w, https:\/\/www.progettocoscienzacosmica.com\/wp-content\/uploads\/2023\/05\/49.-avvistamento-5-marzo-OJ-confronto-sfera-originale-e-simulazione-riflessione-specchio-convesso-copia-768x384.jpg 768w, https:\/\/www.progettocoscienzacosmica.com\/wp-content\/uploads\/2023\/05\/49.-avvistamento-5-marzo-OJ-confronto-sfera-originale-e-simulazione-riflessione-specchio-convesso-copia-18x9.jpg 18w, https:\/\/www.progettocoscienzacosmica.com\/wp-content\/uploads\/2023\/05\/49.-avvistamento-5-marzo-OJ-confronto-sfera-originale-e-simulazione-riflessione-specchio-convesso-copia-810x405.jpg 810w\" sizes=\"(max-width: 874px) 100vw, 874px\" \/><\/figure>\n\n\n\n<p>Ovviamente, come dicevamo, nella foto \u00e8 presente solo una parte di ci\u00f2 che si stava rispecchiando sulle sfere al momento dello scatto; \u00e8 ovvio che nella realt\u00e0 le sfere riflettevano sulla loro superficie l\u2019ambiente circostante a 360\u00b0. Comunque, premettendo che siamo in una zona periferica, il panorama non visibile dovrebbe essere abbastanza similare a quello impresso nella foto. Deduciamo che molto probabilmente, intorno non vi erano palazzi o grandi edifici, ma solo una distesa di campi con vegetazione, qualche piccolo casolare e qualche stradina. Cos\u00ec come anche il cielo non visibile doveva essere lo stesso: sereno, e con un leggero strato di nubi bianche all\u2019orizzonte.<\/p>\n\n\n\n<p>Anche all\u2019analisi per l\u2019individuazione di eventuali cloni, il test indica che le sfere hanno una natura diversificata e che, con buona probabilit\u00e0, si pu\u00f2 escludere la presenza di copie di uno stesso oggetto applicate digitalmente:<\/p>\n\n\n\n<figure class=\"wp-block-image size-full\"><img decoding=\"async\" width=\"910\" height=\"720\" src=\"https:\/\/www.progettocoscienzacosmica.com\/wp-content\/uploads\/2023\/05\/50.-avvistamento-5-marzo-OJ-analisi-clone-con-zoom_JACOPO-245.jpg\" alt=\"\" class=\"wp-image-3537\" srcset=\"https:\/\/www.progettocoscienzacosmica.com\/wp-content\/uploads\/2023\/05\/50.-avvistamento-5-marzo-OJ-analisi-clone-con-zoom_JACOPO-245.jpg 910w, https:\/\/www.progettocoscienzacosmica.com\/wp-content\/uploads\/2023\/05\/50.-avvistamento-5-marzo-OJ-analisi-clone-con-zoom_JACOPO-245-300x237.jpg 300w, https:\/\/www.progettocoscienzacosmica.com\/wp-content\/uploads\/2023\/05\/50.-avvistamento-5-marzo-OJ-analisi-clone-con-zoom_JACOPO-245-768x608.jpg 768w, https:\/\/www.progettocoscienzacosmica.com\/wp-content\/uploads\/2023\/05\/50.-avvistamento-5-marzo-OJ-analisi-clone-con-zoom_JACOPO-245-15x12.jpg 15w, https:\/\/www.progettocoscienzacosmica.com\/wp-content\/uploads\/2023\/05\/50.-avvistamento-5-marzo-OJ-analisi-clone-con-zoom_JACOPO-245-810x641.jpg 810w\" sizes=\"(max-width: 910px) 100vw, 910px\" \/><\/figure>\n\n\n\n<p>Come evidenziato precedentemente, in uno scatto fotografico genuino \u00e8 difficile avere una corrispondenza identica tra gli elementi, soprattutto perch\u00e9 conterranno delle informazioni interattive ambientali diversificate tra loro in base a vari fattori, come ad esempio la disposizione nello spazio. L\u2019analisi identifica soltanto un\u2019analogia nei tre riflessi della luce e nel riflesso del cielo sulla superficie superiore delle sfere:<\/p>\n\n\n\n<figure class=\"wp-block-image size-full\"><img decoding=\"async\" width=\"720\" height=\"720\" src=\"https:\/\/www.progettocoscienzacosmica.com\/wp-content\/uploads\/2023\/05\/51.-avvistamento-5-marzo-OJ-zoom-analisi-clone-con-copia.jpg\" alt=\"\" class=\"wp-image-3538\" srcset=\"https:\/\/www.progettocoscienzacosmica.com\/wp-content\/uploads\/2023\/05\/51.-avvistamento-5-marzo-OJ-zoom-analisi-clone-con-copia.jpg 720w, https:\/\/www.progettocoscienzacosmica.com\/wp-content\/uploads\/2023\/05\/51.-avvistamento-5-marzo-OJ-zoom-analisi-clone-con-copia-300x300.jpg 300w, https:\/\/www.progettocoscienzacosmica.com\/wp-content\/uploads\/2023\/05\/51.-avvistamento-5-marzo-OJ-zoom-analisi-clone-con-copia-150x150.jpg 150w, https:\/\/www.progettocoscienzacosmica.com\/wp-content\/uploads\/2023\/05\/51.-avvistamento-5-marzo-OJ-zoom-analisi-clone-con-copia-12x12.jpg 12w, https:\/\/www.progettocoscienzacosmica.com\/wp-content\/uploads\/2023\/05\/51.-avvistamento-5-marzo-OJ-zoom-analisi-clone-con-copia-65x65.jpg 65w\" sizes=\"(max-width: 720px) 100vw, 720px\" \/><\/figure>\n\n\n\n<p>Due fattori che indicano che molto probabilmente, gli oggetti erano fisicamente presenti durante lo scatto, poich\u00e9 hanno reagito similmente ad una stessa fonte luminosa, e hanno riflesso allo stesso modo l\u2019ambiente circostante.<br>Per capire meglio la coerenza tra il posizionamento sulla superficie del riflesso luminoso, la posizione del sole e delle sfere nello spazio, abbiamo eseguito un ultimo test. Abbiamo preso le due sfere che occupano la stessa angolazione rispetto alla luce solare e le abbiamo posizionate su una retta che va ad intersecare il flare solare (come a rappresentare un raggio luminoso). Come potete vedere nell\u2019immagine i flare coincidono. Questo significa che c\u2019\u00e8 una corrispondenza realistica tra il posizionamento delle sfere nello spazio aereo, la luce del sole che le colpisce e la loro interazione con essa.<\/p>\n\n\n\n<figure class=\"wp-block-image size-large\"><img decoding=\"async\" width=\"1024\" height=\"698\" src=\"https:\/\/www.progettocoscienzacosmica.com\/wp-content\/uploads\/2023\/05\/52.-avvistamento-5-marzo-OJ-allineamento-riflessi-solari_JACOPO-249-1024x698.jpg\" alt=\"\" class=\"wp-image-3539\" srcset=\"https:\/\/www.progettocoscienzacosmica.com\/wp-content\/uploads\/2023\/05\/52.-avvistamento-5-marzo-OJ-allineamento-riflessi-solari_JACOPO-249-1024x698.jpg 1024w, https:\/\/www.progettocoscienzacosmica.com\/wp-content\/uploads\/2023\/05\/52.-avvistamento-5-marzo-OJ-allineamento-riflessi-solari_JACOPO-249-300x204.jpg 300w, https:\/\/www.progettocoscienzacosmica.com\/wp-content\/uploads\/2023\/05\/52.-avvistamento-5-marzo-OJ-allineamento-riflessi-solari_JACOPO-249-768x523.jpg 768w, https:\/\/www.progettocoscienzacosmica.com\/wp-content\/uploads\/2023\/05\/52.-avvistamento-5-marzo-OJ-allineamento-riflessi-solari_JACOPO-249-1536x1047.jpg 1536w, https:\/\/www.progettocoscienzacosmica.com\/wp-content\/uploads\/2023\/05\/52.-avvistamento-5-marzo-OJ-allineamento-riflessi-solari_JACOPO-249-18x12.jpg 18w, https:\/\/www.progettocoscienzacosmica.com\/wp-content\/uploads\/2023\/05\/52.-avvistamento-5-marzo-OJ-allineamento-riflessi-solari_JACOPO-249-810x552.jpg 810w, https:\/\/www.progettocoscienzacosmica.com\/wp-content\/uploads\/2023\/05\/52.-avvistamento-5-marzo-OJ-allineamento-riflessi-solari_JACOPO-249-1140x777.jpg 1140w, https:\/\/www.progettocoscienzacosmica.com\/wp-content\/uploads\/2023\/05\/52.-avvistamento-5-marzo-OJ-allineamento-riflessi-solari_JACOPO-249-145x100.jpg 145w, https:\/\/www.progettocoscienzacosmica.com\/wp-content\/uploads\/2023\/05\/52.-avvistamento-5-marzo-OJ-allineamento-riflessi-solari_JACOPO-249-380x260.jpg 380w, https:\/\/www.progettocoscienzacosmica.com\/wp-content\/uploads\/2023\/05\/52.-avvistamento-5-marzo-OJ-allineamento-riflessi-solari_JACOPO-249-634x433.jpg 634w, https:\/\/www.progettocoscienzacosmica.com\/wp-content\/uploads\/2023\/05\/52.-avvistamento-5-marzo-OJ-allineamento-riflessi-solari_JACOPO-249.jpg 1585w\" sizes=\"(max-width: 1024px) 100vw, 1024px\" \/><\/figure>\n\n\n\n<p>Inoltre, abbiamo creato un semicerchio per ricoprire le sfere a partire dalla linea retta che traccia l\u2019andamento del raggio luminoso che si proietta verso l\u2019alto e le colpisce. Lo abbiamo poi duplicato e ridimensionato in base al diametro dell\u2019altra sfera, senza per\u00f2 modificarne le proporzioni. Come \u00e8 possibile vedere, coincidono perfettamente in entrambe i casi. Questo sta a significare che l\u2019angolazione d\u2019incidenza del flare luminoso sulla superficie delle sfere \u00e8 la stessa:<\/p>\n\n\n\n<figure class=\"wp-block-image size-large\"><img decoding=\"async\" width=\"1024\" height=\"698\" src=\"https:\/\/www.progettocoscienzacosmica.com\/wp-content\/uploads\/2023\/05\/53.-avvistamento-5-marzo-OJ-allineamento-riflessi-solari-con-semicerchio-calotta-superiore_JACOPO-251-1024x698.jpg\" alt=\"\" class=\"wp-image-3540\" srcset=\"https:\/\/www.progettocoscienzacosmica.com\/wp-content\/uploads\/2023\/05\/53.-avvistamento-5-marzo-OJ-allineamento-riflessi-solari-con-semicerchio-calotta-superiore_JACOPO-251-1024x698.jpg 1024w, https:\/\/www.progettocoscienzacosmica.com\/wp-content\/uploads\/2023\/05\/53.-avvistamento-5-marzo-OJ-allineamento-riflessi-solari-con-semicerchio-calotta-superiore_JACOPO-251-300x204.jpg 300w, https:\/\/www.progettocoscienzacosmica.com\/wp-content\/uploads\/2023\/05\/53.-avvistamento-5-marzo-OJ-allineamento-riflessi-solari-con-semicerchio-calotta-superiore_JACOPO-251-768x523.jpg 768w, https:\/\/www.progettocoscienzacosmica.com\/wp-content\/uploads\/2023\/05\/53.-avvistamento-5-marzo-OJ-allineamento-riflessi-solari-con-semicerchio-calotta-superiore_JACOPO-251-18x12.jpg 18w, https:\/\/www.progettocoscienzacosmica.com\/wp-content\/uploads\/2023\/05\/53.-avvistamento-5-marzo-OJ-allineamento-riflessi-solari-con-semicerchio-calotta-superiore_JACOPO-251-810x552.jpg 810w, https:\/\/www.progettocoscienzacosmica.com\/wp-content\/uploads\/2023\/05\/53.-avvistamento-5-marzo-OJ-allineamento-riflessi-solari-con-semicerchio-calotta-superiore_JACOPO-251-145x100.jpg 145w, https:\/\/www.progettocoscienzacosmica.com\/wp-content\/uploads\/2023\/05\/53.-avvistamento-5-marzo-OJ-allineamento-riflessi-solari-con-semicerchio-calotta-superiore_JACOPO-251-380x260.jpg 380w, https:\/\/www.progettocoscienzacosmica.com\/wp-content\/uploads\/2023\/05\/53.-avvistamento-5-marzo-OJ-allineamento-riflessi-solari-con-semicerchio-calotta-superiore_JACOPO-251-634x433.jpg 634w, https:\/\/www.progettocoscienzacosmica.com\/wp-content\/uploads\/2023\/05\/53.-avvistamento-5-marzo-OJ-allineamento-riflessi-solari-con-semicerchio-calotta-superiore_JACOPO-251.jpg 1080w\" sizes=\"(max-width: 1024px) 100vw, 1024px\" \/><\/figure>\n\n\n\n<p>Perci\u00f2, sulla base di questi ultimi due test, entrambe le sfere stanno ricevendo e riflettendo ugualmente la stessa fonte luminosa. In conclusione, anche tali analisi ci confermano che gli oggetti, con alta probabilit\u00e0, erano presenti fisicamente durante lo scatto.<\/p>\n\n\n\n<p>Abbiamo proceduto infine con l\u2019analisi dei pixel delle sfere e dell\u2019ambiente, dove abbiamo potuto concludere che i pixel contenuti nelle tre sfere sono coerenti con il resto dell\u2019immagine:<\/p>\n\n\n\n<figure class=\"wp-block-image size-large\"><img decoding=\"async\" width=\"1024\" height=\"575\" src=\"https:\/\/www.progettocoscienzacosmica.com\/wp-content\/uploads\/2023\/05\/54.-avvistamento-5-marzo-OJ-analisi-pixel-sfere-e-ambiente_JACOPO-253-1024x575.jpg\" alt=\"\" class=\"wp-image-3541\" srcset=\"https:\/\/www.progettocoscienzacosmica.com\/wp-content\/uploads\/2023\/05\/54.-avvistamento-5-marzo-OJ-analisi-pixel-sfere-e-ambiente_JACOPO-253-1024x575.jpg 1024w, https:\/\/www.progettocoscienzacosmica.com\/wp-content\/uploads\/2023\/05\/54.-avvistamento-5-marzo-OJ-analisi-pixel-sfere-e-ambiente_JACOPO-253-300x168.jpg 300w, https:\/\/www.progettocoscienzacosmica.com\/wp-content\/uploads\/2023\/05\/54.-avvistamento-5-marzo-OJ-analisi-pixel-sfere-e-ambiente_JACOPO-253-768x431.jpg 768w, https:\/\/www.progettocoscienzacosmica.com\/wp-content\/uploads\/2023\/05\/54.-avvistamento-5-marzo-OJ-analisi-pixel-sfere-e-ambiente_JACOPO-253-18x10.jpg 18w, https:\/\/www.progettocoscienzacosmica.com\/wp-content\/uploads\/2023\/05\/54.-avvistamento-5-marzo-OJ-analisi-pixel-sfere-e-ambiente_JACOPO-253-810x455.jpg 810w, https:\/\/www.progettocoscienzacosmica.com\/wp-content\/uploads\/2023\/05\/54.-avvistamento-5-marzo-OJ-analisi-pixel-sfere-e-ambiente_JACOPO-253.jpg 1080w\" sizes=\"(max-width: 1024px) 100vw, 1024px\" \/><\/figure>\n\n\n\n<p>Anche questo test ci conferma che le sfere non sono cloni di un unico elemento, poich\u00e9 contengono informazioni diversificate in quanto interagiscono con la luce in maniera differente l\u2019una dall\u2019altra, a seconda della posizione assunta nello spazio. Un dettaglio importante poich\u00e9 risulta molto difficile simulare digitalmente tale dettaglio.<\/p>\n\n\n\n<p>Concludendo, grazie a tutte queste analisi possiamo affermare che, non avendo rilevato dettagli che ci portino a risultati differenti, tali documenti risultano essere con buona probabilit\u00e0 assolutamente genuini.<\/p>\n\n\n\n<p>In base a tutto ci\u00f2, il caso di Juanito Juan dimostra essere ancora una volta, molto interessante e valido, il che ci spinge a continuare la nostra investigazione a tale riguardo. Questo caso, se dovesse mantenere gli standard di coerenza sinora individuati, potrebbe rappresentare un elemento davvero significativo finalizzato a dimostrare ancora di pi\u00f9 quanto la visita di civilt\u00e0 extraterrestri sia una verit\u00e0 ormai assolutamente affermata. Speriamo di poter quindi accedere ai documenti originali per riuscire a raggiungere ulteriori informazioni peculiari e quindi confermare con la massima certezza la genuinit\u00e0 dell\u2019esperienza di contatto di Juan Manuel S\u00e1nchez.<\/p>\n\n\n\n<p>Sante Pagano &amp; Pier Giorgio Caria \/ 23 Maggio 2023<\/p>\n\n\n\n<p><strong>ARTICOLI CORRELATI:<\/strong><\/p>\n\n\n\n<p><strong><a href=\"https:\/\/piergiorgiocaria.it\/blog\/le-sfere-e-i-sincronizzatori-magnetici-psichizzati\/\" target=\"_blank\" rel=\"noopener\" title=\"\">Le sfere e i sincronizzatori magnetici psichizzati<\/a>\u00a0\u2013\u00a0<\/strong>Messaggi di Giorgio Bongiovanni<\/p>\n\n\n\n<p><em><strong>PER APPROFONDIRE:<\/strong><\/em><\/p>\n\n\n\n<p><a href=\"https:\/\/www.thebongiovannifamily.it\/\">https:\/\/www.thebongiovannifamily.it\/<\/a><\/p>\n\n\n\n<p><a href=\"https:\/\/www.piergiorgiocaria.it\/it\/\">https:\/\/www.piergiorgiocaria.it\/it\/<\/a><\/p>\n\n\n\n<figure class=\"wp-block-image\"><a href=\"https:\/\/www.progettocoscienzacosmica.com\/sostieni-i-nostri-progetti\/\"><img decoding=\"async\" src=\"https:\/\/www.progettocoscienzacosmica.com\/wp-content\/uploads\/2022\/01\/Sostieni-ora-1-1024x576.jpg\" alt=\"\"\/><\/a><\/figure>\n\n\n\n<figure class=\"wp-block-image is-resized is-style-rounded\"><img decoding=\"async\" src=\"https:\/\/www.progettocoscienzacosmica.com\/wp-content\/uploads\/2021\/11\/IMG_4568-1024x576.jpg\" alt=\"\" class=\"wp-image-2652\" width=\"366\" height=\"206\" srcset=\"https:\/\/www.progettocoscienzacosmica.com\/wp-content\/uploads\/2021\/11\/IMG_4568-1024x576.jpg 1024w, https:\/\/www.progettocoscienzacosmica.com\/wp-content\/uploads\/2021\/11\/IMG_4568-300x169.jpg 300w, https:\/\/www.progettocoscienzacosmica.com\/wp-content\/uploads\/2021\/11\/IMG_4568-768x432.jpg 768w, https:\/\/www.progettocoscienzacosmica.com\/wp-content\/uploads\/2021\/11\/IMG_4568-1536x864.jpg 1536w, https:\/\/www.progettocoscienzacosmica.com\/wp-content\/uploads\/2021\/11\/IMG_4568-2048x1152.jpg 2048w, https:\/\/www.progettocoscienzacosmica.com\/wp-content\/uploads\/2021\/11\/IMG_4568-18x10.jpg 18w, https:\/\/www.progettocoscienzacosmica.com\/wp-content\/uploads\/2021\/11\/IMG_4568-810x456.jpg 810w, https:\/\/www.progettocoscienzacosmica.com\/wp-content\/uploads\/2021\/11\/IMG_4568-1140x641.jpg 1140w, https:\/\/www.progettocoscienzacosmica.com\/wp-content\/uploads\/2021\/11\/IMG_4568-600x338.jpg 600w\" sizes=\"(max-width: 366px) 100vw, 366px\" \/><\/figure>\n\n\n\n<hr class=\"wp-block-separator has-alpha-channel-opacity\"\/>","protected":false},"excerpt":{"rendered":"<p>A cura di P.G. Caria L\u2019aviazione extraterrestre opera sulla Terra ormai da decenni, in realt\u00e0 da molto pi\u00f9 tempo, ma nei modi che conosciamo possiamo far risalire l\u2019inizio di questa operativit\u00e0 a partire dai tempi della seconda Guerra Mondiale. In un recente articolo ho presentato una selezione di foto di sfere volanti metalliche di origine [&hellip;]<\/p>\n","protected":false},"author":1,"featured_media":3543,"comment_status":"closed","ping_status":"closed","sticky":false,"template":"","format":"standard","meta":{"om_disable_all_campaigns":false,"_monsterinsights_skip_tracking":false,"_monsterinsights_sitenote_active":false,"_monsterinsights_sitenote_note":"","_monsterinsights_sitenote_category":0,"footnotes":""},"categories":[1,70],"tags":[],"class_list":["post-3473","post","type-post","status-publish","format-standard","has-post-thumbnail","hentry","category-senza-categoria","category-ufo-e-e-t"],"aioseo_notices":[],"_links":{"self":[{"href":"https:\/\/www.progettocoscienzacosmica.com\/it\/wp-json\/wp\/v2\/posts\/3473","targetHints":{"allow":["GET"]}}],"collection":[{"href":"https:\/\/www.progettocoscienzacosmica.com\/it\/wp-json\/wp\/v2\/posts"}],"about":[{"href":"https:\/\/www.progettocoscienzacosmica.com\/it\/wp-json\/wp\/v2\/types\/post"}],"author":[{"embeddable":true,"href":"https:\/\/www.progettocoscienzacosmica.com\/it\/wp-json\/wp\/v2\/users\/1"}],"replies":[{"embeddable":true,"href":"https:\/\/www.progettocoscienzacosmica.com\/it\/wp-json\/wp\/v2\/comments?post=3473"}],"version-history":[{"count":1,"href":"https:\/\/www.progettocoscienzacosmica.com\/it\/wp-json\/wp\/v2\/posts\/3473\/revisions"}],"predecessor-version":[{"id":3544,"href":"https:\/\/www.progettocoscienzacosmica.com\/it\/wp-json\/wp\/v2\/posts\/3473\/revisions\/3544"}],"wp:featuredmedia":[{"embeddable":true,"href":"https:\/\/www.progettocoscienzacosmica.com\/it\/wp-json\/wp\/v2\/media\/3543"}],"wp:attachment":[{"href":"https:\/\/www.progettocoscienzacosmica.com\/it\/wp-json\/wp\/v2\/media?parent=3473"}],"wp:term":[{"taxonomy":"category","embeddable":true,"href":"https:\/\/www.progettocoscienzacosmica.com\/it\/wp-json\/wp\/v2\/categories?post=3473"},{"taxonomy":"post_tag","embeddable":true,"href":"https:\/\/www.progettocoscienzacosmica.com\/it\/wp-json\/wp\/v2\/tags?post=3473"}],"curies":[{"name":"wp","href":"https:\/\/api.w.org\/{rel}","templated":true}]}}