{"id":3583,"date":"2023-06-09T20:19:35","date_gmt":"2023-06-09T18:19:35","guid":{"rendered":"https:\/\/www.progettocoscienzacosmica.com\/?p=3583"},"modified":"2024-04-03T16:46:58","modified_gmt":"2024-04-03T14:46:58","slug":"3583-2","status":"publish","type":"post","link":"https:\/\/www.progettocoscienzacosmica.com\/it\/3583-2\/","title":{"rendered":"12 MAGGIO 2023 Juanito Juan fotografa una misteriosa sfera scura"},"content":{"rendered":"<p><em><strong>a cura di Pier Giorgio Caria<\/strong><\/em><\/p>\n\n\n\n<p>Il 12 maggio 2023, l\u2019ormai noto Juanito Juan, ha realizzato una serie di scatti di un nuovo oggetto volante che si \u00e8 presentato sopra casa sua. Si tratta di un apparato ovoidale&nbsp;apparentemente di metallo scuro, con delle caratteristiche strutturali particolari mai viste e riportate prima nella storia dell\u2019ufologia moderna. Ma ancora pi\u00f9 anomalo \u00e8 stato il comportamento dell\u2019oggetto, la cui descrizione lasciamo alle parole del protagonista che ha vissuto il fatto. Juanito Juan:&nbsp;<em>\u201cLe sfere erano due, una era pi\u00f9 ritirata da un lato. Io e mia moglie ci trovavamo in giardino, stavamo dando una pulitura alle piante, togliendo le parti secche quando, improvvisamente, abbiamo visto in cielo le sfere ferme sopra di noi. Poi nella sfera pi\u00f9 vicina si \u00e8 accesa una luce rossa, una specie di laser che puntava sui nostri corpi, sul petto, sulla testa\u2026 Poi la luce \u00e8 diventata azzurra e quando si \u00e8 mossa verso l\u2019alto, e questo lo si vede nelle foto, la luce \u00e8 diventata violetta. Ripeto, era come un laser che ha percorso il mio corpo dalla testa, al petto e sino ai piedi. La luce si vedeva bene anche se il raggio era molto sottile, era come se ci stesse studiando\u201d.<\/em><\/p>\n\n\n\n<figure class=\"wp-block-image size-large\"><img decoding=\"async\" width=\"580\" height=\"1024\" src=\"https:\/\/www.progettocoscienzacosmica.com\/wp-content\/uploads\/2023\/06\/01-12.05.23-Sfera-scura-laser-01-ingr-web-580x1024.jpg\" alt=\"\" class=\"wp-image-3585\" srcset=\"https:\/\/www.progettocoscienzacosmica.com\/wp-content\/uploads\/2023\/06\/01-12.05.23-Sfera-scura-laser-01-ingr-web-580x1024.jpg 580w, https:\/\/www.progettocoscienzacosmica.com\/wp-content\/uploads\/2023\/06\/01-12.05.23-Sfera-scura-laser-01-ingr-web-170x300.jpg 170w, https:\/\/www.progettocoscienzacosmica.com\/wp-content\/uploads\/2023\/06\/01-12.05.23-Sfera-scura-laser-01-ingr-web-7x12.jpg 7w, https:\/\/www.progettocoscienzacosmica.com\/wp-content\/uploads\/2023\/06\/01-12.05.23-Sfera-scura-laser-01-ingr-web.jpg 720w\" sizes=\"(max-width: 580px) 100vw, 580px\" \/><\/figure>\n\n\n\n<p>Nel corso del tempo sono stati registrati vari tipi di interazioni tra oggetti volanti non identificati ed esseri umani, ma casi di questo tipo sono molto inusuali. Ovviamente non siamo in grado di stabilire con certezza se l\u2019intento di chi manovrava il misterioso apparato fosse realmente quello ipotizzato da Juan Manuel S\u00e1nchez, cio\u00e8 di eseguire delle analisi, speriamo che nel tempo sar\u00e0 possibile raggiungere maggiore chiarezza. Recentemente Juanito ha anche detto di essere in contatto diretto con delle entit\u00e0 extraterrestri da cui, addirittura, riceverebbe delle comunicazioni, ma anche su questo aspetto per ora non siamo in grado di dare certezze.<\/p>\n\n\n\n<figure class=\"wp-block-image size-large\"><img decoding=\"async\" width=\"1024\" height=\"222\" src=\"https:\/\/www.progettocoscienzacosmica.com\/wp-content\/uploads\/2023\/06\/02-Tre-sfere-laser-web-1024x222.jpg\" alt=\"\" class=\"wp-image-3586\" srcset=\"https:\/\/www.progettocoscienzacosmica.com\/wp-content\/uploads\/2023\/06\/02-Tre-sfere-laser-web-1024x222.jpg 1024w, https:\/\/www.progettocoscienzacosmica.com\/wp-content\/uploads\/2023\/06\/02-Tre-sfere-laser-web-300x65.jpg 300w, https:\/\/www.progettocoscienzacosmica.com\/wp-content\/uploads\/2023\/06\/02-Tre-sfere-laser-web-768x167.jpg 768w, https:\/\/www.progettocoscienzacosmica.com\/wp-content\/uploads\/2023\/06\/02-Tre-sfere-laser-web-1536x333.jpg 1536w, https:\/\/www.progettocoscienzacosmica.com\/wp-content\/uploads\/2023\/06\/02-Tre-sfere-laser-web-2048x445.jpg 2048w, https:\/\/www.progettocoscienzacosmica.com\/wp-content\/uploads\/2023\/06\/02-Tre-sfere-laser-web-18x4.jpg 18w, https:\/\/www.progettocoscienzacosmica.com\/wp-content\/uploads\/2023\/06\/02-Tre-sfere-laser-web-810x176.jpg 810w, https:\/\/www.progettocoscienzacosmica.com\/wp-content\/uploads\/2023\/06\/02-Tre-sfere-laser-web-1140x247.jpg 1140w\" sizes=\"(max-width: 1024px) 100vw, 1024px\" \/><\/figure>\n\n\n\n<p>In ogni caso abbiamo sottoposto ad analisi le foto scaricate da internet di questo particolare oggetto volante ovoidale. Vi anticipo che il risultato \u00e8 positivo, ma malgrado lo riteniamo molto probabile, non siamo in grado di stabilire con certezza se si tratti davvero di un oggetto volante di natura extraterrestre. Sappiamo che a certi livelli di potere sono stati realizzati oggetti volanti con caratteristiche antigravitazionali provenienti da tecnologia extraterrestre retro-ingegnerizzata e vista la particolarit\u00e0 dell\u2019oggetto presente negli scatti del 12 maggio 2023, non ci sentiamo di escludere che il potere potrebbe tentare di inquinare il caso di Juanito Juan, per ora dimostratosi di grande attendibilit\u00e0, usando oggetti di origine terrestre per screditarlo con uno scandalo. Rimaniamo, anche qui, in attesa di ulteriori sviluppi.<br>Come per il precedente materiale di Sanchez, anche questo \u00e8 stato analizzato da Sante Pagano e, a seguire, la sua relazione con il dettaglio delle analisi eseguite.<\/p>\n\n\n\n<p><em><strong>Relazione di Pier Giorgio Caria<\/strong><\/em><\/p>\n\n\n\n<p><a href=\"https:\/\/www.thebongiovannifamily.it\/#:~:text=sfera%2Dscura.html-,DAL%20CIELO%20ALLA%20TERRA,PIANETA%20TERRA%0A8%20Giugno%202023,-DAL%20CIELO%20ALLA\" target=\"_blank\" rel=\"noopener\" title=\"IN CONCOMITANZA GIORGIO BONGIOVANI HA RICEVUTO UN COMUNICATO DA PARTE DI ADONIESIS, CLICCA QUI PER LEGGERLO\">IN CONCOMITANZA GIORGIO BONGIOVANNI HA RICEVUTO UN COMUNICATO DA PARTE DI ADONIESIS, CLICCA QUI PER LEGGERLO<\/a><\/p>\n\n\n\n<h1 class=\"wp-block-heading has-text-align-center\"><br>Relazione sulle analisi delle foto scattate da Juanito Juan il 12 maggio 2023<\/h1>\n\n\n\n<p><strong><em>a cura di Sante Pagano<\/em><\/strong><\/p>\n\n\n\n<p>Prima di tutto, \u00e8 opportuno spiegare che il test E.L.A., che significa&nbsp;<strong>E<\/strong>rror&nbsp;<strong>L<\/strong>evel&nbsp;<strong>A<\/strong>nalysis (Analisi del livello di errori), va a mettere in comparazione i vari livelli di compressione di tutti gli elementi presenti nell\u2019immagine sotto analisi, grazie alla quale si possono identificare eventuali manipolazioni delle foto come, ad esempio, l\u2019inserimento successivo di un elemento non presente al momento dello scatto.<\/p>\n\n\n\n<figure class=\"wp-block-image size-large\"><img decoding=\"async\" width=\"1024\" height=\"522\" src=\"https:\/\/www.progettocoscienzacosmica.com\/wp-content\/uploads\/2023\/06\/03-Analisi-sfera-laser-tot-web-1024x522.jpg\" alt=\"\" class=\"wp-image-3587\" srcset=\"https:\/\/www.progettocoscienzacosmica.com\/wp-content\/uploads\/2023\/06\/03-Analisi-sfera-laser-tot-web-1024x522.jpg 1024w, https:\/\/www.progettocoscienzacosmica.com\/wp-content\/uploads\/2023\/06\/03-Analisi-sfera-laser-tot-web-300x153.jpg 300w, https:\/\/www.progettocoscienzacosmica.com\/wp-content\/uploads\/2023\/06\/03-Analisi-sfera-laser-tot-web-768x392.jpg 768w, https:\/\/www.progettocoscienzacosmica.com\/wp-content\/uploads\/2023\/06\/03-Analisi-sfera-laser-tot-web-18x9.jpg 18w, https:\/\/www.progettocoscienzacosmica.com\/wp-content\/uploads\/2023\/06\/03-Analisi-sfera-laser-tot-web-810x413.jpg 810w, https:\/\/www.progettocoscienzacosmica.com\/wp-content\/uploads\/2023\/06\/03-Analisi-sfera-laser-tot-web-1140x582.jpg 1140w, https:\/\/www.progettocoscienzacosmica.com\/wp-content\/uploads\/2023\/06\/03-Analisi-sfera-laser-tot-web.jpg 1176w\" sizes=\"(max-width: 1024px) 100vw, 1024px\" \/><\/figure>\n\n\n\n<p>Si pu\u00f2 notare che le analisi delle foto realizzate il 12 maggio 2023, e postate su Facebook da Juanito Juan, presentano tutte una colorazione scura. Ci\u00f2 significa che le immagini sono di qualit\u00e0 relativamente bassa. In seguito alla verifica si \u00e8 determinato che la loro qualit\u00e0 \u00e8 collocata in un range tra il 62% e il 75% rispetto al 100% delle foto originali. L\u2019importanza di questa considerazione risiede nel fatto che una foto originale sottoposta ad un test E.L.A. mostrerebbe una superficie di colore \u201cbianco intenso\u201d su tutta l\u2019area, aspetto tipico di un\u2019immagine di buona qualit\u00e0. Anche se il test E.L.A. d\u00e0 risultati pi\u00f9 soddisfacenti quando si analizza un\u2019immagine originale, nel caso in cui la qualit\u00e0 di un\u2019immagine JPEG sia di circa il 70% rispetto quella di partenza, si pu\u00f2 effettuare comunque una verifica che dia risultati attendibili.<\/p>\n\n\n\n<p>Inoltre, nel caso in cui all\u2019immagine originale dovesse essere aggiunto un oggetto estraneo, quest\u2019ultimo avrebbe una colorazione bianco intenso, in quanto ci sarebbe una differenza di compressione tra l\u2019immagine originale e l\u2019elemento inserito successivamente.<\/p>\n\n\n\n<p>Nelle immagini oggetto di questa analisi non si evidenziano discrepanze di colore; ci\u00f2 lo si apprezza soprattutto nell\u2019immagine pi\u00f9 ampia, dove nella parte inferiore della foto sono presenti anche i tetti. In questa immagine, infatti, il test E.L.A. mostra che i tetti hanno la stessa colorazione della sfera e non appaiono colorazioni bianche (foto qui sotto).<\/p>\n\n\n\n<figure class=\"wp-block-image size-full\"><img decoding=\"async\" width=\"338\" height=\"600\" src=\"https:\/\/www.progettocoscienzacosmica.com\/wp-content\/uploads\/2023\/06\/04-ELA-12.05.23-Sfera-scura-laser-01-frecce-web.jpg\" alt=\"\" class=\"wp-image-3588\" srcset=\"https:\/\/www.progettocoscienzacosmica.com\/wp-content\/uploads\/2023\/06\/04-ELA-12.05.23-Sfera-scura-laser-01-frecce-web.jpg 338w, https:\/\/www.progettocoscienzacosmica.com\/wp-content\/uploads\/2023\/06\/04-ELA-12.05.23-Sfera-scura-laser-01-frecce-web-169x300.jpg 169w, https:\/\/www.progettocoscienzacosmica.com\/wp-content\/uploads\/2023\/06\/04-ELA-12.05.23-Sfera-scura-laser-01-frecce-web-7x12.jpg 7w\" sizes=\"(max-width: 338px) 100vw, 338px\" \/><\/figure>\n\n\n\n<p>Al contrario, le manipolazioni tramite Photoshop o altri programmi di editing di immagini generano degli artefatti che vengono denominati \u201c<em>artefatti arcobaleno\u201d<\/em>, ovvero si presentano zone con colori che vanno dal viola al blu e al rosso in punti dove non dovrebbero apparire. Nell\u2019esame E.L.A. delle foto di Juanito Juan del 12 maggio 2023, questi artefatti non sono presenti.<\/p>\n\n\n\n<p>Inoltre, un\u2019immagine salvata ripetutamente, soggetta quindi ad uno scadimento di qualit\u00e0, risulterebbe pi\u00f9 scura ad un esame E.L.A. Ci\u00f2 implica che se si prende un\u2019immagine, si aggiunge digitalmente un\u2019astronave e si salva pi\u00f9 volte, l\u2019oggetto estraneo potrebbe \u201ccamuffarsi\u201d in quanto l\u2019esame E.L.A. non mostrer\u00e0 il colore bianco acceso. In questo caso occorre prima di tutto verificare la qualit\u00e0 dell\u2019immagine e se troppo bassa, potrebbe essere il segno che sia stata modificata in modo consistente e di proposito. Per questo motivo con una qualit\u00e0 troppo bassa (al di sotto del 50%) l\u2019esame perde di efficacia.<\/p>\n\n\n\n<figure class=\"wp-block-image size-large\"><img decoding=\"async\" width=\"1024\" height=\"598\" src=\"https:\/\/www.progettocoscienzacosmica.com\/wp-content\/uploads\/2023\/06\/05-Analisi-ELA-sfere-O.-Javier-web-1024x598.jpg\" alt=\"\" class=\"wp-image-3589\" srcset=\"https:\/\/www.progettocoscienzacosmica.com\/wp-content\/uploads\/2023\/06\/05-Analisi-ELA-sfere-O.-Javier-web-1024x598.jpg 1024w, https:\/\/www.progettocoscienzacosmica.com\/wp-content\/uploads\/2023\/06\/05-Analisi-ELA-sfere-O.-Javier-web-300x175.jpg 300w, https:\/\/www.progettocoscienzacosmica.com\/wp-content\/uploads\/2023\/06\/05-Analisi-ELA-sfere-O.-Javier-web-768x449.jpg 768w, https:\/\/www.progettocoscienzacosmica.com\/wp-content\/uploads\/2023\/06\/05-Analisi-ELA-sfere-O.-Javier-web-18x12.jpg 18w, https:\/\/www.progettocoscienzacosmica.com\/wp-content\/uploads\/2023\/06\/05-Analisi-ELA-sfere-O.-Javier-web-810x473.jpg 810w, https:\/\/www.progettocoscienzacosmica.com\/wp-content\/uploads\/2023\/06\/05-Analisi-ELA-sfere-O.-Javier-web.jpg 1027w\" sizes=\"(max-width: 1024px) 100vw, 1024px\" \/><\/figure>\n\n\n\n<p>Per chiarire meglio quanto sopra, prendiamo i due esami E.L.A. della foto delle sfere realizzate da Oscar Javier il 5 marzo 2023: il primo effettuato sull\u2019immagine originale di maggiore qualit\u00e0, il secondo sulla stessa immagine aperta con il programma Photoshop e successivamente salvata.<\/p>\n\n\n\n<p>Nel test dell\u2019immagine originale abbiamo molte pi\u00f9 informazioni rispetto all\u2019altra, ad esempio la striscia rossa del cielo \u00e8 presente intera nella prima immagine, ma nella seconda appare troncata perch\u00e9 il salvataggio ripetuto di un\u2019immagine determina perdita di informazioni. Inoltre, il fatto che la seconda immagine risulti pi\u00f9 sgranata, che nel cielo siano presenti pixel di colore rosso, giallo e blu e che gli alberi e la strada presenti nella parte inferiore della foto mostrano \u201cartefatti arcobaleno\u201d, completamente assenti nell\u2019analisi della copia originale, ci fa comprendere che la foto \u00e8 stata rieditata attraverso Photoshop.<\/p>\n\n\n\n<p>Successivamente abbiamo realizzato il confronto dei pixel tra la sfera e altri elementi presenti nella foto: da questo test si nota che i pixel generati dalla sfera e quelli generati dal tetto presente nella parte inferiore dello scatto sono identici, ovvero hanno la stessa caratterizzazione.<\/p>\n\n\n\n<figure class=\"wp-block-image size-full\"><img decoding=\"async\" width=\"748\" height=\"600\" src=\"https:\/\/www.progettocoscienzacosmica.com\/wp-content\/uploads\/2023\/06\/06-Analisi-confronto-pixel-web.jpg\" alt=\"\" class=\"wp-image-3590\" srcset=\"https:\/\/www.progettocoscienzacosmica.com\/wp-content\/uploads\/2023\/06\/06-Analisi-confronto-pixel-web.jpg 748w, https:\/\/www.progettocoscienzacosmica.com\/wp-content\/uploads\/2023\/06\/06-Analisi-confronto-pixel-web-300x241.jpg 300w, https:\/\/www.progettocoscienzacosmica.com\/wp-content\/uploads\/2023\/06\/06-Analisi-confronto-pixel-web-15x12.jpg 15w\" sizes=\"(max-width: 748px) 100vw, 748px\" \/><\/figure>\n\n\n\n<p>In conclusione, sulla base di quanto sopra descritto, possiamo affermare che l\u2019esame delle foto realizzate da Juanito Juan a Valle Hermoso, non ha evidenziato segni di manipolazioni o alterazioni a livello digitale. Infatti, seppure sugli scatti originali le analisi sarebbero state molto pi\u00f9 chiare ed efficaci, la qualit\u00e0 del materiale testato \u00e8 abbastanza alta, ovvero tra il 65% ed il 72%, quindi a mio parere idonea per un esito attendibile dell\u2019esame effettuato.<\/p>\n\n\n\n<p><em><strong>Sante Pagano &amp; P. G. Caria<br>(Revisione Fabio Maggiore e Cecilia Tiberi)<br>30 maggio 2023<\/strong><\/em><\/p>\n\n\n\n<figure class=\"wp-block-image\"><a href=\"https:\/\/www.progettocoscienzacosmica.com\/sostieni-i-nostri-progetti\/\"><img decoding=\"async\" src=\"https:\/\/www.progettocoscienzacosmica.com\/wp-content\/uploads\/2022\/01\/Sostieni-ora-1-1024x576.jpg\" alt=\"\"\/><\/a><\/figure>\n\n\n\n<hr class=\"wp-block-separator has-alpha-channel-opacity\"\/>\n\n\n\n<p><em><strong>PER APPROFONDIRE:<\/strong><\/em><\/p>\n\n\n\n<p><a href=\"https:\/\/www.thebongiovannifamily.it\">https:\/\/www.thebongiovannifamily.it<\/a><\/p>\n\n\n\n<p><a href=\"https:\/\/www.piergiorgiocaria.it\/it\">https:\/\/www.piergiorgiocaria.it\/it<\/a><\/p>","protected":false},"excerpt":{"rendered":"<p>a cura di Pier Giorgio Caria Il 12 maggio 2023, l\u2019ormai noto Juanito Juan, ha realizzato una serie di scatti di un nuovo oggetto volante che si \u00e8 presentato sopra casa sua. Si tratta di un apparato ovoidale&nbsp;apparentemente di metallo scuro, con delle caratteristiche strutturali particolari mai viste e riportate prima nella storia dell\u2019ufologia moderna. [&hellip;]<\/p>\n","protected":false},"author":1,"featured_media":3592,"comment_status":"closed","ping_status":"closed","sticky":false,"template":"","format":"standard","meta":{"om_disable_all_campaigns":false,"_monsterinsights_skip_tracking":false,"_monsterinsights_sitenote_active":false,"_monsterinsights_sitenote_note":"","_monsterinsights_sitenote_category":0,"footnotes":""},"categories":[1,70],"tags":[],"class_list":["post-3583","post","type-post","status-publish","format-standard","has-post-thumbnail","hentry","category-senza-categoria","category-ufo-e-e-t"],"aioseo_notices":[],"_links":{"self":[{"href":"https:\/\/www.progettocoscienzacosmica.com\/it\/wp-json\/wp\/v2\/posts\/3583","targetHints":{"allow":["GET"]}}],"collection":[{"href":"https:\/\/www.progettocoscienzacosmica.com\/it\/wp-json\/wp\/v2\/posts"}],"about":[{"href":"https:\/\/www.progettocoscienzacosmica.com\/it\/wp-json\/wp\/v2\/types\/post"}],"author":[{"embeddable":true,"href":"https:\/\/www.progettocoscienzacosmica.com\/it\/wp-json\/wp\/v2\/users\/1"}],"replies":[{"embeddable":true,"href":"https:\/\/www.progettocoscienzacosmica.com\/it\/wp-json\/wp\/v2\/comments?post=3583"}],"version-history":[{"count":7,"href":"https:\/\/www.progettocoscienzacosmica.com\/it\/wp-json\/wp\/v2\/posts\/3583\/revisions"}],"predecessor-version":[{"id":4251,"href":"https:\/\/www.progettocoscienzacosmica.com\/it\/wp-json\/wp\/v2\/posts\/3583\/revisions\/4251"}],"wp:featuredmedia":[{"embeddable":true,"href":"https:\/\/www.progettocoscienzacosmica.com\/it\/wp-json\/wp\/v2\/media\/3592"}],"wp:attachment":[{"href":"https:\/\/www.progettocoscienzacosmica.com\/it\/wp-json\/wp\/v2\/media?parent=3583"}],"wp:term":[{"taxonomy":"category","embeddable":true,"href":"https:\/\/www.progettocoscienzacosmica.com\/it\/wp-json\/wp\/v2\/categories?post=3583"},{"taxonomy":"post_tag","embeddable":true,"href":"https:\/\/www.progettocoscienzacosmica.com\/it\/wp-json\/wp\/v2\/tags?post=3583"}],"curies":[{"name":"wp","href":"https:\/\/api.w.org\/{rel}","templated":true}]}}