{"id":3599,"date":"2023-07-14T15:40:09","date_gmt":"2023-07-14T13:40:09","guid":{"rendered":"https:\/\/www.progettocoscienzacosmica.com\/?p=3599"},"modified":"2023-07-14T15:52:37","modified_gmt":"2023-07-14T13:52:37","slug":"avvistamenti-ufo-e-contatti-gli-extraterrestri-insistono","status":"publish","type":"post","link":"https:\/\/www.progettocoscienzacosmica.com\/it\/avvistamenti-ufo-e-contatti-gli-extraterrestri-insistono\/","title":{"rendered":"AVVISTAMENTI UFO E CONTATTI: GLI EXTRATERRESTRI INSISTONO"},"content":{"rendered":"<p>Di Pier Giorgio Caria<\/p>\n\n\n\n<p>Forse \u00e8 un commento ripetitivo, ma stiamo certamente vivendo uno dei momenti pi\u00f9 bui e tristi della storia dell\u2019umanit\u00e0, uno dei momenti dove la situazione mondiale precipita a tutti i livelli e la crisi internazionale mostra il suo aspetto pi\u00f9 acuto con lo scontro armato attualmente in atto nel cuore dell\u2019Europa. Uno scontro che rende sempre pi\u00f9 probabile il rischio di una guerra che degeneri sino all\u2019uso del nucleare. La notizia che il presidente russo Vladimir Putin ha dato ordine di rendere a breve operativi i terribili missili balistici nucleari \u201cSarmat\u201d, il cui nome NATO \u00e8 \u201cSatan II\u201d, non \u00e8 certo rassicurante. I Sarmat sono a testata atomica multipla la cui potenza di un singolo missile pu\u00f2 distruggere un territorio di estensione pari all\u2019intera Francia.<em> <\/em><a href=\"https:\/\/www.antimafiaduemila.com\/home\/mafie-news\/309-topnews\/96091-ucraina-putin-schiera-sarmat-nuovo-sistema-missilistico-termonucleare.html\">https:\/\/www.antimafiaduemila.com\/home\/mafie-news\/309-topnews\/96091-ucraina-putin-schiera-sarmat-nuovo-sistema-missilistico-termonucleare.html<\/a> <\/p>\n\n\n\n<p>In questo desolante scenario, l\u2019attivit\u00e0 extraterrestre si intensifica e i loro messaggi invitano ad un radicale cambiamento degli esseri umani, prima che l\u2019apocalisse nucleare incenerisca l\u2019intera umanit\u00e0 e spenga la vita in tutto il pianeta&#8230;CONTINUA LA LETTURA DELL&#8217;ARTICOLO SEGUENDO QUESTO LINK <a href=\"https:\/\/piergiorgiocaria.it\/blog\/avvistamenti-ufo-e-contatti-gli-extraterrestri-insistono\/\" target=\"_blank\" rel=\"noopener\" title=\"\">https:\/\/piergiorgiocaria.it\/blog\/avvistamenti-ufo-e-contatti-gli-extraterrestri-insistono\/ <\/a><\/p>\n\n\n\n<h2 class=\"wp-block-heading has-text-align-center\">AVVISTAMENTI UFO A VALLE HERMOSO: le analisi delle foto<\/h2>\n\n\n\n<p>a cura di Sante Pagano<\/p>\n\n\n\n<p>In questa relazione vi proponiamo le analisi di alcuni avvistamenti davvero interessanti che daranno forte risalto e ulteriore valore al caso ormai noto di Juanito Juan, tutti avvenuti nella citt\u00e0 di Valle Hermoso, Messico centrale, luogo in cui \u00e8 nata e si sta sviluppando questa interessante esperienza di contatto. Inizieremo col presentarvi le analisi sugli avvistamenti avvenuti il 20 giugno 2023 fotografati da due diverse testimoni tramite il proprio cellulare, Ver\u00f3nica Talavera ed Anita Medina, in due differenti punti della citt\u00e0. Partiamo dall\u2019avvistamento ripreso da Ver\u00f3nica Talavera in una zona molto vicina all\u2019abitazione di Juanito Juan. L\u2019ingrandimento sulla destra \u00e8 stato ruotato per comodit\u00e0 grafica:<\/p>\n\n\n\n<figure class=\"wp-block-image size-large\"><img decoding=\"async\" width=\"1024\" height=\"609\" src=\"https:\/\/www.progettocoscienzacosmica.com\/wp-content\/uploads\/2023\/07\/01-20.06.23-UFO-V.-Talavera-Mont-web-1024x609.jpg\" alt=\"\" class=\"wp-image-3601\" srcset=\"https:\/\/www.progettocoscienzacosmica.com\/wp-content\/uploads\/2023\/07\/01-20.06.23-UFO-V.-Talavera-Mont-web-1024x609.jpg 1024w, https:\/\/www.progettocoscienzacosmica.com\/wp-content\/uploads\/2023\/07\/01-20.06.23-UFO-V.-Talavera-Mont-web-300x178.jpg 300w, https:\/\/www.progettocoscienzacosmica.com\/wp-content\/uploads\/2023\/07\/01-20.06.23-UFO-V.-Talavera-Mont-web-768x456.jpg 768w, https:\/\/www.progettocoscienzacosmica.com\/wp-content\/uploads\/2023\/07\/01-20.06.23-UFO-V.-Talavera-Mont-web-1536x913.jpg 1536w, https:\/\/www.progettocoscienzacosmica.com\/wp-content\/uploads\/2023\/07\/01-20.06.23-UFO-V.-Talavera-Mont-web-2048x1217.jpg 2048w, https:\/\/www.progettocoscienzacosmica.com\/wp-content\/uploads\/2023\/07\/01-20.06.23-UFO-V.-Talavera-Mont-web-18x12.jpg 18w, https:\/\/www.progettocoscienzacosmica.com\/wp-content\/uploads\/2023\/07\/01-20.06.23-UFO-V.-Talavera-Mont-web-810x481.jpg 810w, https:\/\/www.progettocoscienzacosmica.com\/wp-content\/uploads\/2023\/07\/01-20.06.23-UFO-V.-Talavera-Mont-web-1140x677.jpg 1140w\" sizes=\"(max-width: 1024px) 100vw, 1024px\" \/><\/figure>\n\n\n\n<p>Si tratta di un disco metallico di colore scuro accompagnato da una serie di sfere anche loro apparentemente metalliche e di colore argenteo. Purtroppo non siamo riusciti a metterci in contatto, almeno per ora, con le due testimoni e abbiamo dovuto utilizzare delle immagini ricavate da Facebook, che sfortunatamente presentano una bassa risoluzione grafica. Questo non ha permesso di eseguire molte analisi, tuttavia si \u00e8 riusciti a raggiungere un risultato sufficientemente soddisfacente.<\/p>\n\n\n\n<figure class=\"wp-block-image size-large\"><img decoding=\"async\" width=\"1024\" height=\"453\" src=\"https:\/\/www.progettocoscienzacosmica.com\/wp-content\/uploads\/2023\/07\/02-web-1024x453.jpg\" alt=\"\" class=\"wp-image-3602\" srcset=\"https:\/\/www.progettocoscienzacosmica.com\/wp-content\/uploads\/2023\/07\/02-web-1024x453.jpg 1024w, https:\/\/www.progettocoscienzacosmica.com\/wp-content\/uploads\/2023\/07\/02-web-300x133.jpg 300w, https:\/\/www.progettocoscienzacosmica.com\/wp-content\/uploads\/2023\/07\/02-web-768x340.jpg 768w, https:\/\/www.progettocoscienzacosmica.com\/wp-content\/uploads\/2023\/07\/02-web-1536x680.jpg 1536w, https:\/\/www.progettocoscienzacosmica.com\/wp-content\/uploads\/2023\/07\/02-web-18x8.jpg 18w, https:\/\/www.progettocoscienzacosmica.com\/wp-content\/uploads\/2023\/07\/02-web-810x359.jpg 810w, https:\/\/www.progettocoscienzacosmica.com\/wp-content\/uploads\/2023\/07\/02-web-1140x505.jpg 1140w, https:\/\/www.progettocoscienzacosmica.com\/wp-content\/uploads\/2023\/07\/02-web.jpg 1866w\" sizes=\"(max-width: 1024px) 100vw, 1024px\" \/><\/figure>\n\n\n\n<p>Da una verifica della qualit\u00e0 del formato jpeg dell\u2019immagine, come possiamo vedere sopra, essa risulta avere una qualit\u00e0 superiore al 90%, un dato molto buono ipotizzando che questa non sia stata prima processata attraverso un programma di editing come Photoshop. Ma se cos\u00ec fosse ci sarebbe comunque modo di capirlo anche senza la presenza dei metadati, che purtroppo Facebook cancella per motivi di privacy. Da diversi test effettuati possiamo, con buona probabilit\u00e0, escludere delle manipolazioni grafiche per tutte le immagini catturate dalle due testimoni.<\/p>\n\n\n\n<p>Partiamo ora con le analisi.<br>Iniziamo dalla verifica del livello di errore, test ELA, che ci consente di comprendere la possibilit\u00e0 che un\u2019immagine sia stata manipolata digitalmente: in questo caso le probabilit\u00e0 sono risultate bassissime. Infatti non \u00e8 stata riscontrata nessuna particolare differenziazione tra i vari livelli di compressione, nessun artefatto dovuto all\u2019utilizzo di applicativi di editing o altre anomalie, quindi nessuna traccia di manipolazione grafica apportata come si vede nell\u2019immagine centrale. Nell\u2019immagine a destra vediamo il risultato del test ELA ingrandito e ruotato:<\/p>\n\n\n\n<figure class=\"wp-block-image size-large\"><img decoding=\"async\" width=\"1024\" height=\"597\" src=\"https:\/\/www.progettocoscienzacosmica.com\/wp-content\/uploads\/2023\/07\/03-ELA-Talavera-Mont-web-1024x597.jpg\" alt=\"\" class=\"wp-image-3603\" srcset=\"https:\/\/www.progettocoscienzacosmica.com\/wp-content\/uploads\/2023\/07\/03-ELA-Talavera-Mont-web-1024x597.jpg 1024w, https:\/\/www.progettocoscienzacosmica.com\/wp-content\/uploads\/2023\/07\/03-ELA-Talavera-Mont-web-300x175.jpg 300w, https:\/\/www.progettocoscienzacosmica.com\/wp-content\/uploads\/2023\/07\/03-ELA-Talavera-Mont-web-768x447.jpg 768w, https:\/\/www.progettocoscienzacosmica.com\/wp-content\/uploads\/2023\/07\/03-ELA-Talavera-Mont-web-18x10.jpg 18w, https:\/\/www.progettocoscienzacosmica.com\/wp-content\/uploads\/2023\/07\/03-ELA-Talavera-Mont-web-810x472.jpg 810w, https:\/\/www.progettocoscienzacosmica.com\/wp-content\/uploads\/2023\/07\/03-ELA-Talavera-Mont-web.jpg 1030w\" sizes=\"(max-width: 1024px) 100vw, 1024px\" \/><\/figure>\n\n\n\n<p>Fatto questo test si \u00e8 provveduto ad effettuare una verifica dei pixel per supportare o meno la conclusione del test ELA. Una buona valutazione dei pixel, infatti, pu\u00f2 fornire una serie di informazioni davvero interessanti, tra cui la differenza di compressione e qualit\u00e0 tra i vari elementi, la loro composizione grafica, oppure la presenza di piccole anomalie allarmanti.<br>Riportiamo qui sotto il risultato ottenuto sulla foto di Ver\u00f3nica Talavera, che ha permesso di raggiungere una conclusione pi\u00f9 affidabile per la presenza di alcuni punti di riferimento, ossia gli alberi in basso a sinistra.<br>Tramite tale analisi si \u00e8 potuto verificare che i pixel che costituiscono i vari elementi sono coerenti nella disposizione e nella morfologia, sia nel test eseguito in bicromia, cio\u00e8 in scala di grigi, e lo vediamo nelle due immagini a seguire, che attraverso l\u2019utilizzo di uno strumento apposito denominato equalizzatore dell\u2019istogramma.<br>Successivamente \u00e8 stata eseguita un\u2019analisi sulla modalit\u00e0 di interazione con la luce dei soggetti presenti nello scatto. I colori assunti dai vari elementi hanno dimostrato una buona coerenza nella risposta espressa.<\/p>\n\n\n\n<figure class=\"wp-block-image size-large\"><img decoding=\"async\" width=\"1024\" height=\"360\" src=\"https:\/\/www.progettocoscienzacosmica.com\/wp-content\/uploads\/2023\/07\/04-mod-web-1024x360.jpg\" alt=\"\" class=\"wp-image-3604\" srcset=\"https:\/\/www.progettocoscienzacosmica.com\/wp-content\/uploads\/2023\/07\/04-mod-web-1024x360.jpg 1024w, https:\/\/www.progettocoscienzacosmica.com\/wp-content\/uploads\/2023\/07\/04-mod-web-300x105.jpg 300w, https:\/\/www.progettocoscienzacosmica.com\/wp-content\/uploads\/2023\/07\/04-mod-web-768x270.jpg 768w, https:\/\/www.progettocoscienzacosmica.com\/wp-content\/uploads\/2023\/07\/04-mod-web-1536x539.jpg 1536w, https:\/\/www.progettocoscienzacosmica.com\/wp-content\/uploads\/2023\/07\/04-mod-web-2048x719.jpg 2048w, https:\/\/www.progettocoscienzacosmica.com\/wp-content\/uploads\/2023\/07\/04-mod-web-18x6.jpg 18w, https:\/\/www.progettocoscienzacosmica.com\/wp-content\/uploads\/2023\/07\/04-mod-web-810x284.jpg 810w, https:\/\/www.progettocoscienzacosmica.com\/wp-content\/uploads\/2023\/07\/04-mod-web-1140x400.jpg 1140w\" sizes=\"(max-width: 1024px) 100vw, 1024px\" \/><\/figure>\n\n\n\n<p>Sotto a sinistra, il test eseguito tramite equalizzatore dell\u2019istogramma applicato all\u2019immagine. Al centro e a destra, si pu\u00f2 vedere il confronto tra il disco, il cielo, le sfere e gli alberi presenti nella foto:<\/p>\n\n\n\n<figure class=\"wp-block-image size-large\"><img decoding=\"async\" width=\"1024\" height=\"355\" src=\"https:\/\/www.progettocoscienzacosmica.com\/wp-content\/uploads\/2023\/07\/05-Mont-web-1024x355.jpg\" alt=\"\" class=\"wp-image-3605\" srcset=\"https:\/\/www.progettocoscienzacosmica.com\/wp-content\/uploads\/2023\/07\/05-Mont-web-1024x355.jpg 1024w, https:\/\/www.progettocoscienzacosmica.com\/wp-content\/uploads\/2023\/07\/05-Mont-web-300x104.jpg 300w, https:\/\/www.progettocoscienzacosmica.com\/wp-content\/uploads\/2023\/07\/05-Mont-web-768x267.jpg 768w, https:\/\/www.progettocoscienzacosmica.com\/wp-content\/uploads\/2023\/07\/05-Mont-web-1536x533.jpg 1536w, https:\/\/www.progettocoscienzacosmica.com\/wp-content\/uploads\/2023\/07\/05-Mont-web-18x6.jpg 18w, https:\/\/www.progettocoscienzacosmica.com\/wp-content\/uploads\/2023\/07\/05-Mont-web-810x281.jpg 810w, https:\/\/www.progettocoscienzacosmica.com\/wp-content\/uploads\/2023\/07\/05-Mont-web-1140x396.jpg 1140w, https:\/\/www.progettocoscienzacosmica.com\/wp-content\/uploads\/2023\/07\/05-Mont-web.jpg 1876w\" sizes=\"(max-width: 1024px) 100vw, 1024px\" \/><\/figure>\n\n\n\n<p>Infine \u00e8 stato effettuato un test per verificare eventuali tracce di avvenuta clonazione delle sfere. Questo test si esegue quando sono presenti pi\u00f9 elementi simili tra&nbsp;loro in struttura e morfologia. Tale analisi ci aiuta a scartare con buona probabilit\u00e0 l\u2019ipotesi di un\u2019aggiunta grafica di questi elementi, poich\u00e9 eseguire tale azione con una differenziazione e caratterizzazione personalizzata di ciascun oggetto risulterebbe essere un lavoro davvero difficile da rendere credibile. Com\u2019\u00e8 possibile vedere nell\u2019immagine qui sotto, l\u2019analisi di rilevamento dei cloni ha identificato una parziale similitudine soltanto in una coppia di sfere. Si pu\u00f2 ipotizzare che sia stata identificata tale similitudine per il fatto che le sfere evidenziate hanno la stessa posizione e angolazione rispetto al Sole, quindi presentano informazioni similari.<\/p>\n\n\n\n<figure class=\"wp-block-image size-full is-resized\"><img decoding=\"async\" src=\"https:\/\/www.progettocoscienzacosmica.com\/wp-content\/uploads\/2023\/07\/06-Ril.-cloni-2-web.jpg\" alt=\"\" class=\"wp-image-3606\" width=\"536\" height=\"469\" srcset=\"https:\/\/www.progettocoscienzacosmica.com\/wp-content\/uploads\/2023\/07\/06-Ril.-cloni-2-web.jpg 536w, https:\/\/www.progettocoscienzacosmica.com\/wp-content\/uploads\/2023\/07\/06-Ril.-cloni-2-web-300x263.jpg 300w, https:\/\/www.progettocoscienzacosmica.com\/wp-content\/uploads\/2023\/07\/06-Ril.-cloni-2-web-14x12.jpg 14w\" sizes=\"(max-width: 536px) 100vw, 536px\" \/><\/figure>\n\n\n\n<p>Procediamo ora con il secondo avvistamento.<br>Anche per questo caso abbiamo una sola foto a disposizione che, come anticipato, \u00e8 stata scattata dalla signora Anita Medina.<br>Partendo come sempre dall\u2019esame ELA si comprende che \u00e8 improbabile che sia stata apportata una qualche modifica digitale alla foto: infatti non \u00e8 stata trovata nessuna differenza tra i vari livelli di compressione. A sinistra nell\u2019immagine sotto, vediamo lo scatto originale di Anita Medina, al centro l\u2019analisi ELA sulla stessa e a destra l\u2019ingrandimento contrastato:<\/p>\n\n\n\n<figure class=\"wp-block-image size-large\"><img decoding=\"async\" width=\"1024\" height=\"679\" src=\"https:\/\/www.progettocoscienzacosmica.com\/wp-content\/uploads\/2023\/07\/07-20.06.23-Anita-Medina-Mont-ELA-web-1024x679.jpg\" alt=\"\" class=\"wp-image-3607\" srcset=\"https:\/\/www.progettocoscienzacosmica.com\/wp-content\/uploads\/2023\/07\/07-20.06.23-Anita-Medina-Mont-ELA-web-1024x679.jpg 1024w, https:\/\/www.progettocoscienzacosmica.com\/wp-content\/uploads\/2023\/07\/07-20.06.23-Anita-Medina-Mont-ELA-web-300x199.jpg 300w, https:\/\/www.progettocoscienzacosmica.com\/wp-content\/uploads\/2023\/07\/07-20.06.23-Anita-Medina-Mont-ELA-web-768x509.jpg 768w, https:\/\/www.progettocoscienzacosmica.com\/wp-content\/uploads\/2023\/07\/07-20.06.23-Anita-Medina-Mont-ELA-web-1536x1019.jpg 1536w, https:\/\/www.progettocoscienzacosmica.com\/wp-content\/uploads\/2023\/07\/07-20.06.23-Anita-Medina-Mont-ELA-web-18x12.jpg 18w, https:\/\/www.progettocoscienzacosmica.com\/wp-content\/uploads\/2023\/07\/07-20.06.23-Anita-Medina-Mont-ELA-web-810x537.jpg 810w, https:\/\/www.progettocoscienzacosmica.com\/wp-content\/uploads\/2023\/07\/07-20.06.23-Anita-Medina-Mont-ELA-web-1140x756.jpg 1140w, https:\/\/www.progettocoscienzacosmica.com\/wp-content\/uploads\/2023\/07\/07-20.06.23-Anita-Medina-Mont-ELA-web.jpg 1809w\" sizes=\"(max-width: 1024px) 100vw, 1024px\" \/><\/figure>\n\n\n\n<p>Purtroppo non \u00e8 stata possibile un\u2019approfondita valutazione dei pixel per l\u2019assenza di importanti elementi di riferimento, ma si \u00e8 potuto comunque constatare che l\u2019oggetto \u00e8 ben inserito nel contesto, poich\u00e9 non ci sono incoerenze grafiche nella pixellatura che compone e circonda l\u2019oggetto e che possiamo apprezzare nelle immagini sottostanti:<\/p>\n\n\n\n<figure class=\"wp-block-image size-full\"><img decoding=\"async\" width=\"800\" height=\"287\" src=\"https:\/\/www.progettocoscienzacosmica.com\/wp-content\/uploads\/2023\/07\/08-Analisi-Pixel-web.jpg\" alt=\"\" class=\"wp-image-3608\" srcset=\"https:\/\/www.progettocoscienzacosmica.com\/wp-content\/uploads\/2023\/07\/08-Analisi-Pixel-web.jpg 800w, https:\/\/www.progettocoscienzacosmica.com\/wp-content\/uploads\/2023\/07\/08-Analisi-Pixel-web-300x108.jpg 300w, https:\/\/www.progettocoscienzacosmica.com\/wp-content\/uploads\/2023\/07\/08-Analisi-Pixel-web-768x276.jpg 768w, https:\/\/www.progettocoscienzacosmica.com\/wp-content\/uploads\/2023\/07\/08-Analisi-Pixel-web-18x6.jpg 18w\" sizes=\"(max-width: 800px) 100vw, 800px\" \/><\/figure>\n\n\n\n<p>Infine \u00e8 stata eseguita un\u2019analisi della curva cromatica per verificare la coerenza della riflessione luminosa. L\u2019oggetto ha dimostrato di essere ben inserito nell\u2019ambiente poich\u00e9 interagiva alle variazioni della curva ed assumeva le stesse colorazioni della porzione di cielo ritratta nell\u2019immagine a seguire. Grazie a tale test, inoltre, \u00e8 maggiormente visibile un dettaglio importante che sono le due luci nella parte sottostante del disco e che abbiamo visto anche nello scatto di Ver\u00f3nica Talavera. Un dettaglio davvero interessante che fornisce ancora pi\u00f9 importanza ai due avvistamenti e maggior credibilit\u00e0 al caso di Juanito Juan, dimostrando un\u2019effettiva e costante presenza extraterrestre in questa citt\u00e0 del Messico centrale<\/p>\n\n\n\n<figure class=\"wp-block-image size-large\"><img decoding=\"async\" width=\"1024\" height=\"594\" src=\"https:\/\/www.progettocoscienzacosmica.com\/wp-content\/uploads\/2023\/07\/09-Curva-cromatica-UFO-Medina-web-1024x594.jpg\" alt=\"\" class=\"wp-image-3609\" srcset=\"https:\/\/www.progettocoscienzacosmica.com\/wp-content\/uploads\/2023\/07\/09-Curva-cromatica-UFO-Medina-web-1024x594.jpg 1024w, https:\/\/www.progettocoscienzacosmica.com\/wp-content\/uploads\/2023\/07\/09-Curva-cromatica-UFO-Medina-web-300x174.jpg 300w, https:\/\/www.progettocoscienzacosmica.com\/wp-content\/uploads\/2023\/07\/09-Curva-cromatica-UFO-Medina-web-768x446.jpg 768w, https:\/\/www.progettocoscienzacosmica.com\/wp-content\/uploads\/2023\/07\/09-Curva-cromatica-UFO-Medina-web-1536x891.jpg 1536w, https:\/\/www.progettocoscienzacosmica.com\/wp-content\/uploads\/2023\/07\/09-Curva-cromatica-UFO-Medina-web-18x10.jpg 18w, https:\/\/www.progettocoscienzacosmica.com\/wp-content\/uploads\/2023\/07\/09-Curva-cromatica-UFO-Medina-web-810x470.jpg 810w, https:\/\/www.progettocoscienzacosmica.com\/wp-content\/uploads\/2023\/07\/09-Curva-cromatica-UFO-Medina-web-1140x661.jpg 1140w, https:\/\/www.progettocoscienzacosmica.com\/wp-content\/uploads\/2023\/07\/09-Curva-cromatica-UFO-Medina-web.jpg 1820w\" sizes=\"(max-width: 1024px) 100vw, 1024px\" \/><\/figure>\n\n\n\n<p>Ecco le due immagini a confronto:<\/p>\n\n\n\n<figure class=\"wp-block-image size-full\"><img decoding=\"async\" width=\"1024\" height=\"349\" src=\"https:\/\/www.progettocoscienzacosmica.com\/wp-content\/uploads\/2023\/07\/10-Luci-Talavera-Medina-web.jpg\" alt=\"\" class=\"wp-image-3610\" srcset=\"https:\/\/www.progettocoscienzacosmica.com\/wp-content\/uploads\/2023\/07\/10-Luci-Talavera-Medina-web.jpg 1024w, https:\/\/www.progettocoscienzacosmica.com\/wp-content\/uploads\/2023\/07\/10-Luci-Talavera-Medina-web-300x102.jpg 300w, https:\/\/www.progettocoscienzacosmica.com\/wp-content\/uploads\/2023\/07\/10-Luci-Talavera-Medina-web-768x262.jpg 768w, https:\/\/www.progettocoscienzacosmica.com\/wp-content\/uploads\/2023\/07\/10-Luci-Talavera-Medina-web-18x6.jpg 18w, https:\/\/www.progettocoscienzacosmica.com\/wp-content\/uploads\/2023\/07\/10-Luci-Talavera-Medina-web-810x276.jpg 810w\" sizes=\"(max-width: 1024px) 100vw, 1024px\" \/><\/figure>\n\n\n\n<p>Una conclusione che assume maggior valore se riflettiamo sul fatto che lo stesso oggetto si sarebbe fatto fotografare anche da Juanito nella medesima giornata, il 20 giugno 2023.<br>In sostanza si tratterebbe dello stesso oggetto ripreso in momenti diversi da tre persone differenti. Un fatto davvero straordinario.<br>Di quest\u2019ultimo avvistamento abbiamo due foto a disposizione: nella prima foto possiamo vedere il disco posizionato davanti al Sole, nella seconda lo stesso si \u00e8 spostato e si mostra in maniera pi\u00f9 evidente. Se si pensa che potrebbe essere lo stesso disco ripreso per ben tre volte in tre distinti momenti della giornata, abbiamo qualcosa di sbalorditivo.<br>Riguardo tale avvistamento per\u00f2 non \u00e8 stato possibile eseguire nessuna analisi, data la bassissima qualit\u00e0 e definizione dell\u2019immagine (meno del 70% in jpeg, quindi fortemente compressa) e visto che l\u2019oggetto, essendo molto scuro, impedisce di visualizzare maggiori dettagli. Fare delle analisi ad immagini con tali caratteristiche fornirebbe delle conclusioni troppo poco affidabili. A seguire vediamo i due scatti eseguiti da Juanito Juan con l\u2019ingrandimento del disco:<\/p>\n\n\n\n<figure class=\"wp-block-image size-large\"><img decoding=\"async\" width=\"1024\" height=\"581\" src=\"https:\/\/www.progettocoscienzacosmica.com\/wp-content\/uploads\/2023\/07\/11-UFO-20.06.23-JJuan-Ingr-Mont-web-1024x581.jpg\" alt=\"\" class=\"wp-image-3611\" srcset=\"https:\/\/www.progettocoscienzacosmica.com\/wp-content\/uploads\/2023\/07\/11-UFO-20.06.23-JJuan-Ingr-Mont-web-1024x581.jpg 1024w, https:\/\/www.progettocoscienzacosmica.com\/wp-content\/uploads\/2023\/07\/11-UFO-20.06.23-JJuan-Ingr-Mont-web-300x170.jpg 300w, https:\/\/www.progettocoscienzacosmica.com\/wp-content\/uploads\/2023\/07\/11-UFO-20.06.23-JJuan-Ingr-Mont-web-768x436.jpg 768w, https:\/\/www.progettocoscienzacosmica.com\/wp-content\/uploads\/2023\/07\/11-UFO-20.06.23-JJuan-Ingr-Mont-web-1536x871.jpg 1536w, https:\/\/www.progettocoscienzacosmica.com\/wp-content\/uploads\/2023\/07\/11-UFO-20.06.23-JJuan-Ingr-Mont-web-2048x1161.jpg 2048w, https:\/\/www.progettocoscienzacosmica.com\/wp-content\/uploads\/2023\/07\/11-UFO-20.06.23-JJuan-Ingr-Mont-web-18x10.jpg 18w, https:\/\/www.progettocoscienzacosmica.com\/wp-content\/uploads\/2023\/07\/11-UFO-20.06.23-JJuan-Ingr-Mont-web-810x459.jpg 810w, https:\/\/www.progettocoscienzacosmica.com\/wp-content\/uploads\/2023\/07\/11-UFO-20.06.23-JJuan-Ingr-Mont-web-1140x647.jpg 1140w\" sizes=\"(max-width: 1024px) 100vw, 1024px\" \/><\/figure>\n\n\n\n<p>Anche nello scatto di Juan Manuel sono visibili le due luci evidenziate nelle due foto di Medina e Talavera, dettaglio che ci conferma che l\u2019oggetto fotografato dai tre testimoni \u00e8 lo stesso. Come \u00e8 possibile vedere in queste ulteriori immagini a seguire, il dettaglio di cui sopra, accomuna i tre avvistamenti:<\/p>\n\n\n\n<figure class=\"wp-block-image size-large\"><img decoding=\"async\" width=\"1024\" height=\"402\" src=\"https:\/\/www.progettocoscienzacosmica.com\/wp-content\/uploads\/2023\/07\/12-Tre-UFO-due-luci-mod-web-1024x402.jpg\" alt=\"\" class=\"wp-image-3612\" srcset=\"https:\/\/www.progettocoscienzacosmica.com\/wp-content\/uploads\/2023\/07\/12-Tre-UFO-due-luci-mod-web-1024x402.jpg 1024w, https:\/\/www.progettocoscienzacosmica.com\/wp-content\/uploads\/2023\/07\/12-Tre-UFO-due-luci-mod-web-300x118.jpg 300w, https:\/\/www.progettocoscienzacosmica.com\/wp-content\/uploads\/2023\/07\/12-Tre-UFO-due-luci-mod-web-768x301.jpg 768w, https:\/\/www.progettocoscienzacosmica.com\/wp-content\/uploads\/2023\/07\/12-Tre-UFO-due-luci-mod-web-1536x603.jpg 1536w, https:\/\/www.progettocoscienzacosmica.com\/wp-content\/uploads\/2023\/07\/12-Tre-UFO-due-luci-mod-web-18x7.jpg 18w, https:\/\/www.progettocoscienzacosmica.com\/wp-content\/uploads\/2023\/07\/12-Tre-UFO-due-luci-mod-web-810x318.jpg 810w, https:\/\/www.progettocoscienzacosmica.com\/wp-content\/uploads\/2023\/07\/12-Tre-UFO-due-luci-mod-web-1140x447.jpg 1140w, https:\/\/www.progettocoscienzacosmica.com\/wp-content\/uploads\/2023\/07\/12-Tre-UFO-due-luci-mod-web.jpg 1957w\" sizes=\"(max-width: 1024px) 100vw, 1024px\" \/><\/figure>\n\n\n\n<p>In conclusione, i tre avvistamenti accaduti il 20 giugno 2023 acquisiscono, grazie all\u2019eccezionalit\u00e0 dell\u2019evento, un posto di rilievo nella storia dell\u2019ufologia moderna e il caso di Juanito Juan, sicuramente, ci riserver\u00e0 ulteriori e gradite sorprese che attendiamo con trepidante attesa.<\/p>\n\n\n\n<p>Sante Pagano \u2013 14 luglio 2023<\/p>","protected":false},"excerpt":{"rendered":"<p>Di Pier Giorgio Caria Forse \u00e8 un commento ripetitivo, ma stiamo certamente vivendo uno dei momenti pi\u00f9 bui e tristi della storia dell\u2019umanit\u00e0, uno dei momenti dove la situazione mondiale precipita a tutti i livelli e la crisi internazionale mostra il suo aspetto pi\u00f9 acuto con lo scontro armato attualmente in atto nel cuore dell\u2019Europa. [&hellip;]<\/p>\n","protected":false},"author":1,"featured_media":3614,"comment_status":"closed","ping_status":"closed","sticky":false,"template":"","format":"standard","meta":{"om_disable_all_campaigns":false,"_monsterinsights_skip_tracking":false,"_monsterinsights_sitenote_active":false,"_monsterinsights_sitenote_note":"","_monsterinsights_sitenote_category":0,"footnotes":""},"categories":[1,70],"tags":[],"class_list":["post-3599","post","type-post","status-publish","format-standard","has-post-thumbnail","hentry","category-senza-categoria","category-ufo-e-e-t"],"aioseo_notices":[],"_links":{"self":[{"href":"https:\/\/www.progettocoscienzacosmica.com\/it\/wp-json\/wp\/v2\/posts\/3599","targetHints":{"allow":["GET"]}}],"collection":[{"href":"https:\/\/www.progettocoscienzacosmica.com\/it\/wp-json\/wp\/v2\/posts"}],"about":[{"href":"https:\/\/www.progettocoscienzacosmica.com\/it\/wp-json\/wp\/v2\/types\/post"}],"author":[{"embeddable":true,"href":"https:\/\/www.progettocoscienzacosmica.com\/it\/wp-json\/wp\/v2\/users\/1"}],"replies":[{"embeddable":true,"href":"https:\/\/www.progettocoscienzacosmica.com\/it\/wp-json\/wp\/v2\/comments?post=3599"}],"version-history":[{"count":2,"href":"https:\/\/www.progettocoscienzacosmica.com\/it\/wp-json\/wp\/v2\/posts\/3599\/revisions"}],"predecessor-version":[{"id":3616,"href":"https:\/\/www.progettocoscienzacosmica.com\/it\/wp-json\/wp\/v2\/posts\/3599\/revisions\/3616"}],"wp:featuredmedia":[{"embeddable":true,"href":"https:\/\/www.progettocoscienzacosmica.com\/it\/wp-json\/wp\/v2\/media\/3614"}],"wp:attachment":[{"href":"https:\/\/www.progettocoscienzacosmica.com\/it\/wp-json\/wp\/v2\/media?parent=3599"}],"wp:term":[{"taxonomy":"category","embeddable":true,"href":"https:\/\/www.progettocoscienzacosmica.com\/it\/wp-json\/wp\/v2\/categories?post=3599"},{"taxonomy":"post_tag","embeddable":true,"href":"https:\/\/www.progettocoscienzacosmica.com\/it\/wp-json\/wp\/v2\/tags?post=3599"}],"curies":[{"name":"wp","href":"https:\/\/api.w.org\/{rel}","templated":true}]}}