{"id":3672,"date":"2023-10-29T01:24:34","date_gmt":"2023-10-28T23:24:34","guid":{"rendered":"https:\/\/www.progettocoscienzacosmica.com\/?p=3672"},"modified":"2024-04-03T16:45:27","modified_gmt":"2024-04-03T14:45:27","slug":"gli-ufo-sono-alieni-ecco-la-data-entro-il-quale-dovrebbe-essere-rivelato-ufficialmente","status":"publish","type":"post","link":"https:\/\/www.progettocoscienzacosmica.com\/it\/gli-ufo-sono-alieni-ecco-la-data-entro-il-quale-dovrebbe-essere-rivelato-ufficialmente\/","title":{"rendered":"ELIZONDO: GLI UFO SONO ALIENI? ECCO LA DATA IN CUI NE SAPREMO DI PI\u00d9"},"content":{"rendered":"<p>Il nostro caro e vecchio <strong>Luis Elizondo<\/strong> \u00e8 tornato in pista. Ebbene si, dopo mesi di apparente silenzio \u00e8 ritornato alla carica fornendo date, promettendo <strong>rivelazioni esclusive<\/strong> ed ingolosendo il pubblico.<\/p>\n\n\n\n<p><strong>Luis Elizondo<\/strong>, enigmatico e controverso personaggio, di cui abbiamo gi\u00e0 discusso in altre occasioni, \u00e8 un <strong>ex ufficiale del Pentagono<\/strong>, che dal 2008 fino alle sue dimissioni nel 2017, ha lavorato con l\u2019Ufficio del Sottosegretario alla Difesa per l\u2019Intelligence del Pentagono. Durante questo periodo, \u00e8 stato il direttore dell\u2019Advanced Aerospace Threat Identification Program (AATIP), un programma di accesso speciale finanziato su iniziativa dell\u2019allora leader della maggioranza al Senato <strong>Harry Reid<\/strong>, per indagare sulle minacce aeree, compresi i fenomeni aerei non identificati. Secondo il Dipartimento della Difesa, il programma AATIP si sarebbe concluso nel 2012. Elizondo per\u00f2 ha affermato di aver continuato a lavorare al programma, insieme a funzionari della Marina degli Stati Uniti e della <strong>CIA<\/strong>, fino all\u2019ottobre del 2017, quando si \u00e8 dimesso per protestare, a suo dire, contro ci\u00f2 che ha definito &#8220;una eccessiva segretezza e opposizione interna\u201d. Da tale data Elizondo, presentandosi pubblicamente in varie occasioni tramite i principali main stream e quotidiani, come una sorta di paladino della giustizia, afferma che \u201csottovalutare o ignorare queste potenziali minacce, rappresentate dai cosiddetti <strong>Ufo<\/strong>, non \u00e8 nel migliore interesse del Dipartimento e dei cittadini\u201d.<\/p>\n\n\n\n<figure class=\"wp-block-image size-large\"><img decoding=\"async\" width=\"1024\" height=\"580\" src=\"https:\/\/www.progettocoscienzacosmica.com\/wp-content\/uploads\/2023\/11\/Luis-Elizondo-1024x580.png\" alt=\"\" class=\"wp-image-3713\" srcset=\"https:\/\/www.progettocoscienzacosmica.com\/wp-content\/uploads\/2023\/11\/Luis-Elizondo-1024x580.png 1024w, https:\/\/www.progettocoscienzacosmica.com\/wp-content\/uploads\/2023\/11\/Luis-Elizondo-300x170.png 300w, https:\/\/www.progettocoscienzacosmica.com\/wp-content\/uploads\/2023\/11\/Luis-Elizondo-768x435.png 768w, https:\/\/www.progettocoscienzacosmica.com\/wp-content\/uploads\/2023\/11\/Luis-Elizondo-18x10.png 18w, https:\/\/www.progettocoscienzacosmica.com\/wp-content\/uploads\/2023\/11\/Luis-Elizondo-810x458.png 810w, https:\/\/www.progettocoscienzacosmica.com\/wp-content\/uploads\/2023\/11\/Luis-Elizondo-1140x645.png 1140w, https:\/\/www.progettocoscienzacosmica.com\/wp-content\/uploads\/2023\/11\/Luis-Elizondo.png 1152w\" sizes=\"(max-width: 1024px) 100vw, 1024px\" \/><figcaption class=\"wp-element-caption\">Luis Elizondo<\/figcaption><\/figure>\n\n\n\n<p>Un paladino della giustizia che per\u00f2, purch\u00e9 continui a dire di essere fortemente limitato da un accordo di non rivelazione, continua ad elargire grandi verit\u00e0, dimostrando uno <strong>strano atteggiamento<\/strong> che continua a far discutere, e che certamente si contrappone pesantemente con quelle affermazioni che lo vedono slegato da una qualche collaborazione con il governo americano, lasciando ampiamente presupporre che stia lavorando per ben <strong>altri scopi e finalit\u00e0<\/strong>.<\/p>\n\n\n\n<p>Ma vediamo cosa \u00e9 accaduto in questi giorni. Mi riferisco ad alcune sue recenti dichiarazioni avvenute attraverso la piattaforma di social media \u201cX\u201d (precedentemente nota come Twitter), in cui ha rivelato <strong>quando aspettarsi dettagli decisivi sugli UAP<\/strong> negli sforzi di divulgazione in corso.<\/p>\n\n\n\n<p>Ecco cosa ha scritto il 13 ottobre: <em>&#8220;Salve gente, solo un breve aggiornamento da tenere presente\u2026 Dovete sapere che ci sono sforzi in corso che saranno resi noti agli inizi o a met\u00e0 del 2024. Tuttavia, per evitare che i detrattori possano ostacolare il nostro lavoro, al momento non posso essere preciso. Ma se avete imparato qualcosa in questi ultimi 5 anni, saprete che non faccio promesse vuote. Credetemi, ne varr\u00e0 la pena\u201d.<\/em><\/p>\n\n\n\n<figure class=\"wp-block-image size-large\"><img decoding=\"async\" width=\"1024\" height=\"382\" src=\"https:\/\/www.progettocoscienzacosmica.com\/wp-content\/uploads\/2023\/10\/Elizondo-X-ING-1-1024x382.jpg\" alt=\"\" class=\"wp-image-3677\" srcset=\"https:\/\/www.progettocoscienzacosmica.com\/wp-content\/uploads\/2023\/10\/Elizondo-X-ING-1-1024x382.jpg 1024w, https:\/\/www.progettocoscienzacosmica.com\/wp-content\/uploads\/2023\/10\/Elizondo-X-ING-1-300x112.jpg 300w, https:\/\/www.progettocoscienzacosmica.com\/wp-content\/uploads\/2023\/10\/Elizondo-X-ING-1-768x287.jpg 768w, https:\/\/www.progettocoscienzacosmica.com\/wp-content\/uploads\/2023\/10\/Elizondo-X-ING-1-18x7.jpg 18w, https:\/\/www.progettocoscienzacosmica.com\/wp-content\/uploads\/2023\/10\/Elizondo-X-ING-1-810x302.jpg 810w, https:\/\/www.progettocoscienzacosmica.com\/wp-content\/uploads\/2023\/10\/Elizondo-X-ING-1-1140x426.jpg 1140w, https:\/\/www.progettocoscienzacosmica.com\/wp-content\/uploads\/2023\/10\/Elizondo-X-ING-1.jpg 1168w\" sizes=\"(max-width: 1024px) 100vw, 1024px\" \/><\/figure>\n\n\n\n<p>Una previsione azzardata? Non per chi conosce bene tale personaggio. Inoltre, ci\u00f2 che Elizondo afferma sembra coincidere con le dichiarazioni del giornalista d\u2019inchiesta <strong>Ross Coulthart<\/strong>, che ha pronunciato qualche settimana fa, basandosi sulle sue fonti.<\/p>\n\n\n\n<p><em>\u201c\u00c8 probabile che il mondo debba confrontarsi con la realt\u00e0 di una intelligenza <strong>non umana<\/strong> sulla Terra nei prossimi <strong>12-18 mesi<\/strong>\u201d<\/em>, ha affermato.<\/p>\n\n\n\n<figure class=\"wp-block-image size-large\"><img decoding=\"async\" width=\"1024\" height=\"591\" src=\"https:\/\/www.progettocoscienzacosmica.com\/wp-content\/uploads\/2023\/10\/Ross-Coulthart-1024x591.png\" alt=\"\" class=\"wp-image-3678\" srcset=\"https:\/\/www.progettocoscienzacosmica.com\/wp-content\/uploads\/2023\/10\/Ross-Coulthart-1024x591.png 1024w, https:\/\/www.progettocoscienzacosmica.com\/wp-content\/uploads\/2023\/10\/Ross-Coulthart-300x173.png 300w, https:\/\/www.progettocoscienzacosmica.com\/wp-content\/uploads\/2023\/10\/Ross-Coulthart-768x443.png 768w, https:\/\/www.progettocoscienzacosmica.com\/wp-content\/uploads\/2023\/10\/Ross-Coulthart-1536x887.png 1536w, https:\/\/www.progettocoscienzacosmica.com\/wp-content\/uploads\/2023\/10\/Ross-Coulthart-18x10.png 18w, https:\/\/www.progettocoscienzacosmica.com\/wp-content\/uploads\/2023\/10\/Ross-Coulthart-810x467.png 810w, https:\/\/www.progettocoscienzacosmica.com\/wp-content\/uploads\/2023\/10\/Ross-Coulthart-1140x658.png 1140w, https:\/\/www.progettocoscienzacosmica.com\/wp-content\/uploads\/2023\/10\/Ross-Coulthart.png 1698w\" sizes=\"(max-width: 1024px) 100vw, 1024px\" \/><figcaption class=\"wp-element-caption\">Ross Coulthart<\/figcaption><\/figure>\n\n\n\n<p>Praticamente, sia Coulthart che Elizondo hanno dichiarato che il Congresso degli Stati Uniti \u00e8 gi\u00e0 a conoscenza di qualcosa che gran parte del mondo ancora ignora e questo potrebbe avere a che fare con una realt\u00e0 non di questo mondo. Che sia cos\u00ec? Non possiamo dirlo, ma vari indizi ci spingono a pensare che <strong>l\u2019intento sia proprio questo<\/strong>.<\/p>\n\n\n\n<p>Ma non \u00e8 finita qui, poich\u00e9 Elizondo ha poi taggato nel suo post <strong>Chris Mellon e Jay Stratton, due ex funzionari dell\u2019intelligence<\/strong> che hanno assunto un ruolo molto importante nel sollecitare il Congresso a divulgare quanto pi\u00f9 possibile sugli UFO e ad aumentare la trasparenza con il pubblico. Seppur, come ben sappiamo, faccia tutto parte di un tragicomico teatrino dove ogni attore deve necessariamente interpretare il proprio ruolo.<\/p>\n\n\n\n<p><strong>Mellon<\/strong> \u00e8 l&#8217;ex vice segretario aggiunto alla Difesa ed ex direttore dello staff del Comitato di intelligence del Senato e lo abbiamo visto pi\u00f9 volte coinvolto in varie questioni riguardanti il recente progetto di rivelazione del governo americano riguardo gli UFO.<\/p>\n\n\n\n<figure class=\"wp-block-image size-large\"><img decoding=\"async\" width=\"1024\" height=\"563\" src=\"https:\/\/www.progettocoscienzacosmica.com\/wp-content\/uploads\/2023\/11\/Christopher-Mellon-1024x563.png\" alt=\"\" class=\"wp-image-3714\" srcset=\"https:\/\/www.progettocoscienzacosmica.com\/wp-content\/uploads\/2023\/11\/Christopher-Mellon-1024x563.png 1024w, https:\/\/www.progettocoscienzacosmica.com\/wp-content\/uploads\/2023\/11\/Christopher-Mellon-300x165.png 300w, https:\/\/www.progettocoscienzacosmica.com\/wp-content\/uploads\/2023\/11\/Christopher-Mellon-768x422.png 768w, https:\/\/www.progettocoscienzacosmica.com\/wp-content\/uploads\/2023\/11\/Christopher-Mellon-1536x844.png 1536w, https:\/\/www.progettocoscienzacosmica.com\/wp-content\/uploads\/2023\/11\/Christopher-Mellon-18x10.png 18w, https:\/\/www.progettocoscienzacosmica.com\/wp-content\/uploads\/2023\/11\/Christopher-Mellon-810x445.png 810w, https:\/\/www.progettocoscienzacosmica.com\/wp-content\/uploads\/2023\/11\/Christopher-Mellon-1140x626.png 1140w, https:\/\/www.progettocoscienzacosmica.com\/wp-content\/uploads\/2023\/11\/Christopher-Mellon.png 1838w\" sizes=\"(max-width: 1024px) 100vw, 1024px\" \/><figcaption class=\"wp-element-caption\">Christopher Mellon<\/figcaption><\/figure>\n\n\n\n<p>In effetti nel 2020, <strong>Mellon<\/strong> aveva raccontato di una forte preoccupazione per la minaccia alla sicurezza nazionale rappresentata dai velivoli regolarmente osservati nello spazio aereo statunitense che <strong>si muovono in modi che vanno oltre le capacit\u00e0 di qualsiasi tecnologia umana conosciuta<\/strong>. Tale preoccupazione, lo avrebbe quindi spinto ad unirsi ad un piccolo gruppo di ex funzionari governativi (tra cui anche Elizondo), al fine di rendere pubblico parte di ci\u00f2 che sapevano, fino a divenire la fonte segreta che ha fornito al New York Times <strong>alcuni video sugli UFO<\/strong> pubblicati nel 2017, che riproducono ci\u00f2 che i piloti hanno registrato sui loro sensori video durante i voli di addestramento nel 2004 e nel 2015.<\/p>\n\n\n\n<p><a href=\"https:\/\/piergiorgiocaria.it\/blog\/ufo-il-pentagono-conferma-i-video-rilasciati-sono-autentici\">https:\/\/piergiorgiocaria.it\/blog\/ufo-il-pentagono-conferma-i-video-rilasciati-sono-autentici<\/a><\/p>\n\n\n\n<p>Ma tornando ad oggi, \u00e8 visitando il <strong>profilo X di Mellon<\/strong> che le cose si fanno ancora pi\u00f9 interessanti, poich\u00e9 ci aiutano a creare una sorta di collegamento con quanto affermato da Elizondo. In effetti, in un post fissato <a href=\"https:\/\/twitter.com\/ChrisKMellon\/status\/1664996326684123137\">in cima<\/a> al profilo X di Mellon c&#8217;\u00e8 un messaggio di giugno che dice:<em> \u201cHo sempre creduto che il pubblico abbia il diritto di sapere se il nostro governo ha la prova che alcuni UAP sono di <strong>origine extra-mondo<\/strong>. Ultimamente sono anche giunto alla conclusione che, se fosse vero, rivelare questo incredibile segreto sarebbe anche nell&#8217;interesse della nostra nazione e dell&#8217;umanit\u00e0 stessa. &#8220;<\/em><\/p>\n\n\n\n<figure class=\"wp-block-image size-large\"><img decoding=\"async\" width=\"1024\" height=\"316\" src=\"https:\/\/www.progettocoscienzacosmica.com\/wp-content\/uploads\/2023\/10\/Mellon-X-ING-1024x316.jpg\" alt=\"\" class=\"wp-image-3696\" srcset=\"https:\/\/www.progettocoscienzacosmica.com\/wp-content\/uploads\/2023\/10\/Mellon-X-ING-1024x316.jpg 1024w, https:\/\/www.progettocoscienzacosmica.com\/wp-content\/uploads\/2023\/10\/Mellon-X-ING-300x93.jpg 300w, https:\/\/www.progettocoscienzacosmica.com\/wp-content\/uploads\/2023\/10\/Mellon-X-ING-768x237.jpg 768w, https:\/\/www.progettocoscienzacosmica.com\/wp-content\/uploads\/2023\/10\/Mellon-X-ING-18x6.jpg 18w, https:\/\/www.progettocoscienzacosmica.com\/wp-content\/uploads\/2023\/10\/Mellon-X-ING-810x250.jpg 810w, https:\/\/www.progettocoscienzacosmica.com\/wp-content\/uploads\/2023\/10\/Mellon-X-ING-1140x352.jpg 1140w, https:\/\/www.progettocoscienzacosmica.com\/wp-content\/uploads\/2023\/10\/Mellon-X-ING.jpg 1178w\" sizes=\"(max-width: 1024px) 100vw, 1024px\" \/><\/figure>\n\n\n\n<p>Affermazioni non da poco se consideriamo che a pronunciarle \u00e8 un ex vice segretario aggiunto alla Difesa ed ex direttore dello staff del Comitato di intelligence del Senato.<\/p>\n\n\n\n<p>Vale quindi la pena riportare altre rilevanti <strong>dichiarazioni<\/strong> rilasciate da <strong>Mellon<\/strong> in un recente articolo riportato sulla nota testata giornalistica americana \u201c<em>Politico<\/em>\u201d.<\/p>\n\n\n\n<p>In tale occasione infatti, <strong>Mellon<\/strong> ci ha tenuto a sottolineare che secondo lui c\u2019\u00e8 una cosa che il Pentagono e la comunit\u00e0 dell\u2019intelligence non hanno finora affrontato, ossia il fatto se abbiano avuto o meno un <strong>contatto diretto con questi oggetti<\/strong>. Secondo lui in effetti, ci sono voci persistenti secondo cui il governo degli Stati Uniti avrebbe recuperato materiale rinvenuto da incidenti UAP e persino che il governo avrebbe lavorato segretamente per <strong>decodificare la tecnologia<\/strong>.<\/p>\n\n\n\n<p><em>\u201cDa quando \u00e8 stata fondata l&#8217;AARO,\u201d <\/em>ha affermato inoltre <strong>Mellon<\/strong> <em>\u201cho riferito loro quattro testimoni che affermano di essere a conoscenza di un programma segreto del governo statunitense che prevede l&#8217;analisi e lo sfruttamento di materiali recuperati da navicelle extra-mondo. Anche altre fonti che, giustamente o erroneamente, non si fidano della leadership di AARO, mi hanno contattato fornendomi ulteriori dettagli e informazioni su un presunto programma segreto di reverse engineering del governo statunitense. Alcuni hanno fornito informazioni all&#8217;ispettore generale della comunit\u00e0 dei servizi segreti, altri direttamente al personale delle commissioni di supervisione del Congresso.\u201d<\/em><\/p>\n\n\n\n<p>Allora? Cosa verr\u00e0 rivelato nel 2024? Che <strong>non siamo soli<\/strong> nell\u2019Universo? L\u2019unico modo per scoprirlo \u00e8 attendere risvolti. A quanto pare per\u00f2, sembra che il governo sia sempre pi\u00f9 pronto per un passo del genere. <em>\u201cLa guida pi\u00f9 chiara e piacevole che ho ricevuto \u00e8 venuta dalla senatrice <strong>Kirsten Gillibrand<\/strong><\/em>\u201d ha riferito ancora <strong>Mellon<\/strong> nell\u2019articolo del <em>Politico<\/em>, <em>\u201cche \u00e8 presidente della sottocommissione per le minacce e le capacit\u00e0 emergenti dei servizi armati del Senato e membro della commissione ristretta del Senato sull&#8217;intelligence. Quando si \u00e8 presentata l&#8217;occasione durante una riunione al Senato, ho chiesto: \u201cAvete avviato un&#8217;indagine che potrebbe dimostrare che <strong>gli alieni stanno visitando la Terra<\/strong>. E se la risposta fosse s\u00ec? Sosterresti la condivisione di tali informazioni con il popolo americano? Dopotutto, l\u2019AARO non \u00e8 tenuto a condividere i suoi risultati con il pubblico, ma solo con il Congresso. Senza esitare lei rispose: \u201c<strong>Certamente! Perch\u00e9 no?<\/strong>&#8220;<\/em><\/p>\n\n\n\n<figure class=\"wp-block-image size-large\"><img decoding=\"async\" width=\"1024\" height=\"624\" src=\"https:\/\/www.progettocoscienzacosmica.com\/wp-content\/uploads\/2023\/11\/Kirsten-Gillibrand-1024x624.png\" alt=\"\" class=\"wp-image-3715\" srcset=\"https:\/\/www.progettocoscienzacosmica.com\/wp-content\/uploads\/2023\/11\/Kirsten-Gillibrand-1024x624.png 1024w, https:\/\/www.progettocoscienzacosmica.com\/wp-content\/uploads\/2023\/11\/Kirsten-Gillibrand-300x183.png 300w, https:\/\/www.progettocoscienzacosmica.com\/wp-content\/uploads\/2023\/11\/Kirsten-Gillibrand-768x468.png 768w, https:\/\/www.progettocoscienzacosmica.com\/wp-content\/uploads\/2023\/11\/Kirsten-Gillibrand-1536x935.png 1536w, https:\/\/www.progettocoscienzacosmica.com\/wp-content\/uploads\/2023\/11\/Kirsten-Gillibrand-18x12.png 18w, https:\/\/www.progettocoscienzacosmica.com\/wp-content\/uploads\/2023\/11\/Kirsten-Gillibrand-810x493.png 810w, https:\/\/www.progettocoscienzacosmica.com\/wp-content\/uploads\/2023\/11\/Kirsten-Gillibrand-1140x694.png 1140w, https:\/\/www.progettocoscienzacosmica.com\/wp-content\/uploads\/2023\/11\/Kirsten-Gillibrand.png 1570w\" sizes=\"(max-width: 1024px) 100vw, 1024px\" \/><figcaption class=\"wp-element-caption\"><em><strong>Kirsten Gillibrand<\/strong><\/em><\/figcaption><\/figure>\n\n\n\n<p>Esatto, perch\u00e8 no? Ce lo chiediamo anche noi cara senatrice. E se in effetti a fare la differenza non sono sempre le azioni, ma le intenzioni e gli obiettivi preposti, ci dovreste spiegare come mai fino ad ora \u00e8 stato tutto nascosto. Ci dovreste spiegare tutto l\u2019insabbiamento, gli strani decessi di chi era intenzionato a raccontare la verit\u00e0, e tutto il <strong>cover up <\/strong>alla quale abbiamo dovuto assistere in questi decenni.<\/p>\n\n\n\n<p>Per quanto riguarda <strong>Jay Stratton<\/strong> invece? L\u2019altro nome citato nel post di Elizondo insieme a quello di Mellon?<\/p>\n\n\n\n<p>Ebbene, <strong>Stratton<\/strong> \u00e8 un funzionario di alto rango <strong>dell&#8217;intelligence<\/strong> che \u00e8 stato coinvolto in ciascuna delle indagini segrete sugli UFO del Pentagono, incluso AAWSAP, il pi\u00f9 grande programma UFO di tutti i tempi, gestito dalla Defense Intelligence Agency, fino a partecipare al programma AATIP. Successivamente, ha assunto la guida della Task Force UAP.<\/p>\n\n\n\n<figure class=\"wp-block-image size-large\"><img decoding=\"async\" width=\"1024\" height=\"631\" src=\"https:\/\/www.progettocoscienzacosmica.com\/wp-content\/uploads\/2023\/11\/Jay-Strattton-1024x631.png\" alt=\"\" class=\"wp-image-3716\" srcset=\"https:\/\/www.progettocoscienzacosmica.com\/wp-content\/uploads\/2023\/11\/Jay-Strattton-1024x631.png 1024w, https:\/\/www.progettocoscienzacosmica.com\/wp-content\/uploads\/2023\/11\/Jay-Strattton-300x185.png 300w, https:\/\/www.progettocoscienzacosmica.com\/wp-content\/uploads\/2023\/11\/Jay-Strattton-768x474.png 768w, https:\/\/www.progettocoscienzacosmica.com\/wp-content\/uploads\/2023\/11\/Jay-Strattton-18x12.png 18w, https:\/\/www.progettocoscienzacosmica.com\/wp-content\/uploads\/2023\/11\/Jay-Strattton-810x499.png 810w, https:\/\/www.progettocoscienzacosmica.com\/wp-content\/uploads\/2023\/11\/Jay-Strattton-1140x703.png 1140w, https:\/\/www.progettocoscienzacosmica.com\/wp-content\/uploads\/2023\/11\/Jay-Strattton.png 1278w\" sizes=\"(max-width: 1024px) 100vw, 1024px\" \/><figcaption class=\"wp-element-caption\">Jay Strattton<\/figcaption><\/figure>\n\n\n\n<p>Inoltre Stratton ed Elizondo sembrano avere un particolare legame in questa sorta di lavoro per la divulgazione \u201cufficiale\u201d. Nel luglio 2023, Stratton ed Elizondo <a href=\"https:\/\/twitter.com\/jaystratton\/status\/1684729145626898432\">hanno scritto insieme una lettera<\/a>, dove viene citato anche Mellon, ed in cui condividevano la loro soddisfazione per l&#8217;udienza della Camera UAP, comprese le testimonianze di <strong>Grusch<\/strong>, <strong>Graves<\/strong> e <strong>Fravor<\/strong>. Parlo di ci\u00f2 che \u00e8 avvenuto il il <strong>26 luglio a Washington<\/strong> alla commissione della Camera dei Rappresentanti sugli <strong>Ufo<\/strong>, richiesta dopo le <strong>sconcertanti rivelazioni<\/strong> dell\u2019ex funzionario dei servizi segreti David <strong>Grush<\/strong> durante un&#8217;intervista avvenuta qualche giorno prima.<\/p>\n\n\n\n<figure class=\"wp-block-image size-large\"><img decoding=\"async\" width=\"1024\" height=\"463\" src=\"https:\/\/www.progettocoscienzacosmica.com\/wp-content\/uploads\/2023\/11\/Screenshot-2023-11-02-alle-19.25.54-1024x463.png\" alt=\"\" class=\"wp-image-3717\" srcset=\"https:\/\/www.progettocoscienzacosmica.com\/wp-content\/uploads\/2023\/11\/Screenshot-2023-11-02-alle-19.25.54-1024x463.png 1024w, https:\/\/www.progettocoscienzacosmica.com\/wp-content\/uploads\/2023\/11\/Screenshot-2023-11-02-alle-19.25.54-300x136.png 300w, https:\/\/www.progettocoscienzacosmica.com\/wp-content\/uploads\/2023\/11\/Screenshot-2023-11-02-alle-19.25.54-768x348.png 768w, https:\/\/www.progettocoscienzacosmica.com\/wp-content\/uploads\/2023\/11\/Screenshot-2023-11-02-alle-19.25.54-1536x695.png 1536w, https:\/\/www.progettocoscienzacosmica.com\/wp-content\/uploads\/2023\/11\/Screenshot-2023-11-02-alle-19.25.54-2048x927.png 2048w, https:\/\/www.progettocoscienzacosmica.com\/wp-content\/uploads\/2023\/11\/Screenshot-2023-11-02-alle-19.25.54-18x8.png 18w, https:\/\/www.progettocoscienzacosmica.com\/wp-content\/uploads\/2023\/11\/Screenshot-2023-11-02-alle-19.25.54-810x367.png 810w, https:\/\/www.progettocoscienzacosmica.com\/wp-content\/uploads\/2023\/11\/Screenshot-2023-11-02-alle-19.25.54-1140x516.png 1140w\" sizes=\"(max-width: 1024px) 100vw, 1024px\" \/><\/figure>\n\n\n\n<figure class=\"wp-block-embed is-type-wp-embed is-provider-progetto-coscienza-cosmica wp-block-embed-progetto-coscienza-cosmica\"><div class=\"wp-block-embed__wrapper\">\n<blockquote class=\"wp-embedded-content\" data-secret=\"3xaCsgaciT\"><a href=\"https:\/\/www.progettocoscienzacosmica.com\/ex-cia-rivela-abbiamo-astronavi-aliene\/\">EX UFFICIALE CIA RIVELA, ABBIAMO ASTRONAVI ALIENE<\/a><\/blockquote><iframe class=\"wp-embedded-content\" sandbox=\"allow-scripts\" security=\"restricted\" style=\"position: absolute; clip: rect(1px, 1px, 1px, 1px);\" title=\"&#8220;EX UFFICIALE CIA RIVELA, ABBIAMO ASTRONAVI ALIENE&#8221; &#8212; Progetto Coscienza Cosmica\" src=\"https:\/\/www.progettocoscienzacosmica.com\/ex-cia-rivela-abbiamo-astronavi-aliene\/embed\/#?secret=io9NWogZgW#?secret=3xaCsgaciT\" data-secret=\"3xaCsgaciT\" width=\"600\" height=\"338\" frameborder=\"0\" marginwidth=\"0\" marginheight=\"0\" scrolling=\"no\"><\/iframe>\n<\/div><\/figure>\n\n\n\n<p>In effetti, premettendo che le sue dichiarazioni erano \u201c<em>basate su informazioni fornite da persone con una lunga esperienza di legittimit\u00e0<\/em>\u201d, ai rappresentati della commissione ha dichiarato di essere stato informato che il <strong>governo degli Stati Uniti possiede velivoli e materiali di origine non umana <\/strong>e che ha fornito al Congresso e all\u2019ispettore generale della comunit\u00e0 dell\u2019intelligence ampie informazioni classificate circa un programma del Pentagono finalizzato alla loro analisi e <strong>retroingegnerizzazione<\/strong>. Ha aggiunto inoltre che gli Usa sono a conoscenza di attivit\u00e0 &#8220;<strong>non umane<\/strong>&#8221; a partire dagli anni &#8217;30 del secolo scorso.<\/p>\n\n\n\n<figure class=\"wp-block-image size-large\"><img decoding=\"async\" width=\"1024\" height=\"674\" src=\"https:\/\/www.progettocoscienzacosmica.com\/wp-content\/uploads\/2023\/11\/Screenshot-2023-11-02-alle-19.25.00-1024x674.png\" alt=\"\" class=\"wp-image-3718\" srcset=\"https:\/\/www.progettocoscienzacosmica.com\/wp-content\/uploads\/2023\/11\/Screenshot-2023-11-02-alle-19.25.00-1024x674.png 1024w, https:\/\/www.progettocoscienzacosmica.com\/wp-content\/uploads\/2023\/11\/Screenshot-2023-11-02-alle-19.25.00-300x197.png 300w, https:\/\/www.progettocoscienzacosmica.com\/wp-content\/uploads\/2023\/11\/Screenshot-2023-11-02-alle-19.25.00-768x505.png 768w, https:\/\/www.progettocoscienzacosmica.com\/wp-content\/uploads\/2023\/11\/Screenshot-2023-11-02-alle-19.25.00-18x12.png 18w, https:\/\/www.progettocoscienzacosmica.com\/wp-content\/uploads\/2023\/11\/Screenshot-2023-11-02-alle-19.25.00-810x533.png 810w, https:\/\/www.progettocoscienzacosmica.com\/wp-content\/uploads\/2023\/11\/Screenshot-2023-11-02-alle-19.25.00-1140x750.png 1140w, https:\/\/www.progettocoscienzacosmica.com\/wp-content\/uploads\/2023\/11\/Screenshot-2023-11-02-alle-19.25.00.png 1334w\" sizes=\"(max-width: 1024px) 100vw, 1024px\" \/><figcaption class=\"wp-element-caption\">David Grush<\/figcaption><\/figure>\n\n\n\n<p>Ma torniamo alla lettera sopra citata. Ecco di seguito la traduzione della stessa.<\/p>\n\n\n\n<p><em>&#8221; Mentre lavoravamo all&#8217;indagine sugli <strong>UAP<\/strong> del governo degli Stati Uniti, nota come AATIP, sapevamo, sulla base di dati credibili, che gli UAP presentavano seri problemi di sicurezza nazionale e una potenziale minaccia esistenziale. Quando <strong>noi e il nostro collega Chris Mellon <\/strong>abbiamo cercato di lanciare un allarme all&#8217;interno del Pentagono, siamo stati bloccati dalla burocrazia e dallo stigma che circondava l&#8217;argomento. Alla fine, abbiamo deciso che l&#8217;unico modo per portare l&#8217;attenzione su questo problema urgente era che Lue si dimettesse per protesta e diventasse pubblico per creare consapevolezza, mentre Jay avrebbe sfruttato questo cambiamento per portare avanti l&#8217;argomento all&#8217;interno del governo (diventando infine direttore della Task Force UAP). Abbiamo giurato di servire gli interessi del popolo americano e questo era il modo migliore per farlo. Il nostro obiettivo era quello di essere la scintilla che avrebbe acceso un fuoco, un fuoco pi\u00f9 potente della burocrazia antiquata e dello stigma.<\/em> <em>Ieri abbiamo visto con orgoglio il fuoco continuare a crescere in un&#8217;importante udienza del Congresso sull&#8217;UAP. I nostri coraggiosi amici e colleghi, gli ex aviatori della <strong>Marina Ryan Graves<\/strong> e <strong>Dave Fravor <\/strong>e l&#8217;ex ufficiale dei servizi segreti dell&#8217;aeronautica \/ membro della Task Force UAP <strong>Dave Grusch<\/strong>, si sono offerti come testimoni e hanno parlato sotto giuramento dell&#8217;argomento ai membri del Congresso e al pubblico. Siamo grati a tutti coloro che hanno partecipato.<\/em> <em>Questo \u00e8 solo l&#8217;inizio. Ci sono notevoli progressi da compiere e lavoro da fare per comprendere e affrontare i problemi di sicurezza nazionale. Ricordiamo sempre che un pubblico informato \u00e8 una forza potente e pu\u00f2 essere utilizzato per creare cambiamenti positivi.<\/em> <em>Non faremo ulteriori commenti in questo momento, ma sappiate che continuiamo a lavorare duramente dietro le quinte quinte.\u201d<\/em>  &#8211; <strong>Lue Elizondo e Jay Stratton<\/strong><\/p>\n\n\n\n<figure class=\"wp-block-image size-large\"><img decoding=\"async\" width=\"1024\" height=\"576\" src=\"https:\/\/www.progettocoscienzacosmica.com\/wp-content\/uploads\/2023\/10\/Lettera-sostegno-Grush-1024x576.jpeg\" alt=\"\" class=\"wp-image-3686\" srcset=\"https:\/\/www.progettocoscienzacosmica.com\/wp-content\/uploads\/2023\/10\/Lettera-sostegno-Grush-1024x576.jpeg 1024w, https:\/\/www.progettocoscienzacosmica.com\/wp-content\/uploads\/2023\/10\/Lettera-sostegno-Grush-300x169.jpeg 300w, https:\/\/www.progettocoscienzacosmica.com\/wp-content\/uploads\/2023\/10\/Lettera-sostegno-Grush-768x432.jpeg 768w, https:\/\/www.progettocoscienzacosmica.com\/wp-content\/uploads\/2023\/10\/Lettera-sostegno-Grush-1536x864.jpeg 1536w, https:\/\/www.progettocoscienzacosmica.com\/wp-content\/uploads\/2023\/10\/Lettera-sostegno-Grush-18x10.jpeg 18w, https:\/\/www.progettocoscienzacosmica.com\/wp-content\/uploads\/2023\/10\/Lettera-sostegno-Grush-810x456.jpeg 810w, https:\/\/www.progettocoscienzacosmica.com\/wp-content\/uploads\/2023\/10\/Lettera-sostegno-Grush-1140x641.jpeg 1140w, https:\/\/www.progettocoscienzacosmica.com\/wp-content\/uploads\/2023\/10\/Lettera-sostegno-Grush.jpeg 1600w\" sizes=\"(max-width: 1024px) 100vw, 1024px\" \/><\/figure>\n\n\n\n<p>Ed anche <strong>Mellon<\/strong> non si \u00e8 tirato indietro dal pronunciarsi a <strong>supporto delle dichiarazioni di Grush<\/strong>, affermando di trovare credibile la sua testimonianza.<\/p>\n\n\n\n<p><em>&#8220;Un&#8217;affermazione cos\u00ec straordinaria richiede prove eccezionali e straordinarie&#8221;<\/em>, ha affermato Mellon. <em>&#8220;Tuttavia, <strong>esiste chiaramente una base sostanziale<\/strong> per queste affermazioni. Le immense implicazioni scientifiche e per la sicurezza nazionale giustificano ulteriori indagini da parte del Congresso\u201d.<\/em><\/p>\n\n\n\n<p>Cosa lega quindi questi tre personaggi? Praticamente la grande convinzione che dietro ai cosiddetti <strong>UFO<\/strong>, molto probabilmente, ci sia una <strong>presenza aliena<\/strong>.<\/p>\n\n\n\n<p>Altrimenti perch\u00e9 appoggiare le dichiarazioni di Grush? D\u2019altronde, \u00e8 logico pensare che funzionari governativi di questo rango possano basarsi su semplici logiche di fede o di credo? \u00c9 assolutamente ovvio quindi, che se tali personaggi si pronunciano pubblicamente in questi termini sono certamente in possesso di <strong>dati oggettivi particolarmente rilevanti e concreti<\/strong>.<\/p>\n\n\n\n<p>Oltretutto, <strong>Grush<\/strong> non ha fatto altro che riportare ci\u00f2 che anche questi personaggi hanno sempre dichiarato o comunque sostenuto o supportato in una qualche maniera. Ed \u00e8 questo che li lega tutti ad un \u201cfil rouge\u201d alquanto oscuro, e che ci fa comprendere come, senza alcun dubbio, lavorino tutti sotto le mani di uno <strong>stesso burattinaio<\/strong>.<\/p>\n\n\n\n<p>Infatti, come vi ho riportato ad inizio articolo, anche <strong>Mellon<\/strong> non si \u00e8 mai tirato indietro quando c\u2019era da ipotizzare una conclusione che potesse legare gli <strong>UFO agli extraterrestri<\/strong>. \u201c<em>Per fortuna, ci sono molte ragioni per credere che, se gli UAP sono manifestazioni di intelligenza <strong>extraterrestre<\/strong>, questa sorprendente rivelazione pu\u00f2 funzionare a vantaggio dell\u2019umanit\u00e0<\/em>\u201d, ad esempio ha affermato.<\/p>\n\n\n\n<p>E cos\u00ec anche <strong>Elizondo<\/strong>. Come quando ad esempio qualche mese fa, provocando molto scalpore nel pubblico americano e non solo, durante un podcast gestito da <strong>Curt Jaimungal<\/strong>, aveva affermato che molto probabilmente il governo degli Stati Uniti \u00e8 in possesso di <strong>campioni biologici ultraterreni<\/strong> e numerosi e sconcertanti documenti video-fotografici di UFO che ritraggono degli <strong>occupanti<\/strong> a bordo.<\/p>\n\n\n\n<figure class=\"wp-block-embed is-type-wp-embed is-provider-progetto-coscienza-cosmica wp-block-embed-progetto-coscienza-cosmica\"><div class=\"wp-block-embed__wrapper\">\n<blockquote class=\"wp-embedded-content\" data-secret=\"2peYTaEUP0\"><a href=\"https:\/\/www.progettocoscienzacosmica.com\/it\/luis-elizondo-abbiamo-campioni-biologici-extraterrestri-e-foto-di-ufo-con-occupanti\/\">LUIS ELIZONDO: ABBIAMO \u201cCAMPIONI BIOLOGICI\u201d EXTRATERRESTRI E FOTO DI UFO CON OCCUPANTI<\/a><\/blockquote><iframe class=\"wp-embedded-content\" sandbox=\"allow-scripts\" security=\"restricted\" style=\"position: absolute; clip: rect(1px, 1px, 1px, 1px);\" title=\"&#8220;LUIS ELIZONDO: ABBIAMO \u201cCAMPIONI BIOLOGICI\u201d EXTRATERRESTRI E FOTO DI UFO CON OCCUPANTI&#8221; &#8212; Progetto Coscienza Cosmica\" src=\"https:\/\/www.progettocoscienzacosmica.com\/it\/luis-elizondo-abbiamo-campioni-biologici-extraterrestri-e-foto-di-ufo-con-occupanti\/embed\/#?secret=CBj7Kv1xX6#?secret=2peYTaEUP0\" data-secret=\"2peYTaEUP0\" width=\"600\" height=\"338\" frameborder=\"0\" marginwidth=\"0\" marginheight=\"0\" scrolling=\"no\"><\/iframe>\n<\/div><\/figure>\n\n\n\n<p>Ecco un estratto ripreso dall\u2019intervista:<\/p>\n\n\n\n<p><strong>Domanda<\/strong> \u2013 \u201c\u00c8 possibile che esistano campioni biologici recuperati?\u201d<\/p>\n\n\n\n<p><strong>Elizondo<\/strong>&nbsp; \u2013 \u201cS\u00ec \u00e8 proprio cos\u00ec. E non aggiunger\u00f2 altro\u2026dovrete semplicemente porre la vostra attenzione a ci\u00f2 che dico. E sar\u00f2 volutamente molto aperto e vago allo stesso tempo. Che cosa significa questo? Beh, significa quello che significa\u201c.<\/p>\n\n\n\n<p><strong>Domanda<\/strong> \u2013 \u201cCi sono foto che mostrano gli occupanti all\u2019interno delle imbarcazioni?\u201d<\/p>\n\n\n\n<p><strong>Elizondo<\/strong> \u2013 \u201cCi sono alcune foto molto convincenti l\u00e0 fuori che sembrano mostrare qualcosa all\u2019interno, una sorta di occupazione, e non aggiungo altro\u2026Ho parlato con un bel po\u2019 di persone, testimonianze di prima mano, dove vengono riportate non solo le navi \u2013 che sappiamo esistono \u2013 ma anche le potenziali intelligenze all\u2019interno di questi veicoli\u201d.<\/p>\n\n\n\n<p>E allora? dobbiamo credere ad Elizondo? Beh, per chi conosce questo personaggio e ha seguito tutti i risvolti successivi alle sue passate dichiarazioni, promesse o \u201cprofezie\u201d, come ha ben detto lui stesso, <strong>tutto \u00e8 poi davvero avvenuto<\/strong>.<\/p>\n\n\n\n<p>Ma c&#8217;\u00e8 un altro aspetto che non dovremmo tralasciare e che sembra appoggiare quanto affermato da <strong>Elizondo<\/strong>. Sto parlando di un disegno di legge sull\u2019autorizzazione della difesa nazionale che coinvolge gli UAP e che potrebbe presto diventare legge qualora il Congresso lo approvasse. \u00c8 <strong>l&#8217;emendamento<\/strong>, introdotto dal senatore <strong>Chuck Schumer<\/strong>, che prevederebbe la declassificazione di documenti UAP in maniera molto pi\u00f9 trasparente e agevole e nel quale si cita esplicitamente e per ben 22 volte il termine \u201c<strong><em>intelligenza non umana<\/em><\/strong>\u201d.<\/p>\n\n\n\n<p><\/p>\n\n\n\n<figure class=\"wp-block-image size-large\"><img decoding=\"async\" width=\"1024\" height=\"294\" src=\"https:\/\/www.progettocoscienzacosmica.com\/wp-content\/uploads\/2023\/10\/Pagina-5-1024x294.png\" alt=\"\" class=\"wp-image-3688\" srcset=\"https:\/\/www.progettocoscienzacosmica.com\/wp-content\/uploads\/2023\/10\/Pagina-5-1024x294.png 1024w, https:\/\/www.progettocoscienzacosmica.com\/wp-content\/uploads\/2023\/10\/Pagina-5-300x86.png 300w, https:\/\/www.progettocoscienzacosmica.com\/wp-content\/uploads\/2023\/10\/Pagina-5-768x220.png 768w, https:\/\/www.progettocoscienzacosmica.com\/wp-content\/uploads\/2023\/10\/Pagina-5-1536x441.png 1536w, https:\/\/www.progettocoscienzacosmica.com\/wp-content\/uploads\/2023\/10\/Pagina-5-18x5.png 18w, https:\/\/www.progettocoscienzacosmica.com\/wp-content\/uploads\/2023\/10\/Pagina-5-810x232.png 810w, https:\/\/www.progettocoscienzacosmica.com\/wp-content\/uploads\/2023\/10\/Pagina-5-1140x327.png 1140w, https:\/\/www.progettocoscienzacosmica.com\/wp-content\/uploads\/2023\/10\/Pagina-5.png 1778w\" sizes=\"(max-width: 1024px) 100vw, 1024px\" \/><figcaption class=\"wp-element-caption\"><a href=\"https:\/\/www.democrats.senate.gov\/imo\/media\/doc\/uap_amendment.pdf\"><em>VAI AL DOCUMENTO<\/em><\/a><em> \u2013 pagina 11<\/em><\/figcaption><\/figure>\n\n\n\n<p><em>\u201cPer decenni, molti americani sono rimasti affascinati da oggetti misteriosi e <strong>inspiegabili<\/strong> ed \u00e8 ormai tempo che ricevano delle risposte\u201d<\/em>, ha affermato in effetti recentemente il leader della maggioranza <strong>Chuck Schumer<\/strong>. <em>\u201cIl pubblico americano ha il diritto di conoscere quel che riguarda l\u2019esistenza di tecnologie di origini sconosciute, <strong>intelligenza non umana<\/strong> o fenomeni inspiegabili. Non stiamo solo lavorando per declassificare ci\u00f2 che il governo ha precedentemente appreso su questi fenomeni, ma anche per creare un canale affinch\u00e9 le ricerche future siano rese pubbliche\u201d.<\/em><\/p>\n\n\n\n<figure class=\"wp-block-image size-large\"><img decoding=\"async\" width=\"1024\" height=\"639\" src=\"https:\/\/www.progettocoscienzacosmica.com\/wp-content\/uploads\/2023\/11\/Chuck-Schumer-1024x639.png\" alt=\"\" class=\"wp-image-3711\" srcset=\"https:\/\/www.progettocoscienzacosmica.com\/wp-content\/uploads\/2023\/11\/Chuck-Schumer-1024x639.png 1024w, https:\/\/www.progettocoscienzacosmica.com\/wp-content\/uploads\/2023\/11\/Chuck-Schumer-300x187.png 300w, https:\/\/www.progettocoscienzacosmica.com\/wp-content\/uploads\/2023\/11\/Chuck-Schumer-768x480.png 768w, https:\/\/www.progettocoscienzacosmica.com\/wp-content\/uploads\/2023\/11\/Chuck-Schumer-18x12.png 18w, https:\/\/www.progettocoscienzacosmica.com\/wp-content\/uploads\/2023\/11\/Chuck-Schumer-320x200.png 320w, https:\/\/www.progettocoscienzacosmica.com\/wp-content\/uploads\/2023\/11\/Chuck-Schumer-810x506.png 810w, https:\/\/www.progettocoscienzacosmica.com\/wp-content\/uploads\/2023\/11\/Chuck-Schumer-1140x712.png 1140w, https:\/\/www.progettocoscienzacosmica.com\/wp-content\/uploads\/2023\/11\/Chuck-Schumer.png 1214w\" sizes=\"(max-width: 1024px) 100vw, 1024px\" \/><figcaption class=\"wp-element-caption\">Chuck Schumer<\/figcaption><\/figure>\n\n\n\n<p>Il <strong>Congresso americano<\/strong> quindi, sulla base di tutto quanto \u00e8 stato detto e riportato, sembrerebbe voler riconoscere a breve che, seppur questi documenti sarebbero stati nascosti con il solo obiettivo di proteggere la sicurezza nazionale, \u00e8 semplicemente qualcosa di inaccettabile <strong>celare<\/strong> tali informazioni, sia al Congresso che al pubblico in generale. O almeno questo \u00e8 quanto vuol far intendere ufficialmente.<\/p>\n\n\n\n<p>E proprio come <strong>Mellon<\/strong> ha affermato recentemente inoltre, man mano che il sostegno bipartisan si spinger\u00e0 affinch\u00e9 l\u2019esercito e il ramo esecutivo rivelino ci\u00f2 che sanno, il pubblico diventer\u00e0 sempre pi\u00f9 aperto e accetter\u00e0 l\u2019idea che gli UAP, qualunque cosa essi siano, questi sono l\u00e0 fuori e potrebbero stravolgere il modo in cui oggi vediamo la Vita. <em>\u201cDiventer\u00e0 sempre pi\u00f9 difficile negare che esistano veicoli intelligenti che fanno cose che noi stessi non possiamo fare nell\u2019atmosfera\u201d<\/em>, ha detto <strong>Mellon<\/strong>. <em>\u201cPenso che questo tipo di cambiamenti richieda sempre tempo, e sto parlando di un cambiamento epocale nella nostra visione del mondo, la nostra comprensione dell\u2019universo e il nostro posto in esso\u201d.<\/em><em><\/em><\/p>\n\n\n\n<p>Un cambiamento che comunque \u00e8 gi\u00e0 in atto, e che in realt\u00e0 avrebbe gi\u00e0 presentato i suoi definitivi risultati, se non fosse che sia avvenuta la solita e losca manovra di <strong>insabbiamento della verit\u00e0<\/strong>.<\/p>\n\n\n\n<p>Nella data del <strong>2 settembre 2023<\/strong> infatti, durante un\u2019udienza del <strong>Congresso Messicano<\/strong>, accade un evento storico di estrema importanza. <strong>Si \u00e8 parlato di vita extraterrestre in una sede istituzionale<\/strong>, ma non come minaccia, ma <strong>come esseri evoluti e positivi<\/strong> che potrebbero offrirci una grande possibilit\u00e0 evolutiva, dandoci una risoluzione definitiva a tutti i problemi che attanagliano la nostra societ\u00e0.<\/p>\n\n\n<figure class=\"wp-block-embed wp-block-embed-youtube is-type-video is-provider-youtube epyt-figure\"><div class=\"wp-block-embed__wrapper\"><div class=\"epyt-video-wrapper\"><iframe  data-ep-a=\"fadeIn\"  style=\"display: block; margin: 0px auto;\"  id=\"_ytid_14271\"  width=\"810\" height=\"456\"  data-origwidth=\"810\" data-origheight=\"456\" data-ep-src=\"https:\/\/www.youtube.com\/embed\/7kVl-bKVVlE?enablejsapi=1&#038;autoplay=0&#038;cc_load_policy=0&#038;cc_lang_pref=&#038;iv_load_policy=1&#038;loop=0&#038;rel=0&#038;fs=0&#038;playsinline=0&#038;autohide=2&#038;hl=it_IT&#038;theme=dark&#038;color=red&#038;controls=1&#038;disablekb=0&#038;\" class=\"__youtube_prefs__  no-lazyload\" title=\"YouTube player\"  allow=\"fullscreen; accelerometer; autoplay; clipboard-write; encrypted-media; gyroscope; picture-in-picture; web-share\" referrerpolicy=\"strict-origin-when-cross-origin\" allowfullscreen data-no-lazy=\"1\" data-skipgform_ajax_framebjll=\"\"><\/iframe><\/div><\/div><\/figure>\n\n\n<p>Il noto giornalista <strong>Jaime Maussan<\/strong> inoltre, in tale occasione, ha presentato <strong>due corpi essiccati<\/strong> che, sulla base dei risultati di diverse <strong>prove scientifiche<\/strong> come le radiografie, la tomografia computerizzata, le ricostruzioni tridimensionali, le analisi macroscopiche e microscopiche al carbonio 14, l\u2019anatomia comparata e l\u2019analisi del DNA, si \u00e8 concluso <strong>non essere di origine umana<\/strong>.<\/p>\n\n\n\n<figure class=\"wp-block-image size-large\"><img decoding=\"async\" width=\"1024\" height=\"598\" src=\"https:\/\/www.progettocoscienzacosmica.com\/wp-content\/uploads\/2023\/10\/Screenshot-2023-10-24-alle-02.41.53-2-1024x598.png\" alt=\"\" class=\"wp-image-3701\" srcset=\"https:\/\/www.progettocoscienzacosmica.com\/wp-content\/uploads\/2023\/10\/Screenshot-2023-10-24-alle-02.41.53-2-1024x598.png 1024w, https:\/\/www.progettocoscienzacosmica.com\/wp-content\/uploads\/2023\/10\/Screenshot-2023-10-24-alle-02.41.53-2-300x175.png 300w, https:\/\/www.progettocoscienzacosmica.com\/wp-content\/uploads\/2023\/10\/Screenshot-2023-10-24-alle-02.41.53-2-768x448.png 768w, https:\/\/www.progettocoscienzacosmica.com\/wp-content\/uploads\/2023\/10\/Screenshot-2023-10-24-alle-02.41.53-2-1536x897.png 1536w, https:\/\/www.progettocoscienzacosmica.com\/wp-content\/uploads\/2023\/10\/Screenshot-2023-10-24-alle-02.41.53-2-2048x1196.png 2048w, https:\/\/www.progettocoscienzacosmica.com\/wp-content\/uploads\/2023\/10\/Screenshot-2023-10-24-alle-02.41.53-2-18x12.png 18w, https:\/\/www.progettocoscienzacosmica.com\/wp-content\/uploads\/2023\/10\/Screenshot-2023-10-24-alle-02.41.53-2-810x473.png 810w, https:\/\/www.progettocoscienzacosmica.com\/wp-content\/uploads\/2023\/10\/Screenshot-2023-10-24-alle-02.41.53-2-1140x666.png 1140w\" sizes=\"(max-width: 1024px) 100vw, 1024px\" \/><\/figure>\n\n\n\n<p>Purtroppo, la notizia non ha fatto altro che suscitare un violento accanimento verso la persona del noto e rispettabile giornalista <strong>Jaime<\/strong> <strong>Maussan<\/strong>, senza che sia stato riconosciuto il minimo credito alle prove scientifiche presentate. Un attacco vile che si \u00e8 concentrato soltanto sulla persona di Jaime Maussan, senza che nessuno abbia avuto il coraggio e l\u2019intelligenza di considerare minimamente <strong>le analisi e le conclusioni raggiunte dagli scienziati presenti al Congresso<\/strong>.<\/p>\n\n\n\n<figure class=\"wp-block-image size-large\"><img decoding=\"async\" width=\"1024\" height=\"571\" src=\"https:\/\/www.progettocoscienzacosmica.com\/wp-content\/uploads\/2023\/10\/Screenshot-2023-10-24-alle-02.44.02-1024x571.png\" alt=\"\" class=\"wp-image-3693\" srcset=\"https:\/\/www.progettocoscienzacosmica.com\/wp-content\/uploads\/2023\/10\/Screenshot-2023-10-24-alle-02.44.02-1024x571.png 1024w, https:\/\/www.progettocoscienzacosmica.com\/wp-content\/uploads\/2023\/10\/Screenshot-2023-10-24-alle-02.44.02-300x167.png 300w, https:\/\/www.progettocoscienzacosmica.com\/wp-content\/uploads\/2023\/10\/Screenshot-2023-10-24-alle-02.44.02-768x428.png 768w, https:\/\/www.progettocoscienzacosmica.com\/wp-content\/uploads\/2023\/10\/Screenshot-2023-10-24-alle-02.44.02-1536x856.png 1536w, https:\/\/www.progettocoscienzacosmica.com\/wp-content\/uploads\/2023\/10\/Screenshot-2023-10-24-alle-02.44.02-2048x1141.png 2048w, https:\/\/www.progettocoscienzacosmica.com\/wp-content\/uploads\/2023\/10\/Screenshot-2023-10-24-alle-02.44.02-18x10.png 18w, https:\/\/www.progettocoscienzacosmica.com\/wp-content\/uploads\/2023\/10\/Screenshot-2023-10-24-alle-02.44.02-810x451.png 810w, https:\/\/www.progettocoscienzacosmica.com\/wp-content\/uploads\/2023\/10\/Screenshot-2023-10-24-alle-02.44.02-1140x635.png 1140w\" sizes=\"(max-width: 1024px) 100vw, 1024px\" \/><\/figure>\n\n\n\n<p>Ma tutto questo d\u2019altronde non fa altro che fornire un ulteriore dimostrazione della veridicit\u00e0 di quanto detto e presentato durante l\u2019udienza. \u00c8 assolutamente ovvio insomma, che <strong>qualcuno dall\u2019alto<\/strong>, come sempre accade, abbia diretto secondo il proprio volere il parere e le opinioni di gran parte dei media e delle istituzioni.<\/p>\n\n\n\n<p>Ma quale \u00e8 la motivazione di tale violento ed ingiustificato attacco mediatico? Non il fatto che sia stata presentata la prova ultima dell\u2019esistenza di civilt\u00e0 aliene, che sia ben chiaro, poich\u00e9 il Potere, seppur a suo modo, non sembra aver pi\u00f9 problemi ormai ad ammettere pubblicamente tale possibilit\u00e0. Il vero problema \u00e8 stato <strong>il modo in cui tale realt\u00e0 \u00e9 stata presentata<\/strong>. Si \u00e8 parlato in effetti di una <strong>presenza aliena pacifica e salvifica<\/strong>, al contrario di quanto sta facendo il governo americano. \u00c8 questa insomma la vera minaccia per il Potere mondiale, e oggi abbiamo la prova definitiva che sia cos\u00ec.<\/p>\n\n\n\n<p>Perch\u00e8 quindi, mi chiedo, la nostra consapevolezza deve dipendere dalle labbra di tali vili e mendaci personaggi? Come si fa a convincersi del fatto che la verit\u00e0 possa giungere da chi l\u2019ha sempre nascosta o deformata?<\/p>\n\n\n\n<p>L\u2019America non sta dicendo la verit\u00e0. E quelle poche cose che di vero sta rivelando non sono altro che degli <strong>specchietti per allodole<\/strong> per condurre le coscienze ad <strong>accettare azioni nefaste e riprovevoli<\/strong>. Tutto questo non \u00e8 altro che un misero Truman Show. Un ridicolo teatrino dove gli attori si dilettano a presentare gli extraterrestri come negativi e minacciosi, ma solo per gli sporchi interessi di coloro che li tengono a libro paga. \u00c8 ovvio quindi che la presentazione in una sede governativa di due corpi alieni risalenti ad almeno 1000 anni fa diviene automaticamente una minaccia. Anche perch\u00e9 bisognerebbe poi spiegare al popolo come mai una civilt\u00e0, definita da sempre minacciosa, non ci abbia ancora conquistato dopo tutto questo tempo di permanenza nel nostro pianeta.<\/p>\n\n\n\n<p>Ma quale sarebbe lo scopo di tutto ci\u00f2? Semplice. Una <strong>massiccia militarizzazione del mondo sotto l\u2019egida della minaccia aliena<\/strong>. In effetti Mellon, in un recente articolo scritto di suo pugno su <em>Politico.com<\/em>, confessa che a suo parere, nel caso si accerti l\u2019esistenza di civilt\u00e0 aliene, ci\u00f2 necessariamente ridurr\u00e0 o allenter\u00e0 le tensioni tra le principali potenze nucleari, allo scopo di per poter <strong>combattere un nemico unico<\/strong>. Come disse Ronald Reagan durante un discorso all\u2019Assemblea Generale delle Nazioni Unite nel 1987. Ma su quale base si certifica che tali civilt\u00e0 siano minacciose? Quali sono le prove a sostegno di tale <strong>infondata conclusione<\/strong>?<\/p>\n\n\n\n<figure class=\"wp-block-image size-large\"><img decoding=\"async\" width=\"1024\" height=\"661\" src=\"https:\/\/www.progettocoscienzacosmica.com\/wp-content\/uploads\/2023\/11\/Ronald-Reagan-1024x661.png\" alt=\"\" class=\"wp-image-3719\" srcset=\"https:\/\/www.progettocoscienzacosmica.com\/wp-content\/uploads\/2023\/11\/Ronald-Reagan-1024x661.png 1024w, https:\/\/www.progettocoscienzacosmica.com\/wp-content\/uploads\/2023\/11\/Ronald-Reagan-300x194.png 300w, https:\/\/www.progettocoscienzacosmica.com\/wp-content\/uploads\/2023\/11\/Ronald-Reagan-768x495.png 768w, https:\/\/www.progettocoscienzacosmica.com\/wp-content\/uploads\/2023\/11\/Ronald-Reagan-1536x991.png 1536w, https:\/\/www.progettocoscienzacosmica.com\/wp-content\/uploads\/2023\/11\/Ronald-Reagan-18x12.png 18w, https:\/\/www.progettocoscienzacosmica.com\/wp-content\/uploads\/2023\/11\/Ronald-Reagan-810x522.png 810w, https:\/\/www.progettocoscienzacosmica.com\/wp-content\/uploads\/2023\/11\/Ronald-Reagan-1140x735.png 1140w, https:\/\/www.progettocoscienzacosmica.com\/wp-content\/uploads\/2023\/11\/Ronald-Reagan.png 1634w\" sizes=\"(max-width: 1024px) 100vw, 1024px\" \/><figcaption class=\"wp-element-caption\">Ronald Reagan<\/figcaption><\/figure>\n\n\n\n<p>Insomma, veri divulgatori della verit\u00e0 o semplici disinformatori al soldo del potere?La risposta mi sembra davvero scontata.<\/p>\n\n\n\n<p>E cosa verr\u00e0 effettivamente rivelato nei primi mesi del <strong>2024<\/strong>? Per ora non ci \u00e8 dato saperlo, ma possiamo facilmente presupporre, che tutto faccia parte di una specie di <strong>piano programmato<\/strong> dove ogni parola o iniziativa messe in atto sono parte di una serie di passaggi che alla fine porteranno alla piena divulgazione, con l<strong>\u2019obiettivo di raggiungere determinate finalit\u00e0, ben poco raccomandabili e alquanto oscure<\/strong>.<\/p>\n\n\n\n<p>Attenzione per\u00f2, perch\u00e9 come ben si dice, mentre la menzogna ha sempre bisogno di complici, strategie e progetti, la Verit\u00e0 alla fine trionfa sempre, e non necessariamente ha bisogno di aiuti esterni.<\/p>\n\n\n\n<p><strong>Articolo di&nbsp;<em>Sante Pagano,&nbsp;30 Ottobre 2023<\/em><\/strong><\/p>\n\n\n\n<figure class=\"wp-block-image is-resized is-style-rounded\"><img decoding=\"async\" width=\"1024\" height=\"576\" src=\"https:\/\/www.progettocoscienzacosmica.com\/wp-content\/uploads\/2021\/11\/IMG_4568-1024x576.jpg\" alt=\"\" class=\"wp-image-2652\" style=\"width:324px;height:182px\" srcset=\"https:\/\/www.progettocoscienzacosmica.com\/wp-content\/uploads\/2021\/11\/IMG_4568-1024x576.jpg 1024w, https:\/\/www.progettocoscienzacosmica.com\/wp-content\/uploads\/2021\/11\/IMG_4568-300x169.jpg 300w, https:\/\/www.progettocoscienzacosmica.com\/wp-content\/uploads\/2021\/11\/IMG_4568-768x432.jpg 768w, https:\/\/www.progettocoscienzacosmica.com\/wp-content\/uploads\/2021\/11\/IMG_4568-1536x864.jpg 1536w, https:\/\/www.progettocoscienzacosmica.com\/wp-content\/uploads\/2021\/11\/IMG_4568-2048x1152.jpg 2048w, https:\/\/www.progettocoscienzacosmica.com\/wp-content\/uploads\/2021\/11\/IMG_4568-18x10.jpg 18w, https:\/\/www.progettocoscienzacosmica.com\/wp-content\/uploads\/2021\/11\/IMG_4568-810x456.jpg 810w, https:\/\/www.progettocoscienzacosmica.com\/wp-content\/uploads\/2021\/11\/IMG_4568-1140x641.jpg 1140w, https:\/\/www.progettocoscienzacosmica.com\/wp-content\/uploads\/2021\/11\/IMG_4568-600x338.jpg 600w\" sizes=\"(max-width: 1024px) 100vw, 1024px\" \/><\/figure>\n\n\n\n<figure class=\"wp-block-image\"><a href=\"https:\/\/www.progettocoscienzacosmica.com\/sostieni-i-nostri-progetti\/\"><img decoding=\"async\" src=\"https:\/\/www.progettocoscienzacosmica.com\/wp-content\/uploads\/2022\/01\/Sostieni-ora-1-1024x576.jpg\" alt=\"\"\/><\/a><\/figure>\n\n\n\n<hr class=\"wp-block-separator has-alpha-channel-opacity\"\/>\n\n\n\n<p><em><strong>PER APPROFONDIRE:<\/strong><\/em><\/p>\n\n\n\n<p><a href=\"https:\/\/www.thebongiovannifamily.it\/\">https:\/\/www.thebongiovannifamily.it\/<\/a><\/p>\n\n\n\n<p><a href=\"https:\/\/www.piergiorgiocaria.it\/it\/\">https:\/\/www.piergiorgiocaria.it\/it\/<\/a><\/p>","protected":false},"excerpt":{"rendered":"<p>Il nostro caro e vecchio Luis Elizondo \u00e8 tornato in pista. Ebbene si, dopo mesi di apparente silenzio \u00e8 ritornato alla carica fornendo date, promettendo rivelazioni esclusive ed ingolosendo il pubblico. Luis Elizondo, enigmatico e controverso personaggio, di cui abbiamo gi\u00e0 discusso in altre occasioni, \u00e8 un ex ufficiale del Pentagono, che dal 2008 fino [&hellip;]<\/p>\n","protected":false},"author":1,"featured_media":3705,"comment_status":"closed","ping_status":"closed","sticky":false,"template":"","format":"standard","meta":{"om_disable_all_campaigns":false,"_monsterinsights_skip_tracking":false,"_monsterinsights_sitenote_active":false,"_monsterinsights_sitenote_note":"","_monsterinsights_sitenote_category":0,"footnotes":""},"categories":[1,70],"tags":[],"class_list":["post-3672","post","type-post","status-publish","format-standard","has-post-thumbnail","hentry","category-senza-categoria","category-ufo-e-e-t"],"aioseo_notices":[],"_links":{"self":[{"href":"https:\/\/www.progettocoscienzacosmica.com\/it\/wp-json\/wp\/v2\/posts\/3672","targetHints":{"allow":["GET"]}}],"collection":[{"href":"https:\/\/www.progettocoscienzacosmica.com\/it\/wp-json\/wp\/v2\/posts"}],"about":[{"href":"https:\/\/www.progettocoscienzacosmica.com\/it\/wp-json\/wp\/v2\/types\/post"}],"author":[{"embeddable":true,"href":"https:\/\/www.progettocoscienzacosmica.com\/it\/wp-json\/wp\/v2\/users\/1"}],"replies":[{"embeddable":true,"href":"https:\/\/www.progettocoscienzacosmica.com\/it\/wp-json\/wp\/v2\/comments?post=3672"}],"version-history":[{"count":9,"href":"https:\/\/www.progettocoscienzacosmica.com\/it\/wp-json\/wp\/v2\/posts\/3672\/revisions"}],"predecessor-version":[{"id":4250,"href":"https:\/\/www.progettocoscienzacosmica.com\/it\/wp-json\/wp\/v2\/posts\/3672\/revisions\/4250"}],"wp:featuredmedia":[{"embeddable":true,"href":"https:\/\/www.progettocoscienzacosmica.com\/it\/wp-json\/wp\/v2\/media\/3705"}],"wp:attachment":[{"href":"https:\/\/www.progettocoscienzacosmica.com\/it\/wp-json\/wp\/v2\/media?parent=3672"}],"wp:term":[{"taxonomy":"category","embeddable":true,"href":"https:\/\/www.progettocoscienzacosmica.com\/it\/wp-json\/wp\/v2\/categories?post=3672"},{"taxonomy":"post_tag","embeddable":true,"href":"https:\/\/www.progettocoscienzacosmica.com\/it\/wp-json\/wp\/v2\/tags?post=3672"}],"curies":[{"name":"wp","href":"https:\/\/api.w.org\/{rel}","templated":true}]}}