{"id":4008,"date":"2024-02-21T09:24:49","date_gmt":"2024-02-21T08:24:49","guid":{"rendered":"https:\/\/www.progettocoscienzacosmica.com\/?p=4008"},"modified":"2024-02-27T08:54:07","modified_gmt":"2024-02-27T07:54:07","slug":"flottilla-nei-cieli-romani","status":"publish","type":"post","link":"https:\/\/www.progettocoscienzacosmica.com\/it\/flottilla-nei-cieli-romani\/","title":{"rendered":"FLOTTILLA NEI CIELI ROMANI"},"content":{"rendered":"<p class=\"has-text-align-center\"><strong><em>A cura di P.G. Caria<\/em><\/strong><\/p>\n\n\n\n<p>Il 15 gennaio 2024 ho partecipato ad una diretta con Red Ronnie nel suo sempre frizzante programma&nbsp;<strong>\u201cLet\u2019s Spend Tonight Together\u201d&nbsp;<\/strong>(link al programma:&nbsp;<a href=\"https:\/\/www.youtube.com\/watch?v=OWNoUzgTrE4&amp;t=575s\" target=\"_blank\" rel=\"noreferrer noopener\">https:\/\/www.youtube.com\/watch?v=OWNoUzgTrE4&amp;t=575s<\/a>&nbsp;). In collegamento vi era anche Antonietta Filange che partecipava per commentare un suo video girato a Roma, in zona Borghesiana, il 13 gennaio 2024. Il video girato da Antonietta mostra una classica \u201cflotilla\u201d che si staglia nitidamente sopra il cielo terso della \u201ccitt\u00e0 eterna\u201d. Nell\u2019immagine sotto, vediamo un fotogramma contrastato tratto dal video registrato dalla testimone:<\/p>\n\n\n<div class=\"wp-block-image\">\n<figure class=\"aligncenter\"><a href=\"https:\/\/piergiorgiocaria.it\/wp-content\/uploads\/2024\/02\/Frame-1-flotilla-Roma-mod-web.jpg\"><img decoding=\"async\" src=\"https:\/\/piergiorgiocaria.it\/wp-content\/uploads\/2024\/02\/Frame-1-flotilla-Roma-mod-web.jpg\" alt=\"\" class=\"wp-image-13016\"\/><\/a><\/figure>\n<\/div>\n\n\n<p>Tale fenomeno \u00e8 stato molto frequente a cavallo tra gli anni \u201990 e nei primi anni 2000, periodo in cui si sono avute delle manifestazioni davvero straordinarie, soprattutto in Messico, luogo dove \u00e8 stato coniato il termine \u201cflotilla\u201d, che indica un raggruppamento di oggetti che si muovono sotto un unico schema e non erraticamente e che in sostanza significa \u201cpiccola flotta\u201d. Dopo quel periodo molto intenso, le testimonianze di tali manifestazioni sono quasi del tutto scomparse, perci\u00f2 il fenomeno filmato da Antonietta Filange rappresenta una rarit\u00e0 per i tempi attuali.<\/p>\n\n\n\n<p>Nel filmato, che \u00e8 composto da due registrazioni, si nota con chiarezza un oggetto di maggiori dimensioni e di forma irregolare, circondato da decine di oggetti sferici di dimensioni pi\u00f9 ridotte. L\u2019oggetto di maggiori dimensioni \u00e8 il luogo da cui originano gli altri oggetti pi\u00f9 piccoli. Non \u00e8 ancora del tutto chiaro se tali oggetti siano delle vere e proprie \u201castronavi madre\u201d o dei portali da cui gli altri oggetti entrano nella nostra dimensione.<\/p>\n\n\n<div class=\"wp-block-image\">\n<figure class=\"aligncenter\"><a href=\"https:\/\/piergiorgiocaria.it\/wp-content\/uploads\/2024\/02\/Frame-1-flotilla-Roma-partic-big-mod-web.jpg\"><img decoding=\"async\" src=\"https:\/\/piergiorgiocaria.it\/wp-content\/uploads\/2024\/02\/Frame-1-flotilla-Roma-partic-big-mod-web.jpg\" alt=\"\" class=\"wp-image-13017\"\/><\/a><\/figure>\n<\/div>\n\n\n<p>Nell\u2019immagine sopra vediamo un ingrandimento di questo oggetto con due sfere a destra.<br>Lascio alle sue parole descrivere quanto da lei vissuto in quella occasione.<\/p>\n\n\n\n<p><br><strong><em>P.G. Caria<br>9 febbraio 2024<\/em><\/strong><\/p>\n\n\n\n<h4 class=\"wp-block-heading has-text-align-center\"><strong>SABATO 13 GENNAIO 2024: LUCI MISTERIOSE NEL CIELO DI ROMA<\/strong><\/h4>\n\n\n\n<p class=\"has-text-align-center\"><strong><br><em>A cura di Antonietta Filange<\/em><\/strong><\/p>\n\n\n\n<p>Mentre ero occupata con un amico nel registrare immagini aeree attraverso un drone, ci siamo trovati ad assistere a un sorprendente avvistamento di oggetti non identificati nel cielo. All\u2019improvviso infatti, abbiamo notato due raggi circolari che si dipanavano da un\u2019unit\u00e0 centrale, uno a destra e uno a sinistra, espandendosi come fuochi d\u2019artificio. Ho capito immediatamente che si trattava di un fenomeno significativo. Dato che il drone non riusciva a catturare immagini cos\u00ec distanti, ho preso il cellulare e ho iniziato a filmare zoomando per immortalare ogni dettaglio di uno spettacolo inaspettato. Gli oggetti luminosi fluttuavano nel cielo, rimanendo l\u00ec come se volessero essere osservati, muovendosi lentamente in uno sciame intorno all\u2019unit\u00e0 centrale. Dopo qualche minuto, sono misteriosamente scomparsi. Quella registrazione improvvisata ha trasformato una normale giornata di lavoro in un\u2019esperienza avvincente e condivisa lasciandoci con tante domande senza risposta.<\/p>\n\n\n\n<p>L\u2019unica cosa da fare\u2026 inviare immediatamente il video a persone esperte, per ottenere risposte concrete ed oneste, non solo per me, ma per noi, poich\u00e9 il messaggio \u00e8 rivolto a tutti!<\/p>\n\n\n\n<p><strong><em>Antonietta Filange<br>19 gennaio 2024<\/em><\/strong><\/p>\n\n\n\n<p>Al seguente link potete vedere i video della flotilla romana avvistata il 13 gennaio 2024<\/p>\n\n\n<figure class=\"wp-block-embed wp-block-embed-youtube is-type-video is-provider-youtube epyt-figure\"><div class=\"wp-block-embed__wrapper\"><div class=\"epyt-video-wrapper\"><iframe  data-ep-a=\"fadeIn\"  style=\"display: block; margin: 0px auto;\"  id=\"_ytid_85468\"  width=\"810\" height=\"456\"  data-origwidth=\"810\" data-origheight=\"456\" data-ep-src=\"https:\/\/www.youtube.com\/embed\/qnoz9jYr-Fo?enablejsapi=1&#038;autoplay=0&#038;cc_load_policy=0&#038;cc_lang_pref=&#038;iv_load_policy=1&#038;loop=0&#038;rel=0&#038;fs=0&#038;playsinline=0&#038;autohide=2&#038;hl=it_IT&#038;theme=dark&#038;color=red&#038;controls=1&#038;disablekb=0&#038;\" class=\"__youtube_prefs__  no-lazyload\" title=\"YouTube player\"  allow=\"fullscreen; accelerometer; autoplay; clipboard-write; encrypted-media; gyroscope; picture-in-picture; web-share\" referrerpolicy=\"strict-origin-when-cross-origin\" allowfullscreen data-no-lazy=\"1\" data-skipgform_ajax_framebjll=\"\"><\/iframe><\/div><\/div><\/figure>\n\n\n<p>A seguire le analisi eseguite da Sante Pagano sul video di Antonietta Filange.<\/p>\n\n\n\n<h4 class=\"wp-block-heading has-text-align-center\"><strong>ANALISI METADATI VIDEO \u201cFLOTILLA\u201d DI ANTONIETTA FILANGE<\/strong><\/h4>\n\n\n\n<p class=\"has-text-align-center\"><strong><br><em>A cura di Sante Pagano<\/em><\/strong><\/p>\n\n\n\n<p>Il video contiene tutti i metadati originali. Dall\u2019analisi degli stessi non risulta che questi siano stati manipolati o che alcun dato sia stato rimosso volontariamente.<\/p>\n\n\n\n<p>Dai metadati risulta che il filmato \u00e8 stato girato il giorno 13 gennaio 2024 alle ore 19:07 tramite un cellulare \u201ciPhone 15 Pro Max\u201d.<\/p>\n\n\n\n<p>Le date di creazione e modifica del documento coincidono in tutti i parametri di verifica, variando solo per una differenza di pochi secondi, ma questa \u00e8 una caratteristica tipica del modello di camera utilizzato. Ci\u00f2 lo si \u00e8 confermato analizzando altri scatti eseguiti dallo stesso tipo di fotocamera. Valutando ci\u00f2 e accertando il fatto che i metadati non rilevano l\u2019utilizzo di programmi di editing, \u00e8 possibile concludere che non \u00e8 stata rilevata alcuna alterazione grafica avvenuta in post produzione.<\/p>\n\n\n<div class=\"wp-block-image\">\n<figure class=\"aligncenter\"><img decoding=\"async\" src=\"https:\/\/piergiorgiocaria.it\/wp-content\/uploads\/2024\/02\/1-metadati-e1707748941751.png\" alt=\"\" class=\"wp-image-13018\"\/><\/figure>\n<\/div>\n\n\n<p>Presente inoltre l\u2019identificativo seriale associato alla fotocamera nel documento.<\/p>\n\n\n<div class=\"wp-block-image\">\n<figure class=\"aligncenter\"><img decoding=\"async\" src=\"https:\/\/piergiorgiocaria.it\/wp-content\/uploads\/2024\/02\/2-metadati-e1707749492130.png\" alt=\"\" class=\"wp-image-13019\"\/><\/figure>\n<\/div>\n\n\n<p>L\u2019analisi dei metadati conclude che il documento \u00e8 genuino e che non \u00e8 stato sottoposto a manipolazione grafica.<\/p>\n\n\n\n<p><strong>ANALISI OSSERVATIVA e GRAFICO VALUTATIVA<br><\/strong>Nel documento vediamo la presenza di vari apparati sferici e un oggetto che a prima vista appare essere di dimensioni maggiori.<\/p>\n\n\n<div class=\"wp-block-image\">\n<figure class=\"aligncenter\"><a href=\"https:\/\/piergiorgiocaria.it\/wp-content\/uploads\/2024\/02\/3-Agglomerato-evidenziato-dalla-freccia-mod.jpg\"><img decoding=\"async\" src=\"https:\/\/piergiorgiocaria.it\/wp-content\/uploads\/2024\/02\/3-Agglomerato-evidenziato-dalla-freccia-mod.jpg\" alt=\"\" class=\"wp-image-13020\"\/><\/a><\/figure>\n<\/div>\n\n\n<p>Osservando meglio e visionando alcuni fotogrammi ingranditi e contrastati, questo oggetto in realt\u00e0 appare essere un insieme di vari altri oggetti sferici. Tale oggetto, o agglomerato, dimostra di possedere le classiche caratteristiche di un tipico \u201coggetto madre\u201d presente solitamente nelle note e propriamente dette \u201cflottillas di sfere volanti con convenzionali\u201d.<\/p>\n\n\n<div class=\"wp-block-image\">\n<figure class=\"aligncenter\"><a href=\"https:\/\/piergiorgiocaria.it\/wp-content\/uploads\/2024\/02\/4-Agglomerato-ZOOM-mod.jpg\"><img decoding=\"async\" src=\"https:\/\/piergiorgiocaria.it\/wp-content\/uploads\/2024\/02\/4-Agglomerato-ZOOM-mod-500x358.jpg\" alt=\"\" class=\"wp-image-13022\"\/><\/a><\/figure>\n<\/div>\n\n\n<p>Morfologia a parte, da tale oggetto infatti, secondo le osservazioni e le analisi effettuate, si evince che vengano espulsi degli oggetti sferici.<\/p>\n\n\n<div class=\"wp-block-image\">\n<figure class=\"aligncenter\"><a href=\"https:\/\/piergiorgiocaria.it\/wp-content\/uploads\/2024\/02\/5-Espulsione-sfera-mod.jpg\"><img decoding=\"async\" src=\"https:\/\/piergiorgiocaria.it\/wp-content\/uploads\/2024\/02\/5-Espulsione-sfera-mod-500x366.jpg\" alt=\"\" class=\"wp-image-13024\"\/><\/a><\/figure>\n<\/div>\n\n\n<p>Tra un oggetto e l\u2019altro inoltre \u00e8 visibile una specie di collegamento, probabilmente di una qualche natura energetica, o comunque non convenzionale, dato che se si trattasse di un semplice filo, questo non sarebbe visibile da tale altezza e lo avremmo riscontrato anche in tutti gli altri oggetti \u201csganciati\u201d. Tale collegamento possiede infatti un importante spessore.<\/p>\n\n\n<div class=\"wp-block-image\">\n<figure class=\"aligncenter\"><img decoding=\"async\" src=\"https:\/\/piergiorgiocaria.it\/wp-content\/uploads\/2024\/02\/6-Evidenza-collegamento-energetico-o-plasma.jpg\" alt=\"\" class=\"wp-image-13026\"\/><\/figure>\n<\/div>\n\n\n<p>Tutti gli oggetti dimostrano un\u2019interessante capacit\u00e0 di stabilizzarsi, nonostante a quella altezza ci siano correnti d\u2019aria molto forti che altrimenti determinerebbero un andamento particolarmente erratico di un qualsiasi oggetto privo di una propria forza propulsiva.<\/p>\n\n\n\n<p>Un classico palloncino in effetti, visto che per poter volare viene solitamente riempito con un gas meno denso dell\u2019aria, mostrerebbe, oltre ad un andamento erratico, anche un movimento oscillatorio, in quanto sarebbe in balia di una forza applicata nella direzione del vento. Inoltre, considerata anche la classica forma \u201ca pera\u201d assunta da molti palloncini, si verificherebbe forzatamente un\u2019ulteriore maggiore instabilit\u00e0.<\/p>\n\n\n\n<p>Gli oggetti in esame comunque dimostrano di possedere una morfologia sferica e non a \u201cpera\u201d come i classici palloncini. Per di pi\u00f9 possiedono delle piccole ed insolite protuberanze.<\/p>\n\n\n<div class=\"wp-block-image\">\n<figure class=\"aligncenter\"><a href=\"https:\/\/piergiorgiocaria.it\/wp-content\/uploads\/2024\/02\/7-Evidenza-protuberanze-mod.jpg\"><img decoding=\"async\" src=\"https:\/\/piergiorgiocaria.it\/wp-content\/uploads\/2024\/02\/7-Evidenza-protuberanze-mod.jpg\" alt=\"\" class=\"wp-image-13027\"\/><\/a><\/figure>\n<\/div>\n\n\n<p>Inoltre, la loro superficie \u00e8 totalmente illuminata e la luminosit\u00e0 espressa non varia di intensit\u00e0. Un palloncino infatti mostra solitamente quei caratteristici \u201cbrillamenti\u201d dovuti dall\u2019interazione di una fonte luminosa esterna con una superficie riflettente come il lattice, la quale in balia delle correnti d\u2019aria oscilla e si sposta continuamente, esponendo diverse angolazioni della propria superficie, le quali non possono avere uno stesso potere riflettente. Date le caratteristiche espresse invece, gli oggetti in esame sembrerebbero dimostrare di emettere una propria fonte luminosa, o comunque un potere di riflessione luminosa anomalo, caratteristiche comuni delle classiche sfere di luce o plasma, come solitamente si \u00e8 osservato nei vari video ritraenti delle \u201cflottillas\u201d di oggetti non convenzionali.<\/p>\n\n\n\n<div class=\"wp-block-group\"><div class=\"wp-block-group__inner-container is-layout-constrained wp-block-group-is-layout-constrained\">\n<p class=\"has-text-align-left\"><strong>COMMENTO GENERALE<br><\/strong>Purtroppo, data la non eccelsa qualit\u00e0 del video, non \u00e8 stato possibile eseguire ulteriori analisi maggiormente specifiche.<\/p>\n\n\n\n<p class=\"has-text-align-left\"><strong>CONCLUSIONE<br><\/strong>Dalle analisi, test ed osservazioni applicate risulta che il documento \u00e8 genuino. Inoltre non sono state rilevate alterazioni grafiche.<\/p>\n<\/div><\/div>\n\n\n\n<p>Sante Pagano<br>08 febbraio 2024<\/p>","protected":false},"excerpt":{"rendered":"<p>A cura di P.G. Caria Il 15 gennaio 2024 ho partecipato ad una diretta con Red Ronnie nel suo sempre frizzante programma&nbsp;\u201cLet\u2019s Spend Tonight Together\u201d&nbsp;(link al programma:&nbsp;https:\/\/www.youtube.com\/watch?v=OWNoUzgTrE4&amp;t=575s&nbsp;). In collegamento vi era anche Antonietta Filange che partecipava per commentare un suo video girato a Roma, in zona Borghesiana, il 13 gennaio 2024. Il video girato da [&hellip;]<\/p>\n","protected":false},"author":1,"featured_media":4014,"comment_status":"closed","ping_status":"closed","sticky":false,"template":"","format":"standard","meta":{"om_disable_all_campaigns":false,"_monsterinsights_skip_tracking":false,"_monsterinsights_sitenote_active":false,"_monsterinsights_sitenote_note":"","_monsterinsights_sitenote_category":0,"footnotes":""},"categories":[1,70],"tags":[],"class_list":["post-4008","post","type-post","status-publish","format-standard","has-post-thumbnail","hentry","category-senza-categoria","category-ufo-e-e-t"],"aioseo_notices":[],"_links":{"self":[{"href":"https:\/\/www.progettocoscienzacosmica.com\/it\/wp-json\/wp\/v2\/posts\/4008","targetHints":{"allow":["GET"]}}],"collection":[{"href":"https:\/\/www.progettocoscienzacosmica.com\/it\/wp-json\/wp\/v2\/posts"}],"about":[{"href":"https:\/\/www.progettocoscienzacosmica.com\/it\/wp-json\/wp\/v2\/types\/post"}],"author":[{"embeddable":true,"href":"https:\/\/www.progettocoscienzacosmica.com\/it\/wp-json\/wp\/v2\/users\/1"}],"replies":[{"embeddable":true,"href":"https:\/\/www.progettocoscienzacosmica.com\/it\/wp-json\/wp\/v2\/comments?post=4008"}],"version-history":[{"count":1,"href":"https:\/\/www.progettocoscienzacosmica.com\/it\/wp-json\/wp\/v2\/posts\/4008\/revisions"}],"predecessor-version":[{"id":4012,"href":"https:\/\/www.progettocoscienzacosmica.com\/it\/wp-json\/wp\/v2\/posts\/4008\/revisions\/4012"}],"wp:featuredmedia":[{"embeddable":true,"href":"https:\/\/www.progettocoscienzacosmica.com\/it\/wp-json\/wp\/v2\/media\/4014"}],"wp:attachment":[{"href":"https:\/\/www.progettocoscienzacosmica.com\/it\/wp-json\/wp\/v2\/media?parent=4008"}],"wp:term":[{"taxonomy":"category","embeddable":true,"href":"https:\/\/www.progettocoscienzacosmica.com\/it\/wp-json\/wp\/v2\/categories?post=4008"},{"taxonomy":"post_tag","embeddable":true,"href":"https:\/\/www.progettocoscienzacosmica.com\/it\/wp-json\/wp\/v2\/tags?post=4008"}],"curies":[{"name":"wp","href":"https:\/\/api.w.org\/{rel}","templated":true}]}}